{"id":2229,"date":"2026-08-02T14:21:08","date_gmt":"2026-08-02T13:21:08","guid":{"rendered":"https:\/\/www.laurensoff.com\/wordpress\/?p=2229"},"modified":"2026-08-02T14:21:08","modified_gmt":"2026-08-02T13:21:08","slug":"aioli-by-yves-pujol-en-concert-a-la-cadiere-dazur","status":"publish","type":"post","link":"https:\/\/www.laurensoff.com\/wordpress\/aioli-by-yves-pujol-en-concert-a-la-cadiere-dazur\/","title":{"rendered":"A\u00cfOLI by Yves Pujol en Concert \u00e0 La Cadi\u00e8re d&rsquo;Azur"},"content":{"rendered":"<p><span class=\"x1xsqp64 xiy17q3 x1o6pynw x19co3pv xdj266r xjn30re xat24cr x1hb08if x2b8uid\" data-testid=\"emoji\" data-emoji-size=\"16\"><span class=\"xexx8yu xcaqkgz x18d9i69 xbwkkl7 x3jgonx x1bhl96m\">\ud83c\udfa4<\/span><\/span><span class=\"x1xsqp64 xiy17q3 x1o6pynw x19co3pv xdj266r xjn30re xat24cr x1hb08if x2b8uid\" data-testid=\"emoji\" data-emoji-size=\"16\"><span class=\"xexx8yu xcaqkgz x18d9i69 xbwkkl7 x3jgonx x1bhl96m\">\u2764\ufe0f<\/span><\/span>A\u00cfOLI by <span class=\"xv78j7m\" spellcheck=\"false\">Yves Pujol<\/span> en #Concert \u00e0 <span class=\"xv78j7m\" spellcheck=\"false\">La Cadi\u00e8re d&rsquo;Azur<\/span> <span class=\"x1xsqp64 xiy17q3 x1o6pynw x19co3pv xdj266r xjn30re xat24cr x1hb08if x2b8uid\" data-testid=\"emoji\" data-emoji-size=\"16\"><span class=\"xexx8yu xcaqkgz x18d9i69 xbwkkl7 x3jgonx x1bhl96m\">\u2764\ufe0f<\/span><\/span><\/p>\n<p>Rires, musique, bonne humeur et une #ambiance Exceptionnelle. En pr\u00e9sence du maire de la Ville <span class=\"xv78j7m\" spellcheck=\"false\">Robert Deledda<\/span> Le groupe le plus connu internationalement dans le #Var nous a r\u00e9gal\u00e9 eh Ouaiii !!! BB<\/p>\n<p><iframe loading=\"lazy\" title=\"A\u00cfOLI en Concert \u00e0 La Cadi\u00e8re-d'Azur \u2764\ufe0f Rires, musique, bonne humeur et une ambiance Exceptionnelle.\" src=\"https:\/\/www.youtube.com\/embed\/GQENxSFrDGA\" width=\"640\" height=\"320\" frameborder=\"0\" allowfullscreen=\"allowfullscreen\"><\/iframe><\/p>\n<p>On vous attend d&rsquo;Urgence dans les autres villes internationales du Var !!! <span class=\"xv78j7m\" spellcheck=\"false\">#a\u00efoli<\/span> <span class=\"xv78j7m\" spellcheck=\"false\">#international<\/span> <span class=\"xv78j7m\" spellcheck=\"false\">#top<\/span> <span class=\"xv78j7m\" spellcheck=\"false\">#viral<\/span><\/p>\n","protected":false},"excerpt":{"rendered":"<p>\ud83c\udfa4\u2764\ufe0fA\u00cfOLI by Yves Pujol en #Concert \u00e0 La Cadi\u00e8re d&rsquo;Azur \u2764\ufe0f Rires, musique, bonne humeur&#8230;<\/p>\n","protected":false},"author":1,"featured_media":2230,"comment_status":"open","ping_status":"closed","sticky":false,"template":"","format":"standard","meta":{"_jetpack_newsletter_access":"","_jetpack_dont_email_post_to_subs":false,"_jetpack_newsletter_tier_id":0,"_jetpack_memberships_contains_paywalled_content":false,"_jetpack_feature_clip_id":0,"_jetpack_memberships_contains_paid_content":false,"footnotes":"","jetpack_publicize_message":"","jetpack_publicize_feature_enabled":true,"jetpack_social_post_already_shared":true,"jetpack_social_options":{"image_generator_settings":{"template":"highway","default_image_id":0,"font":"","enabled":false},"version":2},"jetpack_post_was_ever_published":false},"categories":[741,344,993,978,1072],"tags":[1073,566,1075,545,91,274,1074],"class_list":["post-2229","post","type-post","status-publish","format-standard","has-post-thumbnail","hentry","category-741","category-artiste","category-concert-agenda","category-vacances","category-var-agenda","tag-aioli","tag-departement-du-var","tag-la-cadiere-dazur","tag-live","tag-musique","tag-var","tag-yves-pujol"],"jetpack_publicize_connections":[],"jetpack_sharing_enabled":true,"jetpack_featured_media_url":"https:\/\/www.laurensoff.com\/wordpress\/wp-content\/uploads\/2026\/08\/aio.jpg","_links":{"self":[{"href":"https:\/\/www.laurensoff.com\/wordpress\/wp-json\/wp\/v2\/posts\/2229","targetHints":{"allow":["GET"]}}],"collection":[{"href":"https:\/\/www.laurensoff.com\/wordpress\/wp-json\/wp\/v2\/posts"}],"about":[{"href":"https:\/\/www.laurensoff.com\/wordpress\/wp-json\/wp\/v2\/types\/post"}],"author":[{"embeddable":true,"href":"https:\/\/www.laurensoff.com\/wordpress\/wp-json\/wp\/v2\/users\/1"}],"replies":[{"embeddable":true,"href":"https:\/\/www.laurensoff.com\/wordpress\/wp-json\/wp\/v2\/comments?post=2229"}],"version-history":[{"count":1,"href":"https:\/\/www.laurensoff.com\/wordpress\/wp-json\/wp\/v2\/posts\/2229\/revisions"}],"predecessor-version":[{"id":2231,"href":"https:\/\/www.laurensoff.com\/wordpress\/wp-json\/wp\/v2\/posts\/2229\/revisions\/2231"}],"wp:featuredmedia":[{"embeddable":true,"href":"https:\/\/www.laurensoff.com\/wordpress\/wp-json\/wp\/v2\/media\/2230"}],"wp:attachment":[{"href":"https:\/\/www.laurensoff.com\/wordpress\/wp-json\/wp\/v2\/media?parent=2229"}],"wp:term":[{"taxonomy":"category","embeddable":true,"href":"https:\/\/www.laurensoff.com\/wordpress\/wp-json\/wp\/v2\/categories?post=2229"},{"taxonomy":"post_tag","embeddable":true,"href":"https:\/\/www.laurensoff.com\/wordpress\/wp-json\/wp\/v2\/tags?post=2229"}],"curies":[{"name":"wp","href":"https:\/\/api.w.org\/{rel}","templated":true}]}}