{"id":2215,"date":"2026-08-01T15:14:40","date_gmt":"2026-08-01T14:14:40","guid":{"rendered":"https:\/\/www.laurensoff.com\/wordpress\/?p=2215"},"modified":"2026-08-26T22:29:46","modified_gmt":"2026-08-26T21:29:46","slug":"qui-est-juan-branco-soutenu-par-des-milliers-de-sympathisants","status":"publish","type":"post","link":"https:\/\/www.laurensoff.com\/wordpress\/qui-est-juan-branco-soutenu-par-des-milliers-de-sympathisants\/","title":{"rendered":"\ud83d\udc1dQui est l\u2019avocat Juan Branco, soutenu par des milliers de sympathisants ? \ud83d\udc1druches.org"},"content":{"rendered":"<p><span style=\"text-decoration: underline;\">U<\/span>ne alternative \u00e0 tous les partis politiques aujourd\u2019hui en liste pour 2027 en #France et sauvera t&rsquo;il la #culture ? aussi&#8230;<\/p>\n<p><a href=\"https:\/\/www.facebook.com\/reel\/982463554827920\">https:\/\/www.facebook.com\/reel\/982463554827920<\/a><\/p>\n<p>il y a \ud83d\udc1d<strong>Juan Branco<\/strong>, peu m\u00e9diatis\u00e9 officiellement mais soutenu par des milliers de sympathisants<\/p>\n<p>il est n\u00e9 le 26 ao\u00fbt 1989 \u00e0 Estepona, est un avocat, essayiste et r\u00e9alisateur franco-espagnol. \u00c9tudiant, il s&rsquo;oppose \u00e0 la loi #Hadopi et s&rsquo;engage en politique, d&rsquo;abord aupr\u00e8s de Dominique de Villepin puis au sein du parti politique Les Verts.<\/p>\n<p><a href=\"https:\/\/juan-branco.fr\/\">https:\/\/juan-branco.fr\/<\/a><br \/>\n<iframe loading=\"lazy\" title=\"Juan Branco \u00e0 C\u00e9ret, au temps des cerises (et avec la casquette)\" src=\"https:\/\/www.youtube.com\/embed\/C5afq3AoFVA\" width=\"1195\" height=\"672\" frameborder=\"0\" allowfullscreen=\"allowfullscreen\"><\/iframe><\/p>\n<div dir=\"auto\">\n<div id=\"content\" class=\"style-scope ytd-engagement-panel-section-list-renderer\">\n<div id=\"contents\" class=\"style-scope ytd-section-list-renderer\">\n<div id=\"contents\" class=\" style-scope ytd-item-section-renderer style-scope ytd-item-section-renderer\">\n<div id=\"about-container\" class=\"style-scope ytd-about-channel-renderer\">\n<div id=\"links-section\" class=\"style-scope ytd-about-channel-renderer\">\n<div id=\"link-list-container\" class=\"style-scope ytd-about-channel-renderer\">\n<div class=\"ytChannelExternalLinkViewModelContainer\">\n<h3 data-path-to-node=\"2\">1. Contexte international et \u00e9v\u00e9nements \u00e0 Ceuta (0:00 \u2013 6:21)<\/h3>\n<ul data-path-to-node=\"3\">\n<li>\n<p data-path-to-node=\"3,0,0\"><b data-path-to-node=\"3,0,0\" data-index-in-node=\"0\">La situation transfrontali\u00e8re :<\/b> L&rsquo;orateur revient sur la crise migratoire survenue \u00e0 Ceuta, enclave espagnole en Afrique du Nord, o\u00f9 50 000 personnes ont franchi la fronti\u00e8re suite \u00e0 une ouverture d\u00e9lib\u00e9r\u00e9e des postes par les autorit\u00e9s marocaines.<\/p>\n<\/li>\n<li>\n<p data-path-to-node=\"3,1,0\"><b data-path-to-node=\"3,1,0\" data-index-in-node=\"0\">Critique des politiques internationales :<\/b><\/p>\n<ul data-path-to-node=\"3,1,1\">\n<li>\n<p data-path-to-node=\"3,1,1,0,0\">Il soutient que le gouvernement espagnol (dirig\u00e9 par Pedro S\u00e1nchez) a \u00e9t\u00e9 cibl\u00e9 en raison de ses prises de position (opposition \u00e0 une intervention en Iran, critiques de l&rsquo;action isra\u00e9lienne \u00e0 Gaza et refus d&rsquo;utiliser la base militaire de Rota).<\/p>\n<\/li>\n<li>\n<p data-path-to-node=\"3,1,1,1,0\">Il d\u00e9nonce l&rsquo;attitude des dirigeants occidentaux et des figures politiques fran\u00e7aises et internationales (Emmanuel Macron, Donald Trump, JD Vance, Itamar Ben-Gvir) face \u00e0 cette crise.<\/p>\n<\/li>\n<li>\n<p data-path-to-node=\"3,1,1,2,0\">Il critique s\u00e9v\u00e8rement la monarchie marocaine (alliances g\u00e9opolitiques, affaires d&rsquo;espionnage avec le logiciel Pegasus).<\/p>\n<\/li>\n<\/ul>\n<\/li>\n<li>\n<p data-path-to-node=\"3,2,0\"><b data-path-to-node=\"3,2,0\" data-index-in-node=\"0\">Analyse de l&rsquo;espace Schengen :<\/b> Il souligne que Ceuta ne permet pas un acc\u00e8s direct et libre au reste de l&rsquo;espace Schengen (des contr\u00f4les d&rsquo;identit\u00e9 stricts \u00e9tant appliqu\u00e9s pour rejoindre le continent), affirmant que cet \u00e9v\u00e9nement a \u00e9t\u00e9 instrumentalis\u00e9 \u00e0 des fins de communication politique.<\/p>\n<\/li>\n<\/ul>\n<h3 data-path-to-node=\"5\">2. Analyse du paysage politique fran\u00e7ais et des \u00e9ch\u00e9ances de 2027 (6:21 \u2013 7:08)<\/h3>\n<ul data-path-to-node=\"6\">\n<li>\n<p data-path-to-node=\"6,0,0\"><b data-path-to-node=\"6,0,0\" data-index-in-node=\"0\">Soumission et d\u00e9stabilisation :<\/b> L&rsquo;orateur affirme que la politique fran\u00e7aise souffre d&rsquo;une soumission aux influences \u00e9trang\u00e8res et d&rsquo;une perte d&rsquo;autonomie des responsables politiques.<\/p>\n<\/li>\n<li>\n<p data-path-to-node=\"6,1,0\"><b data-path-to-node=\"6,1,0\" data-index-in-node=\"0\">\u00c9ch\u00e9ances \u00e9lectorales :<\/b> Il avertit contre les risques qu&rsquo;impliquerait l&rsquo;accession au pouvoir de figures qu&rsquo;il estime incomp\u00e9tentes ou compromises lors des prochaines \u00e9lections pr\u00e9sidentielles.<\/p>\n<\/li>\n<\/ul>\n<h3 data-path-to-node=\"8\">3. Criminalit\u00e9, blanchiment et failles s\u00e9curitaires (7:08 \u2013 13:34)<\/h3>\n<ul data-path-to-node=\"9\">\n<li>\n<p data-path-to-node=\"9,0,0\"><b data-path-to-node=\"9,0,0\" data-index-in-node=\"0\">Impact du narcotrafic :<\/b> Il aborde l&rsquo;expansion du trafic de stup\u00e9fiants et son r\u00f4le dans la prise de contr\u00f4le de territoires ou l&rsquo;exercice de pressions sur des figures publiques et des institutions (mention des menaces contre le maire d&rsquo;Al\u00e8s ou le rappeur Jul \u00e0 Marseille).<\/p>\n<\/li>\n<li>\n<p data-path-to-node=\"9,1,0\"><b data-path-to-node=\"9,1,0\" data-index-in-node=\"0\">Affaire du piratage du minist\u00e8re de l&rsquo;Int\u00e9rieur :<\/b><\/p>\n<ul data-path-to-node=\"9,1,1\">\n<li>\n<p data-path-to-node=\"9,1,1,0,0\">Il affirme, sur la base de son exp\u00e9rience d&rsquo;avocat, que la fuite de donn\u00e9es n&rsquo;\u00e9tait pas l&rsquo;\u0153uvre d&rsquo;un adolescent isol\u00e9, mais d&rsquo;un groupe de hackers agissant pour le compte de r\u00e9seaux criminels (la DZ Mafia).<\/p>\n<\/li>\n<li>\n<p data-path-to-node=\"9,1,1,1,0\">Ce piratage aurait donn\u00e9 acc\u00e8s aux fichiers du Traitement d&rsquo;ant\u00e9c\u00e9dents judiciaires (TAJ), permettant de suivre l&rsquo;\u00e9tat des proc\u00e9dures p\u00e9nales en cours.<\/p>\n<\/li>\n<\/ul>\n<\/li>\n<li>\n<p data-path-to-node=\"9,2,0\"><b data-path-to-node=\"9,2,0\" data-index-in-node=\"0\">M\u00e9canismes financiers et cybercriminalit\u00e9 :<\/b> Il d\u00e9crit les m\u00e9thodes de blanchiment d&rsquo;argent (commerces de fa\u00e7ade dans des art\u00e8res co\u00fbteuses), les affaires d&rsquo;extorsion et de kidnappings visant les d\u00e9tenteurs de cryptomonnaies, ainsi que le climat d&rsquo;impunit\u00e9 instaur\u00e9 par ces r\u00e9seaux.<\/p>\n<\/li>\n<\/ul>\n<h3 data-path-to-node=\"11\">4. Exp\u00e9rience personnelle et proc\u00e9dure judiciaire (13:34 \u2013 18:39)<\/h3>\n<ul data-path-to-node=\"12\">\n<li>\n<p data-path-to-node=\"12,0,0\"><b data-path-to-node=\"12,0,0\" data-index-in-node=\"0\">Convocation \u00e0 la Brigade criminelle :<\/b> L&rsquo;orateur relate sa convocation par les services de police judiciaire d&rsquo;\u00e9lite suite \u00e0 un message publi\u00e9 sur les r\u00e9seaux sociaux visant Emmanuel Macron.<\/p>\n<\/li>\n<li>\n<p data-path-to-node=\"12,1,0\"><b data-path-to-node=\"12,1,0\" data-index-in-node=\"0\">Affaire Didier Lallement :<\/b> Il explique que ce tweet faisait suite \u00e0 des r\u00e9v\u00e9lations concernant la nomination de l&rsquo;ancien pr\u00e9fet de police Didier Lallement au Secr\u00e9tariat g\u00e9n\u00e9ral de la mer, puis comme charg\u00e9 de mission pour la coordination des services de l&rsquo;\u00c9tat en pr\u00e9vision de conflits arm\u00e9s.<\/p>\n<\/li>\n<li>\n<p data-path-to-node=\"12,2,0\"><b data-path-to-node=\"12,2,0\" data-index-in-node=\"0\">Critique des pr\u00e9paratifs militaires :<\/b> Il remet en question la logique des discours de pr\u00e9paration \u00e0 un conflit militaire d&rsquo;envergure, d\u00e9plorant l&rsquo;absence de d\u00e9bat d\u00e9mocratique sur ces choix strat\u00e9giques.<\/p>\n<\/li>\n<\/ul>\n<h3 data-path-to-node=\"14\">5. Critique de la classe politique et des \u00e9lites (18:39 \u2013 22:46)<\/h3>\n<ul data-path-to-node=\"15\">\n<li>\n<p data-path-to-node=\"15,0,0\"><b data-path-to-node=\"15,0,0\" data-index-in-node=\"0\">D\u00e9gradation des services publics :<\/b> Il pointe du doigt le d\u00e9clin des institutions r\u00e9publicaines et l&rsquo;incapacit\u00e9 de l&rsquo;\u00c9tat \u00e0 r\u00e9pondre aux besoins essentiels de la population.<\/p>\n<\/li>\n<li>\n<p data-path-to-node=\"15,1,0\"><b data-path-to-node=\"15,1,0\" data-index-in-node=\"0\">Parcours des responsables politiques :<\/b><\/p>\n<ul data-path-to-node=\"15,1,1\">\n<li>\n<p data-path-to-node=\"15,1,1,0,0\">Il remet en cause la l\u00e9gitimit\u00e9 et les qualifications de plusieurs figures politiques (S\u00e9bastien Lecornu, Gabriel Attal, Marl\u00e8ne Schiappa, Christophe Castaner), d\u00e9non\u00e7ant la hausse des profils n&rsquo;ayant exerc\u00e9 que des fonctions de conseillers ou de cabinets.<\/p>\n<\/li>\n<\/ul>\n<\/li>\n<li>\n<p data-path-to-node=\"15,2,0\"><b data-path-to-node=\"15,2,0\" data-index-in-node=\"0\">Engagement personnel :<\/b> L&rsquo;orateur rappelle ses actions et combats personnels : ses d\u00e9placements juridiques au S\u00e9n\u00e9gal, son r\u00f4le parmi les avocats intervenant aupr\u00e8s de la Cour p\u00e9nale internationale pour les victimes palestiniennes, ainsi que son accompagnement de lanceurs d&rsquo;alerte.<\/p>\n<\/li>\n<\/ul>\n<h3 data-path-to-node=\"17\">6. Le mouvement des Gilets Jaunes et la d\u00e9mocratie directe (22:46 \u2013 31:38)<\/h3>\n<ul data-path-to-node=\"18\">\n<li>\n<p data-path-to-node=\"18,0,0\"><b data-path-to-node=\"18,0,0\" data-index-in-node=\"0\">Sociologie du mouvement :<\/b> Il revient sur le mouvement des Gilets Jaunes, qu&rsquo;il qualifie de r\u00e9appropriation de la souverainet\u00e9 populaire, soutenu par une large partie de l&rsquo;opinion.<\/p>\n<\/li>\n<li>\n<p data-path-to-node=\"18,1,0\"><b data-path-to-node=\"18,1,0\" data-index-in-node=\"0\">Refus de la repr\u00e9sentation unique :<\/b> Il explique que la m\u00e9fiance envers les figures d&rsquo;incarnation individuelle a pr\u00e9muni le mouvement contre les r\u00e9cup\u00e9rations et les attaques cibl\u00e9es.<\/p>\n<\/li>\n<li>\n<p data-path-to-node=\"18,2,0\"><b data-path-to-node=\"18,2,0\" data-index-in-node=\"0\">Instruments institutionnels r\u00e9clam\u00e9s :<\/b><\/p>\n<ul data-path-to-node=\"18,2,1\">\n<li>\n<p data-path-to-node=\"18,2,1,0,0\"><b data-path-to-node=\"18,2,1,0,0\" data-index-in-node=\"0\">Le R\u00e9f\u00e9rendum d&rsquo;Initiative Citoyenne (RIC) :<\/b> N\u00e9cessit\u00e9 d&rsquo;un outil de d\u00e9mocratie directe inspir\u00e9 de la Suisse, permettant au peuple de proposer ou d&rsquo;abroger des lois sans passer par le filtre parlementaire.<\/p>\n<\/li>\n<li>\n<p data-path-to-node=\"18,2,1,1,0\"><b data-path-to-node=\"18,2,1,1,0\" data-index-in-node=\"0\">Le mandat imp\u00e9ratif et r\u00e9vocatoire :<\/b> Outil permettant aux citoyens de d\u00e9mettre un \u00e9lu ou d&rsquo;imposer une orientation politique pr\u00e9cise au cours d&rsquo;un mandat.<\/p>\n<\/li>\n<\/ul>\n<\/li>\n<li>\n<p data-path-to-node=\"18,3,0\"><b data-path-to-node=\"18,3,0\" data-index-in-node=\"0\">Critique des promesses non tenues :<\/b> Il d\u00e9nonce l&rsquo;inefficacit\u00e9 des dispositifs existants (comme le RIP) et les revirements opportunistes de certains responsables politiques (mention de l&rsquo;interview de Bruno Le Maire sur Thinkerview).<\/p>\n<\/li>\n<\/ul>\n<h3 data-path-to-node=\"20\">7. Pr\u00e9paration aux \u00e9volutions politiques et symboles (31:38 \u2013 37:33)<\/h3>\n<ul data-path-to-node=\"21\">\n<li>\n<p data-path-to-node=\"21,0,0\"><b data-path-to-node=\"21,0,0\" data-index-in-node=\"0\">Publications et th\u00e9orisation :<\/b> L&rsquo;orateur \u00e9voque ses ouvrages (<i data-path-to-node=\"21,0,0\" data-index-in-node=\"62\">Cr\u00e9puscule<\/i>, <i data-path-to-node=\"21,0,0\" data-index-in-node=\"74\">Abattre l&rsquo;ennemi<\/i>, <i data-path-to-node=\"21,0,0\" data-index-in-node=\"92\">Coup d&rsquo;\u00e9tat<\/i>) visant \u00e0 penser une rupture institutionnelle hors des canaux traditionnels qu&rsquo;il estime verrouill\u00e9s.<\/p>\n<\/li>\n<li>\n<p data-path-to-node=\"21,1,0\"><b data-path-to-node=\"21,1,0\" data-index-in-node=\"0\">L&rsquo;anecdote de la guillotine en bois :<\/b> Il raconte la fabrication d&rsquo;une r\u00e9plique en bois de 3 m\u00e8tres par des artisans lors d&rsquo;un rassemblement \u00e0 Saint-Malo, portant l&rsquo;inscription <i data-path-to-node=\"21,1,0\" data-index-in-node=\"176\">\u00ab\u00a0Ne tranchons pas, votons\u00a0\u00bb<\/i>, pour symboliser l&rsquo;imaginaire r\u00e9publicain et la r\u00e9appropriation du pouvoir de d\u00e9cision.<\/p>\n<\/li>\n<li>\n<p data-path-to-node=\"21,2,0\"><b data-path-to-node=\"21,2,0\" data-index-in-node=\"0\">Pr\u00e9dation \u00e9conomique et oligopoles :<\/b><\/p>\n<ul data-path-to-node=\"21,2,1\">\n<li>\n<p data-path-to-node=\"21,2,1,0,0\">Il critique les disparit\u00e9s de richesse \u00e0 travers l&rsquo;exemple des b\u00e9n\u00e9fices de la famille Saad\u00e9 (CMA CGM) durant la crise sanitaire.<\/p>\n<\/li>\n<li>\n<p data-path-to-node=\"21,2,1,1,0\">Il d\u00e9nonce l&rsquo;acquisition de m\u00e9dias par de grands groupes financiers comme moyen d&rsquo;influence et de verrouillage du d\u00e9bat public.<\/p>\n<\/li>\n<\/ul>\n<\/li>\n<\/ul>\n<h3 data-path-to-node=\"23\">8. Crise de l&rsquo;h\u00f4pital public et libert\u00e9s d&rsquo;expression (37:33 \u2013 48:11)<\/h3>\n<ul data-path-to-node=\"24\">\n<li>\n<p data-path-to-node=\"24,0,0\"><b data-path-to-node=\"24,0,0\" data-index-in-node=\"0\">D\u00e9serts m\u00e9dicaux et d\u00e9labrement du syst\u00e8me de sant\u00e9 :<\/b> Il aborde la p\u00e9nurie de professionnels de sant\u00e9, illustr\u00e9e par la difficult\u00e9 d&rsquo;acc\u00e8s aux soins de base (soins dentaires, urgences) et l&rsquo;abandon de certains territoires.<\/p>\n<\/li>\n<li>\n<p data-path-to-node=\"24,1,0\"><b data-path-to-node=\"24,1,0\" data-index-in-node=\"0\">Censure et acc\u00e8s aux salles :<\/b> Il explique les difficult\u00e9s rencontr\u00e9es pour organiser des conf\u00e9rences publiques, saluant l&rsquo;accueil accord\u00e9 par le cin\u00e9ma CGR de La Ciotat.<\/p>\n<\/li>\n<li>\n<p data-path-to-node=\"24,2,0\"><b data-path-to-node=\"24,2,0\" data-index-in-node=\"0\">Cons\u00e9quences sociales et psychologiques :<\/b><\/p>\n<ul data-path-to-node=\"24,2,1\">\n<li>\n<p data-path-to-node=\"24,2,1,0,0\">Il souligne la hausse dramatique des tentatives de suicide chez les jeunes femmes ces derni\u00e8res ann\u00e9es et l&rsquo;isolement croissant des citoyens.<\/p>\n<\/li>\n<li>\n<p data-path-to-node=\"24,2,1,1,0\">Il d\u00e9nonce les interdictions cibl\u00e9es (ex. annulation de bals de pompiers) justifi\u00e9es par la gestion de crise administrative.<\/p>\n<\/li>\n<\/ul>\n<\/li>\n<li>\n<p data-path-to-node=\"24,3,0\"><b data-path-to-node=\"24,3,0\" data-index-in-node=\"0\">Gestion des crises sanitaires :<\/b> Il analyse la mise en place du pass sanitaire comme un outil de division sociale ayant d\u00e9tourn\u00e9 la col\u00e8re populaire vers des affrontements intrapopulaires.<\/p>\n<\/li>\n<li>\n<p data-path-to-node=\"24,4,0\"><b data-path-to-node=\"24,4,0\" data-index-in-node=\"0\">Fabrique de l&rsquo;ennemi :<\/b> Il soutient que les autorit\u00e9s cr\u00e9ent et entretiennent la figure d&rsquo;un ennemi ext\u00e9rieur g\u00e9opolitique (la Russie) afin d&rsquo;\u00e9viter d&rsquo;affronter les crises internes et la contestation sociale.<\/p>\n<\/li>\n<\/ul>\n<h3 data-path-to-node=\"26\">9. Manipulations m\u00e9diatiques et affaires d&rsquo;\u00c9tat (48:11 \u2013 59:19)<\/h3>\n<ul data-path-to-node=\"27\">\n<li>\n<p data-path-to-node=\"27,0,0\"><b data-path-to-node=\"27,0,0\" data-index-in-node=\"0\">Communication et peopolisation :<\/b> Il analyse la fabrication des images publiques des personnalit\u00e9s politiques (r\u00e9seaux de communication, agences de presse people).<\/p>\n<\/li>\n<li>\n<p data-path-to-node=\"27,1,0\"><b data-path-to-node=\"27,1,0\" data-index-in-node=\"0\">L&rsquo;affaire des rumeurs touchant l&rsquo;\u00c9lys\u00e9e :<\/b><\/p>\n<ul data-path-to-node=\"27,1,1\">\n<li>\n<p data-path-to-node=\"27,1,1,0,0\">Il revient sur la gen\u00e8se des d\u00e9sinformations sur Internet visant le couple pr\u00e9sidentiel, expliquant que le manque de transparence initial a nourri les th\u00e9ories du complot.<\/p>\n<\/li>\n<li>\n<p data-path-to-node=\"27,1,1,1,0\">Il d\u00e9nonce la r\u00e9action disproportionn\u00e9e de l&rsquo;appareil judiciaire et policier contre de simples citoyens ou figures Internet (proc\u00e9dures p\u00e9nales, gardes \u00e0 vue, convocations pour des blagues sur les r\u00e9seaux).<\/p>\n<\/li>\n<\/ul>\n<\/li>\n<li>\n<p data-path-to-node=\"27,2,0\"><b data-path-to-node=\"27,2,0\" data-index-in-node=\"0\">D\u00e9rives au sein de l&rsquo;appareil d&rsquo;\u00c9tat :<\/b><\/p>\n<ul data-path-to-node=\"27,2,1\">\n<li>\n<p data-path-to-node=\"27,2,1,0,0\">Il critique le fonctionnement des cabinets minist\u00e9riels et des services de communication (r\u00e9f\u00e9rences aux portraits de conseillers de Gabriel Attal publi\u00e9s dans la presse).<\/p>\n<\/li>\n<li>\n<p data-path-to-node=\"27,2,1,1,0\">Il \u00e9voque la nomination de St\u00e9phane S\u00e9journ\u00e9 comme commissaire europ\u00e9en ou ministre des Affaires \u00e9trang\u00e8res, raillant les tentatives des services de communication pour masquer les lacunes d&rsquo;expression publique.<\/p>\n<\/li>\n<\/ul>\n<\/li>\n<li>\n<p data-path-to-node=\"27,3,0\"><b data-path-to-node=\"27,3,0\" data-index-in-node=\"0\">Strat\u00e9gie d&rsquo;inversion morale :<\/b> Il d\u00e9nonce l&rsquo;usage r\u00e9current de la victimisation et du maniement de la morale pour \u00e9touffer les critiques sur la gestion des finances publiques et l&rsquo;\u00e9tat des services fondamentaux.<\/p>\n<\/li>\n<\/ul>\n<h3 data-path-to-node=\"29\">10. Mod\u00e8le \u00e9conomique, souverainet\u00e9 et monopoles (59:19 \u2013 1:02:40)<\/h3>\n<ul data-path-to-node=\"30\">\n<li>\n<p data-path-to-node=\"30,0,0\"><b data-path-to-node=\"30,0,0\" data-index-in-node=\"0\">D\u00e9sindustrialisation :<\/b> Il rappelle la chute de la part de l&rsquo;industrie manufacturi\u00e8re dans le PIB fran\u00e7ais (pass\u00e9e de 20 % \u00e0 11 %), imposant une d\u00e9pendance accrue aux importations.<\/p>\n<\/li>\n<li>\n<p data-path-to-node=\"30,1,0\"><b data-path-to-node=\"30,1,0\" data-index-in-node=\"0\">Critique des politiques de subvention :<\/b> Il s&rsquo;oppose aux propositions \u00e9conomiques bas\u00e9es sur la simple distribution de subventions, estimant que ces liquidit\u00e9s finissent par quitter le circuit \u00e9conomique national faute de production locale.<\/p>\n<\/li>\n<li>\n<p data-path-to-node=\"30,2,0\"><b data-path-to-node=\"30,2,0\" data-index-in-node=\"0\">Cas des plateformes et monopoles (ex. Uber) :<\/b><\/p>\n<ul data-path-to-node=\"30,2,1\">\n<li>\n<p data-path-to-node=\"30,2,1,0,0\">Il critique la prise de march\u00e9 par des acteurs \u00e9trangers financ\u00e9s \u00e0 perte pour \u00e9liminer la concurrence locale (mouvement encourag\u00e9 selon lui lors des <i data-path-to-node=\"30,2,1,0,0\" data-index-in-node=\"150\">Uber Files<\/i>).<\/p>\n<\/li>\n<li>\n<p data-path-to-node=\"30,2,1,1,0\">Il d\u00e9nonce la fuite des capitaux vers l&rsquo;\u00e9tranger (commission pr\u00e9lev\u00e9e sur chaque course) alors qu&rsquo;un service similaire aurait pu \u00eatre d\u00e9velopp\u00e9 localement.<\/p>\n<\/li>\n<li>\n<p data-path-to-node=\"30,2,1,2,0\">Il rappelle les principes \u00e9conomiques concernant les monopoles naturels, affirmant que les infrastructures essentielles et services strat\u00e9giques (SNCF, A\u00e9roports de Paris) doivent rester sous contr\u00f4le public plut\u00f4t que d&rsquo;\u00eatre c\u00e9d\u00e9s au secteur priv\u00e9.<\/p>\n<\/li>\n<\/ul>\n<\/li>\n<\/ul>\n<\/div>\n<\/div>\n<\/div>\n<\/div>\n<\/div>\n<\/div>\n<\/div>\n<\/div>\n","protected":false},"excerpt":{"rendered":"<p>Une alternative \u00e0 tous les partis politiques aujourd\u2019hui en liste pour 2027 en #France et&#8230;<\/p>\n","protected":false},"author":1,"featured_media":2344,"comment_status":"open","ping_status":"closed","sticky":false,"template":"","format":"standard","meta":{"_jetpack_newsletter_access":"","_jetpack_dont_email_post_to_subs":false,"_jetpack_newsletter_tier_id":0,"_jetpack_memberships_contains_paywalled_content":false,"_jetpack_feature_clip_id":0,"_jetpack_memberships_contains_paid_content":false,"footnotes":"","jetpack_publicize_message":"","jetpack_publicize_feature_enabled":true,"jetpack_social_post_already_shared":true,"jetpack_social_options":{"image_generator_settings":{"template":"highway","default_image_id":0,"font":"","enabled":false},"version":2},"jetpack_post_was_ever_published":false},"categories":[1067,1066,1068],"tags":[1145,1071,1070,1069],"class_list":["post-2215","post","type-post","status-publish","format-standard","has-post-thumbnail","hentry","category-avocat","category-juan-branco","category-politique-metiers","tag-juan-branco","tag-la-methode-branco","tag-libertaire-et-revolutionnaire","tag-rapport-au-rn"],"jetpack_publicize_connections":[],"jetpack_sharing_enabled":true,"jetpack_featured_media_url":"https:\/\/www.laurensoff.com\/wordpress\/wp-content\/uploads\/2026\/08\/000_1GM8H4.webp","_links":{"self":[{"href":"https:\/\/www.laurensoff.com\/wordpress\/wp-json\/wp\/v2\/posts\/2215","targetHints":{"allow":["GET"]}}],"collection":[{"href":"https:\/\/www.laurensoff.com\/wordpress\/wp-json\/wp\/v2\/posts"}],"about":[{"href":"https:\/\/www.laurensoff.com\/wordpress\/wp-json\/wp\/v2\/types\/post"}],"author":[{"embeddable":true,"href":"https:\/\/www.laurensoff.com\/wordpress\/wp-json\/wp\/v2\/users\/1"}],"replies":[{"embeddable":true,"href":"https:\/\/www.laurensoff.com\/wordpress\/wp-json\/wp\/v2\/comments?post=2215"}],"version-history":[{"count":20,"href":"https:\/\/www.laurensoff.com\/wordpress\/wp-json\/wp\/v2\/posts\/2215\/revisions"}],"predecessor-version":[{"id":2678,"href":"https:\/\/www.laurensoff.com\/wordpress\/wp-json\/wp\/v2\/posts\/2215\/revisions\/2678"}],"wp:featuredmedia":[{"embeddable":true,"href":"https:\/\/www.laurensoff.com\/wordpress\/wp-json\/wp\/v2\/media\/2344"}],"wp:attachment":[{"href":"https:\/\/www.laurensoff.com\/wordpress\/wp-json\/wp\/v2\/media?parent=2215"}],"wp:term":[{"taxonomy":"category","embeddable":true,"href":"https:\/\/www.laurensoff.com\/wordpress\/wp-json\/wp\/v2\/categories?post=2215"},{"taxonomy":"post_tag","embeddable":true,"href":"https:\/\/www.laurensoff.com\/wordpress\/wp-json\/wp\/v2\/tags?post=2215"}],"curies":[{"name":"wp","href":"https:\/\/api.w.org\/{rel}","templated":true}]}}