{"id":2206,"date":"2026-08-01T12:27:56","date_gmt":"2026-08-01T11:27:56","guid":{"rendered":"https:\/\/www.laurensoff.com\/wordpress\/?p=2206"},"modified":"2026-08-01T12:27:56","modified_gmt":"2026-08-01T11:27:56","slug":"2eme-vague-une-reprise-virulente-du-feu-sest-operee-depuis-le-secteur-ouest-de-correns","status":"publish","type":"post","link":"https:\/\/www.laurensoff.com\/wordpress\/2eme-vague-une-reprise-virulente-du-feu-sest-operee-depuis-le-secteur-ouest-de-correns\/","title":{"rendered":"2eme vague Une reprise virulente du feu s&rsquo;est op\u00e9r\u00e9e depuis le secteur ouest de Correns."},"content":{"rendered":"<p id=\"p-rc_4cee9c7dc3844d2e-44\" data-path-to-node=\"0\"><span class=\"citation-80\">Une <\/span><b data-path-to-node=\"0\" data-index-in-node=\"57\"><span class=\"citation-80\">reprise virulente du feu s&rsquo;est op\u00e9r\u00e9e depuis le secteur ouest de Correns<\/span><\/b><span class=\"citation-80 citation-end-80\">.<\/span><\/p>\n<p data-path-to-node=\"1\">Voici les informations r\u00e9actualis\u00e9es par la pr\u00e9fecture et les secours en ce <b data-path-to-node=\"1\" data-index-in-node=\"76\">samedi 1er ao\u00fbt au matin<\/b> :<\/p>\n<h2 data-path-to-node=\"3\">1. Situation sur le terrain<\/h2>\n<ul data-path-to-node=\"4\">\n<li>\n<p id=\"p-rc_4cee9c7dc3844d2e-45\" data-path-to-node=\"4,0,0\"><b data-path-to-node=\"4,0,0\" data-index-in-node=\"0\"><span class=\"citation-79 citation-end-79\">Reprise du feu \u00e0 Correns :<\/span><\/b> Attis\u00e9e par des rafales de mistral violent et des temp\u00e9ratures fr\u00f4lant les 40 \u00b0C, une importante reprise s&rsquo;est d\u00e9clar\u00e9e \u00e0 l&rsquo;ouest de Correns. Le feu a g\u00e9n\u00e9r\u00e9 de nombreuses sautes d&rsquo;impulsions.<\/p>\n<\/li>\n<li>\n<p data-path-to-node=\"4,1,0\"><b data-path-to-node=\"4,1,0\" data-index-in-node=\"0\">Nouveaux d\u00e9g\u00e2ts :<\/b> La surface totale parcourue a bondi pour d\u00e9passer les <b data-path-to-node=\"4,1,0\" data-index-in-node=\"72\">6 000 hectares<\/b> (avec plus de 1 250 hectares br\u00fbl\u00e9s sur cette seule reprise).<\/p>\n<\/li>\n<li>\n<p id=\"p-rc_4cee9c7dc3844d2e-46\" data-path-to-node=\"4,2,0\"><b data-path-to-node=\"4,2,0\" data-index-in-node=\"0\"><span class=\"citation-78 citation-end-78\">\u00c9vacuations :<\/span><\/b> De nouvelles \u00e9vacuations pr\u00e9ventives ont \u00e9t\u00e9 ordonn\u00e9es en urgence d\u00e8s hier soir \u00e0 Correns, ciblant plusieurs quartiers ainsi qu&rsquo;un camping.<\/p>\n<\/li>\n<\/ul>\n<h2 data-path-to-node=\"6\">2. Moyens d\u00e9ploy\u00e9s<\/h2>\n<p id=\"p-rc_4cee9c7dc3844d2e-47\" data-path-to-node=\"7\"><span class=\"citation-77 citation-end-77\">Les secours ont massivement renforc\u00e9 le dispositif :<\/span><\/p>\n<ul data-path-to-node=\"8\">\n<li>\n<p id=\"p-rc_4cee9c7dc3844d2e-48\" data-path-to-node=\"8,0,0\"><b data-path-to-node=\"8,0,0\" data-index-in-node=\"0\"><span class=\"citation-76 citation-end-76\">1 500 sapeurs-pompiers<\/span><\/b> <span class=\"citation-75 citation-end-75\">sont actuellement \u00e0 pied d&rsquo;\u0153uvre dans des conditions extr\u00eamement p\u00e9nibles.<\/span><\/p>\n<\/li>\n<li>\n<p id=\"p-rc_4cee9c7dc3844d2e-49\" data-path-to-node=\"8,1,0\"><b data-path-to-node=\"8,1,0\" data-index-in-node=\"0\"><span class=\"citation-74 citation-end-74\">Moyens a\u00e9riens :<\/span><\/b> 4 Canadairs, 2 avions Dash et 5 h\u00e9licopt\u00e8res bombardiers d&rsquo;eau (dont des renforts europ\u00e9ens et des Arm\u00e9es) effectuent des rotations continues.<\/p>\n<\/li>\n<\/ul>\n<h2 data-path-to-node=\"10\">3. Consignes &amp; S\u00e9curit\u00e9<\/h2>\n<ul data-path-to-node=\"11\">\n<li>\n<p id=\"p-rc_4cee9c7dc3844d2e-50\" data-path-to-node=\"11,0,0\"><b data-path-to-node=\"11,0,0\" data-index-in-node=\"0\"><span class=\"citation-73 citation-end-73\">Fermeture int\u00e9grale des massifs :<\/span><\/b> <span class=\"citation-72\">Le pr\u00e9fet du Var a class\u00e9 les massifs en risque extr\u00eame et interdit l&rsquo;acc\u00e8s \u00e0 <\/span><b data-path-to-node=\"11,0,0\" data-index-in-node=\"112\"><span class=\"citation-72\">tous les massifs forestiers du Var<\/span><\/b><span class=\"citation-72 citation-end-72\"> jusqu&rsquo;au lundi 3 ao\u00fbt.<\/span><\/p>\n<\/li>\n<li>\n<p data-path-to-node=\"11,1,0\"><b data-path-to-node=\"11,1,0\" data-index-in-node=\"0\">Circulation :<\/b> \u00c9vitez absolument le secteur (notamment autour de Correns, Ch\u00e2teauvert et Montfort-sur-Argens) pour laisser la priorit\u00e9 aux v\u00e9hicules de secours.<\/p>\n<\/li>\n<\/ul>\n","protected":false},"excerpt":{"rendered":"<p>Une reprise virulente du feu s&rsquo;est op\u00e9r\u00e9e depuis le secteur ouest de Correns. Voici les&#8230;<\/p>\n","protected":false},"author":1,"featured_media":2207,"comment_status":"open","ping_status":"closed","sticky":false,"template":"","format":"standard","meta":{"_jetpack_newsletter_access":"","_jetpack_dont_email_post_to_subs":false,"_jetpack_newsletter_tier_id":0,"_jetpack_memberships_contains_paywalled_content":false,"_jetpack_feature_clip_id":0,"_jetpack_memberships_contains_paid_content":false,"footnotes":"","jetpack_publicize_message":"","jetpack_publicize_feature_enabled":true,"jetpack_social_post_already_shared":true,"jetpack_social_options":{"image_generator_settings":{"template":"highway","default_image_id":0,"font":"","enabled":false},"version":2},"jetpack_post_was_ever_published":false},"categories":[741,1051,1046,1048,1050,1039,998],"tags":[],"class_list":["post-2206","post","type-post","status-publish","format-standard","has-post-thumbnail","hentry","category-741","category-correns","category-gros-bessillon","category-incendie","category-solidarite","category--de-foret","category--incendie-feu-drame"],"jetpack_publicize_connections":[],"jetpack_sharing_enabled":true,"jetpack_featured_media_url":"https:\/\/www.laurensoff.com\/wordpress\/wp-content\/uploads\/2026\/08\/760826505_1067308652397570_3610382423244874663_n.jpg","_links":{"self":[{"href":"https:\/\/www.laurensoff.com\/wordpress\/wp-json\/wp\/v2\/posts\/2206","targetHints":{"allow":["GET"]}}],"collection":[{"href":"https:\/\/www.laurensoff.com\/wordpress\/wp-json\/wp\/v2\/posts"}],"about":[{"href":"https:\/\/www.laurensoff.com\/wordpress\/wp-json\/wp\/v2\/types\/post"}],"author":[{"embeddable":true,"href":"https:\/\/www.laurensoff.com\/wordpress\/wp-json\/wp\/v2\/users\/1"}],"replies":[{"embeddable":true,"href":"https:\/\/www.laurensoff.com\/wordpress\/wp-json\/wp\/v2\/comments?post=2206"}],"version-history":[{"count":1,"href":"https:\/\/www.laurensoff.com\/wordpress\/wp-json\/wp\/v2\/posts\/2206\/revisions"}],"predecessor-version":[{"id":2208,"href":"https:\/\/www.laurensoff.com\/wordpress\/wp-json\/wp\/v2\/posts\/2206\/revisions\/2208"}],"wp:featuredmedia":[{"embeddable":true,"href":"https:\/\/www.laurensoff.com\/wordpress\/wp-json\/wp\/v2\/media\/2207"}],"wp:attachment":[{"href":"https:\/\/www.laurensoff.com\/wordpress\/wp-json\/wp\/v2\/media?parent=2206"}],"wp:term":[{"taxonomy":"category","embeddable":true,"href":"https:\/\/www.laurensoff.com\/wordpress\/wp-json\/wp\/v2\/categories?post=2206"},{"taxonomy":"post_tag","embeddable":true,"href":"https:\/\/www.laurensoff.com\/wordpress\/wp-json\/wp\/v2\/tags?post=2206"}],"curies":[{"name":"wp","href":"https:\/\/api.w.org\/{rel}","templated":true}]}}