{"id":2194,"date":"2026-07-30T22:33:37","date_gmt":"2026-07-30T21:33:37","guid":{"rendered":"https:\/\/www.laurensoff.com\/wordpress\/?p=2194"},"modified":"2026-07-30T22:33:37","modified_gmt":"2026-07-30T21:33:37","slug":"chateau-de-neuschwanstein-allemagne","status":"publish","type":"post","link":"https:\/\/www.laurensoff.com\/wordpress\/chateau-de-neuschwanstein-allemagne\/","title":{"rendered":"Ch\u00e2teau de Neuschwanstein, Allemagne"},"content":{"rendered":"<div class=\"btsl-heading-row\">\n<div id=\"btsl-heading-text\" class=\"btsl-heading btsl-heading-text\">\n<div id=\"heading-url\" class=\"heading-url\" role=\"navigation\"><strong>Ch\u00e2teau de Neuschwanstein<\/strong>, Allemagne<\/div>\n<div class=\"btsl-heading-icon\" role=\"navigation\"><span class=\"btsl-description\" tabindex=\"0\" role=\"complementary\">Vous avez d\u00e9j\u00e0 ressenti le besoin de fuir toute cette agitation et de vous retirer dans un endroit calme \u00e0 la campagne ? C\u2019est exactement ce qu\u2019\u00e9prouva le roi <strong>Louis\u00a0II de Bavi\u00e8re<\/strong>. La construction d\u2019un ch\u00e2teau fut donc lanc\u00e9e en\u00a01869, suffisamment loin de Munich pour convenir \u00e0 ce roi reclus. Louis voulait vivre comme un chevalier du Moyen \u00c2ge, ce qui explique pourquoi le ch\u00e2teau de Neuschwanstein fut b\u00e2ti (sur pr\u00e8s de vingt\u00a0ans\u00a0!) dans le style <strong>n\u00e9o-roman.<\/strong> De nombreuses tours gothiques et des int\u00e9rieurs d\u2019inspiration byzantine furent \u00e9galement ajout\u00e9s pour faire bonne mesure. Le roi Louis ne passa toutefois que peu de temps dans sa fantasque cr\u00e9ation avant que le gouvernement bavarois ne le renverse et ne l\u2019\u00e9loigne de force de son ch\u00e2teau de conte de f\u00e9es, haut perch\u00e9 dans les contreforts des <strong>Alpes bavaroises<\/strong><\/span><\/div>\n<\/div>\n<\/div>\n","protected":false},"excerpt":{"rendered":"<p>Ch\u00e2teau de Neuschwanstein, Allemagne Vous avez d\u00e9j\u00e0 ressenti le besoin de fuir toute cette agitation&#8230;<\/p>\n","protected":false},"author":1,"featured_media":2195,"comment_status":"open","ping_status":"closed","sticky":false,"template":"","format":"standard","meta":{"_jetpack_newsletter_access":"","_jetpack_dont_email_post_to_subs":false,"_jetpack_newsletter_tier_id":0,"_jetpack_memberships_contains_paywalled_content":false,"_jetpack_feature_clip_id":0,"_jetpack_memberships_contains_paid_content":false,"footnotes":"","jetpack_publicize_message":"","jetpack_publicize_feature_enabled":true,"jetpack_social_post_already_shared":true,"jetpack_social_options":{"image_generator_settings":{"template":"highway","default_image_id":0,"font":"","enabled":false},"version":2},"jetpack_post_was_ever_published":false},"categories":[1060,1059,29,1058,483],"tags":[1064,1062,1063,1061],"class_list":["post-2194","post","type-post","status-publish","format-standard","has-post-thumbnail","hentry","category-allemagne","category-alpes-bavaroises","category-architecture","category-chateaux-du-monde","category-documentaire","tag-alpes-bavaroises","tag-chateau","tag-chateau-de-neuschwanstein","tag-louis-ii-de-baviere"],"jetpack_publicize_connections":[],"jetpack_sharing_enabled":true,"jetpack_featured_media_url":"https:\/\/www.laurensoff.com\/wordpress\/wp-content\/uploads\/2026\/07\/Capture-decran-2026-07-30-232931-e1785447171226.png","_links":{"self":[{"href":"https:\/\/www.laurensoff.com\/wordpress\/wp-json\/wp\/v2\/posts\/2194","targetHints":{"allow":["GET"]}}],"collection":[{"href":"https:\/\/www.laurensoff.com\/wordpress\/wp-json\/wp\/v2\/posts"}],"about":[{"href":"https:\/\/www.laurensoff.com\/wordpress\/wp-json\/wp\/v2\/types\/post"}],"author":[{"embeddable":true,"href":"https:\/\/www.laurensoff.com\/wordpress\/wp-json\/wp\/v2\/users\/1"}],"replies":[{"embeddable":true,"href":"https:\/\/www.laurensoff.com\/wordpress\/wp-json\/wp\/v2\/comments?post=2194"}],"version-history":[{"count":1,"href":"https:\/\/www.laurensoff.com\/wordpress\/wp-json\/wp\/v2\/posts\/2194\/revisions"}],"predecessor-version":[{"id":2196,"href":"https:\/\/www.laurensoff.com\/wordpress\/wp-json\/wp\/v2\/posts\/2194\/revisions\/2196"}],"wp:featuredmedia":[{"embeddable":true,"href":"https:\/\/www.laurensoff.com\/wordpress\/wp-json\/wp\/v2\/media\/2195"}],"wp:attachment":[{"href":"https:\/\/www.laurensoff.com\/wordpress\/wp-json\/wp\/v2\/media?parent=2194"}],"wp:term":[{"taxonomy":"category","embeddable":true,"href":"https:\/\/www.laurensoff.com\/wordpress\/wp-json\/wp\/v2\/categories?post=2194"},{"taxonomy":"post_tag","embeddable":true,"href":"https:\/\/www.laurensoff.com\/wordpress\/wp-json\/wp\/v2\/tags?post=2194"}],"curies":[{"name":"wp","href":"https:\/\/api.w.org\/{rel}","templated":true}]}}