{"id":2186,"date":"2026-07-30T12:44:55","date_gmt":"2026-07-30T11:44:55","guid":{"rendered":"https:\/\/www.laurensoff.com\/wordpress\/?p=2186"},"modified":"2026-07-30T12:44:55","modified_gmt":"2026-07-30T11:44:55","slug":"solidarite-ville-de-saint-cyr-sur-mer-a-lespace-provence-des-le-jeudi-30-juillet","status":"publish","type":"post","link":"https:\/\/www.laurensoff.com\/wordpress\/solidarite-ville-de-saint-cyr-sur-mer-a-lespace-provence-des-le-jeudi-30-juillet\/","title":{"rendered":"SOLIDARITE Ville de Saint-Cyr-sur-Mer \u00e0 l&rsquo;Espace Provence, d\u00e8s le jeudi 30 juillet"},"content":{"rendered":"<div class=\"xdj266r x14z9mp xat24cr x1lziwak x1vvkbs x126k92a\">\n<div dir=\"auto\">{SOLIDARITE}<\/div>\n<div dir=\"auto\">La <a href=\"https:\/\/www.saintcyrsurmer.fr\/saint-cyr-sur-mer-3.html\">Ville de Saint-Cyr-sur-Mer<\/a>, en partenariat avec les autres communes de l&rsquo;Agglom\u00e9ration Sud-Sainte-Baume, organise une collecte solidaire, \u00e0 l&rsquo;Espace Provence, d\u00e8s le jeudi 30 juillet, \u00e0 destination des habitants de Correns, ville sinistr\u00e9e des incendies dans le Haut Var.<\/div>\n<\/div>\n<div class=\"x14z9mp xat24cr x1lziwak x1vvkbs xtlvy1s x126k92a\">\n<div dir=\"auto\">Les b\u00e9n\u00e9voles de la R\u00e9serve Communale &#8211; CCFF, l&rsquo;Amicale des Sapeurs-pompiers, les jeunes sapeurs-pompiers et les \u00e9lus seront sur place pour vous accueillir.<\/div>\n<\/div>\n<div class=\"x14z9mp xat24cr x1lziwak x1vvkbs xtlvy1s x126k92a\">\n<div dir=\"auto\"><span class=\"html-span xexx8yu xyri2b x18d9i69 x1c1uobl x1hl2dhg x16tdsg8 x1vvkbs x3nfvp2 x1j61x8r x1fcty0u xdj266r xat24cr xm2jcoa x1mpyi22 xxymvpz xlup9mm x1kky2od\"><img loading=\"lazy\" decoding=\"async\" class=\"xz74otr x15mokao x1ga7v0g x16uus16 xbiv7yw\" src=\"https:\/\/static.xx.fbcdn.net\/images\/emoji.php\/v9\/t2d\/1\/16\/1f4cd.png\" alt=\"\ud83d\udccd\" width=\"16\" height=\"16\" \/><\/span>Point de collecte :<\/div>\n<div dir=\"auto\">Espace Provence, 14 bd Jean Jaur\u00e8s<\/div>\n<div dir=\"auto\">Du jeudi 30 juillet au lundi 3 ao\u00fbt<\/div>\n<div dir=\"auto\">Tous les jours de 9h \u00e0 12h et de 15h \u00e0 18h<\/div>\n<div dir=\"auto\">Le dimanche et le lundi de 9h \u00e0 12h<\/div>\n<\/div>\n<div class=\"x14z9mp xat24cr x1lziwak x1vvkbs xtlvy1s x126k92a\">\n<div dir=\"auto\"><span class=\"html-span xexx8yu xyri2b x18d9i69 x1c1uobl x1hl2dhg x16tdsg8 x1vvkbs x3nfvp2 x1j61x8r x1fcty0u xdj266r xat24cr xm2jcoa x1mpyi22 xxymvpz xlup9mm x1kky2od\"><img loading=\"lazy\" decoding=\"async\" class=\"xz74otr x15mokao x1ga7v0g x16uus16 xbiv7yw\" src=\"https:\/\/static.xx.fbcdn.net\/images\/emoji.php\/v9\/t50\/1\/16\/2757.png\" alt=\"\u2757\ufe0f\" width=\"16\" height=\"16\" \/><\/span>Dons recherch\u00e9s en priorit\u00e9 : produits d&rsquo;hygi\u00e8ne<\/div>\n<div dir=\"auto\">Gel douche, savon, shampooing, dentifrice et brosse \u00e0 dent, d\u00e9odorant, protections hygi\u00e9niques, couches et lingettes.<\/div>\n<\/div>\n<div class=\"x14z9mp xat24cr x1lziwak x1vvkbs xtlvy1s x126k92a\">\n<div dir=\"auto\">Nous vous remercions pour votre g\u00e9n\u00e9rosit\u00e9 et votre solidarit\u00e9.<\/div>\n<\/div>\n<div class=\"x14z9mp xat24cr x1lziwak x1vvkbs xtlvy1s x126k92a\">\n<div dir=\"auto\"><span class=\"html-span xdj266r x14z9mp xat24cr x1lziwak xexx8yu xyri2b x18d9i69 x1c1uobl x1hl2dhg x16tdsg8 x1vvkbs\"><a class=\"x1i10hfl xjbqb8w x1ejq31n x18oe1m7 x1sy0etr xstzfhl x972fbf x10w94by x1qhh985 x14e42zd x9f619 x1ypdohk xt0psk2 x3ct3a4 xdj266r x14z9mp xat24cr x1lziwak xexx8yu xyri2b x18d9i69 x1c1uobl x16tdsg8 x1hl2dhg xggy1nq x1a2a7pz xkrqix3 x1sur9pj x1fey0fg x1s688f\" tabindex=\"0\" role=\"link\" href=\"https:\/\/www.facebook.com\/Sudsaintebaume?__cft__[0]=AZZIXtTLXvPrFMPPQenOAFaG6fb4dhqZYaknIIiAxxmMQ6VNLStTeW7EvZ5ClE2WUcE4o9nb1GLxSZ4lDBaq2UxYBhRZBejj8Xs-e1x3W12164ZIVgEKYrE1EDpcpmPeZjib8-xhbZ9wcw06Ab89dMA42aCPjS1r8gbHIfsTw0QmBw&amp;__tn__=-]K-R\"><span class=\"xt0psk2\"><span class=\"xjp7ctv\">Sud Sainte Baume Agglom\u00e9ration<\/span><\/span><\/a><\/span><\/div>\n<div dir=\"auto\"><span class=\"html-span xdj266r x14z9mp xat24cr x1lziwak xexx8yu xyri2b x18d9i69 x1c1uobl x1hl2dhg x16tdsg8 x1vvkbs\"><a class=\"x1i10hfl xjbqb8w x1ejq31n x18oe1m7 x1sy0etr xstzfhl x972fbf x10w94by x1qhh985 x14e42zd x9f619 x1ypdohk xt0psk2 x3ct3a4 xdj266r x14z9mp xat24cr x1lziwak xexx8yu xyri2b x18d9i69 x1c1uobl x16tdsg8 x1hl2dhg xggy1nq x1a2a7pz xkrqix3 x1sur9pj x1fey0fg x1s688f\" tabindex=\"0\" role=\"link\" href=\"https:\/\/www.facebook.com\/ccff.saintcyr?__cft__[0]=AZZIXtTLXvPrFMPPQenOAFaG6fb4dhqZYaknIIiAxxmMQ6VNLStTeW7EvZ5ClE2WUcE4o9nb1GLxSZ4lDBaq2UxYBhRZBejj8Xs-e1x3W12164ZIVgEKYrE1EDpcpmPeZjib8-xhbZ9wcw06Ab89dMA42aCPjS1r8gbHIfsTw0QmBw&amp;__tn__=-]K-R\"><span class=\"xt0psk2\"><span class=\"xjp7ctv\">Ccff-Rcsc Saint Cyr<\/span><\/span><\/a><\/span><\/div>\n<div dir=\"auto\"><span class=\"html-span xdj266r x14z9mp xat24cr x1lziwak xexx8yu xyri2b x18d9i69 x1c1uobl x1hl2dhg x16tdsg8 x1vvkbs\"><a class=\"x1i10hfl xjbqb8w x1ejq31n x18oe1m7 x1sy0etr xstzfhl x972fbf x10w94by x1qhh985 x14e42zd x9f619 x1ypdohk xt0psk2 x3ct3a4 xdj266r x14z9mp xat24cr x1lziwak xexx8yu xyri2b x18d9i69 x1c1uobl x16tdsg8 x1hl2dhg xggy1nq x1a2a7pz xkrqix3 x1sur9pj x1fey0fg x1s688f\" tabindex=\"0\" role=\"link\" href=\"https:\/\/www.facebook.com\/pompiersaintcyr?__cft__[0]=AZZIXtTLXvPrFMPPQenOAFaG6fb4dhqZYaknIIiAxxmMQ6VNLStTeW7EvZ5ClE2WUcE4o9nb1GLxSZ4lDBaq2UxYBhRZBejj8Xs-e1x3W12164ZIVgEKYrE1EDpcpmPeZjib8-xhbZ9wcw06Ab89dMA42aCPjS1r8gbHIfsTw0QmBw&amp;__tn__=-]K-R\"><span class=\"xt0psk2\"><span class=\"xjp7ctv\">Amicale des Sapeurs Pompiers de Saint Cyr sur Mer<\/span><\/span><\/a><\/span><\/div>\n<\/div>\n","protected":false},"excerpt":{"rendered":"<p>{SOLIDARITE} La Ville de Saint-Cyr-sur-Mer, en partenariat avec les autres communes de l&rsquo;Agglom\u00e9ration Sud-Sainte-Baume, organise&#8230;<\/p>\n","protected":false},"author":1,"featured_media":2187,"comment_status":"open","ping_status":"closed","sticky":false,"template":"","format":"standard","meta":{"_jetpack_newsletter_access":"","_jetpack_dont_email_post_to_subs":false,"_jetpack_newsletter_tier_id":0,"_jetpack_memberships_contains_paywalled_content":false,"_jetpack_feature_clip_id":0,"_jetpack_memberships_contains_paid_content":false,"footnotes":"","jetpack_publicize_message":"","jetpack_publicize_feature_enabled":true,"jetpack_social_post_already_shared":true,"jetpack_social_options":{"image_generator_settings":{"template":"highway","default_image_id":0,"font":"","enabled":false},"version":2},"jetpack_post_was_ever_published":false},"categories":[1045,1051,1050,1052,1039,998],"tags":[],"class_list":["post-2186","post","type-post","status-publish","format-standard","has-post-thumbnail","hentry","category-brignoles","category-correns","category-solidarite","category-var-saint-cyr-sur-mer","category--de-foret","category--incendie-feu-drame"],"jetpack_publicize_connections":[],"jetpack_sharing_enabled":true,"jetpack_featured_media_url":"https:\/\/www.laurensoff.com\/wordpress\/wp-content\/uploads\/2026\/07\/dfqdfgqg.jpg","_links":{"self":[{"href":"https:\/\/www.laurensoff.com\/wordpress\/wp-json\/wp\/v2\/posts\/2186","targetHints":{"allow":["GET"]}}],"collection":[{"href":"https:\/\/www.laurensoff.com\/wordpress\/wp-json\/wp\/v2\/posts"}],"about":[{"href":"https:\/\/www.laurensoff.com\/wordpress\/wp-json\/wp\/v2\/types\/post"}],"author":[{"embeddable":true,"href":"https:\/\/www.laurensoff.com\/wordpress\/wp-json\/wp\/v2\/users\/1"}],"replies":[{"embeddable":true,"href":"https:\/\/www.laurensoff.com\/wordpress\/wp-json\/wp\/v2\/comments?post=2186"}],"version-history":[{"count":1,"href":"https:\/\/www.laurensoff.com\/wordpress\/wp-json\/wp\/v2\/posts\/2186\/revisions"}],"predecessor-version":[{"id":2188,"href":"https:\/\/www.laurensoff.com\/wordpress\/wp-json\/wp\/v2\/posts\/2186\/revisions\/2188"}],"wp:featuredmedia":[{"embeddable":true,"href":"https:\/\/www.laurensoff.com\/wordpress\/wp-json\/wp\/v2\/media\/2187"}],"wp:attachment":[{"href":"https:\/\/www.laurensoff.com\/wordpress\/wp-json\/wp\/v2\/media?parent=2186"}],"wp:term":[{"taxonomy":"category","embeddable":true,"href":"https:\/\/www.laurensoff.com\/wordpress\/wp-json\/wp\/v2\/categories?post=2186"},{"taxonomy":"post_tag","embeddable":true,"href":"https:\/\/www.laurensoff.com\/wordpress\/wp-json\/wp\/v2\/tags?post=2186"}],"curies":[{"name":"wp","href":"https:\/\/api.w.org\/{rel}","templated":true}]}}