{"id":2182,"date":"2026-07-30T11:00:32","date_gmt":"2026-07-30T10:00:32","guid":{"rendered":"https:\/\/www.laurensoff.com\/wordpress\/?p=2182"},"modified":"2026-07-30T11:00:32","modified_gmt":"2026-07-30T10:00:32","slug":"eglise-de-la-ciotatsamedi-1er-aout-a-21-h-30-voix-et-orgue","status":"publish","type":"post","link":"https:\/\/www.laurensoff.com\/wordpress\/eglise-de-la-ciotatsamedi-1er-aout-a-21-h-30-voix-et-orgue\/","title":{"rendered":"Eglise De La Ciotat\u2026SAMEDI 1er ao\u00fbt \u00e0 21 h 30 &#8211; VOIX et ORGUE"},"content":{"rendered":"<p><span class=\"x193iq5w xeuugli x13faqbe x1vvkbs x1xmvt09 x1lliihq x1s928wv xhkezso x1gmr53x x1cpjm7i x1fgarty x1943h6x xudqn12 x3x7a5m x6prxxf xvq8zen xo1l8bm xzsf02u\" dir=\"auto\">SAMEDI 1er ao\u00fbt \u00e0 21 h 30 &#8211; VOIX et ORGUE<br class=\"html-br\" \/>Melodie Lyonnet, Organiste \u00e0 Lambesc<br class=\"html-br\" \/>Ma\u00eft\u00e9 Cronier, Voix<br class=\"html-br\" \/>Caccini, Mendelssohn, Demessieux, Mahler, Bonis\u2026h<a href=\"https:\/\/www.facebook.com\/events\/1400508645504824\/?active_tab=discussion\">ttps:\/\/www.facebook.com\/events\/1400508645504824\/?active_tab=discussion<\/a><\/span><\/p>\n","protected":false},"excerpt":{"rendered":"<p>SAMEDI 1er ao\u00fbt \u00e0 21 h 30 &#8211; VOIX et ORGUEMelodie Lyonnet, Organiste \u00e0 LambescMa\u00eft\u00e9&#8230;<\/p>\n","protected":false},"author":1,"featured_media":2183,"comment_status":"open","ping_status":"closed","sticky":false,"template":"","format":"standard","meta":{"_jetpack_newsletter_access":"","_jetpack_dont_email_post_to_subs":false,"_jetpack_newsletter_tier_id":0,"_jetpack_memberships_contains_paywalled_content":false,"_jetpack_feature_clip_id":0,"_jetpack_memberships_contains_paid_content":false,"footnotes":"","jetpack_publicize_message":"","jetpack_publicize_feature_enabled":true,"jetpack_social_post_already_shared":true,"jetpack_social_options":{"image_generator_settings":{"template":"highway","default_image_id":0,"font":"","enabled":false},"version":2},"jetpack_post_was_ever_published":false},"categories":[741,643,993,163],"tags":[],"class_list":["post-2182","post","type-post","status-publish","format-standard","has-post-thumbnail","hentry","category-741","category-agenda","category-concert-agenda","category-la-ciotat"],"jetpack_publicize_connections":[],"jetpack_sharing_enabled":true,"jetpack_featured_media_url":"https:\/\/www.laurensoff.com\/wordpress\/wp-content\/uploads\/2026\/07\/746172681_17981987736020941_2544956621267648074_n.jpg","_links":{"self":[{"href":"https:\/\/www.laurensoff.com\/wordpress\/wp-json\/wp\/v2\/posts\/2182","targetHints":{"allow":["GET"]}}],"collection":[{"href":"https:\/\/www.laurensoff.com\/wordpress\/wp-json\/wp\/v2\/posts"}],"about":[{"href":"https:\/\/www.laurensoff.com\/wordpress\/wp-json\/wp\/v2\/types\/post"}],"author":[{"embeddable":true,"href":"https:\/\/www.laurensoff.com\/wordpress\/wp-json\/wp\/v2\/users\/1"}],"replies":[{"embeddable":true,"href":"https:\/\/www.laurensoff.com\/wordpress\/wp-json\/wp\/v2\/comments?post=2182"}],"version-history":[{"count":1,"href":"https:\/\/www.laurensoff.com\/wordpress\/wp-json\/wp\/v2\/posts\/2182\/revisions"}],"predecessor-version":[{"id":2185,"href":"https:\/\/www.laurensoff.com\/wordpress\/wp-json\/wp\/v2\/posts\/2182\/revisions\/2185"}],"wp:featuredmedia":[{"embeddable":true,"href":"https:\/\/www.laurensoff.com\/wordpress\/wp-json\/wp\/v2\/media\/2183"}],"wp:attachment":[{"href":"https:\/\/www.laurensoff.com\/wordpress\/wp-json\/wp\/v2\/media?parent=2182"}],"wp:term":[{"taxonomy":"category","embeddable":true,"href":"https:\/\/www.laurensoff.com\/wordpress\/wp-json\/wp\/v2\/categories?post=2182"},{"taxonomy":"post_tag","embeddable":true,"href":"https:\/\/www.laurensoff.com\/wordpress\/wp-json\/wp\/v2\/tags?post=2182"}],"curies":[{"name":"wp","href":"https:\/\/api.w.org\/{rel}","templated":true}]}}