{"id":2178,"date":"2026-07-30T10:35:12","date_gmt":"2026-07-30T09:35:12","guid":{"rendered":"https:\/\/www.laurensoff.com\/wordpress\/?p=2178"},"modified":"2026-07-30T11:03:04","modified_gmt":"2026-07-30T10:03:04","slug":"lincendie-de-brignoles-secteur-sud-est","status":"publish","type":"post","link":"https:\/\/www.laurensoff.com\/wordpress\/lincendie-de-brignoles-secteur-sud-est\/","title":{"rendered":"L&rsquo;incendie de Brignoles (Secteur Sud-Est)"},"content":{"rendered":"<div class=\"container\">\n<div id=\"model-response-message-contentr_7050949d23a63315\" class=\"markdown markdown-main-panel enable-luminous-fast-follows enable-updated-hr-color md-content stronger\" dir=\"ltr\" aria-busy=\"false\" aria-live=\"polite\">\n<p data-path-to-node=\"0\"><span class=\"citation-88 citation-end-88\">Voici le point sur la situation des incendies dans le Var :<\/span><\/p>\n<div class=\"source-inline-chip-container luminous-sources hide-from-message-actions ng-star-inserted\">\n<div class=\"source-label-container gds-body-s ng-star-inserted\" dir=\"auto\"><span class=\"source-title\">Maritima<\/span><\/div>\n<\/div>\n<h2 data-path-to-node=\"1\"><span class=\"citation-87 citation-end-87\">1. L&rsquo;incendie de Brignoles (Secteur Sud-Est)<\/span><\/h2>\n<div class=\"source-inline-chip-container luminous-sources hide-from-message-actions ng-star-inserted\">\n<div class=\"source-label-container gds-body-s ng-star-inserted\" dir=\"auto\"><span class=\"source-title\">Maritima<\/span><\/div>\n<\/div>\n<ul data-path-to-node=\"2\">\n<li>\n<p data-path-to-node=\"2,0,0\"><b data-path-to-node=\"2,0,0\" data-index-in-node=\"0\">Statut actuel :<\/b> <span class=\"citation-86\">D\u00e9clar\u00e9 le mercredi 29 juillet vers 17h, le feu a \u00e9t\u00e9 <\/span><b data-path-to-node=\"2,0,0\" data-index-in-node=\"70\"><span class=\"citation-86\">fix\u00e9 vers minuit et ma\u00eetris\u00e9 vers 3h du matin<\/span><\/b><span class=\"citation-86 citation-end-86\">.<\/span> <span class=\"citation-85 citation-end-85\">Les \u00e9quipes restent mobilis\u00e9es sur place pour s\u00e9curiser une dizaine de kilom\u00e8tres de lisi\u00e8res et \u00e9viter toute reprise avec le retour de la chaleur et des rafales de vent.<\/span><\/p>\n<div class=\"source-inline-chip-container luminous-sources hide-from-message-actions ng-star-inserted\">\n<div class=\"source-label-container gds-body-s ng-star-inserted\" dir=\"auto\"><span class=\"source-title\">Anadolu Ajans\u0131<\/span><\/div>\n<\/div>\n<\/li>\n<li>\n<p data-path-to-node=\"2,1,0\"><b data-path-to-node=\"2,1,0\" data-index-in-node=\"0\">Bilan environnemental et mat\u00e9riel :<\/b> <span class=\"citation-84\">Environ <\/span><b data-path-to-node=\"2,1,0\" data-index-in-node=\"44\"><span class=\"citation-84\">130 hectares<\/span><\/b><span class=\"citation-84 citation-end-84\"> de v\u00e9g\u00e9tation ont \u00e9t\u00e9 parcourus.<\/span> Aucune habitation n&rsquo;a \u00e9t\u00e9 d\u00e9truite.<\/p>\n<div class=\"source-inline-chip-container luminous-sources hide-from-message-actions ng-star-inserted\">\n<div class=\"source-label-container gds-body-s ng-star-inserted\" dir=\"auto\"><span class=\"source-title\">Anadolu Ajans\u0131<\/span><\/div>\n<\/div>\n<\/li>\n<li>\n<p data-path-to-node=\"2,2,0\"><b data-path-to-node=\"2,2,0\" data-index-in-node=\"0\"><span class=\"citation-83 citation-end-83\">\u00c9vacuations :<\/span><\/b> <span class=\"citation-82\">Plus de <\/span><b data-path-to-node=\"2,2,0\" data-index-in-node=\"22\"><span class=\"citation-82\">650 personnes ont \u00e9t\u00e9 \u00e9vacu\u00e9es pr\u00e9ventivement<\/span><\/b><span class=\"citation-82 citation-end-82\"> via le dispositif FR-ALERT dans six quartiers (P\u00e9licon, Tombarel, Sainte-Barbe, Les Agasses, Les Jausserannes, Les Petits Ubacs).<\/span> <span class=\"citation-81 citation-end-81\">Un centre d&rsquo;accueil municipal a \u00e9t\u00e9 ouvert au Hall des expositions.<\/span><\/p>\n<div class=\"source-inline-chip-container luminous-sources hide-from-message-actions ng-star-inserted\">\n<div class=\"source-label-container gds-body-s ng-star-inserted\" dir=\"auto\"><span class=\"source-title\">Feux de For\u00eat<\/span><span class=\"source-count ng-star-inserted\">+\u00a02<\/span><\/div>\n<\/div>\n<\/li>\n<li>\n<p data-path-to-node=\"2,3,0\"><b data-path-to-node=\"2,3,0\" data-index-in-node=\"0\"><span class=\"citation-80 citation-end-80\">Moyens engag\u00e9s :<\/span><\/b> <span class=\"citation-79\">Plus de <\/span><b data-path-to-node=\"2,3,0\" data-index-in-node=\"25\"><span class=\"citation-79\">270 sapeurs-pompiers<\/span><\/b><span class=\"citation-79\">, 85 v\u00e9hicules et <\/span><b data-path-to-node=\"2,3,0\" data-index-in-node=\"63\"><span class=\"citation-79\">12 a\u00e9ronefs<\/span><\/b><span class=\"citation-79 citation-end-79\"> (Canadair, Dash, h\u00e9licopt\u00e8res bombardiers d&rsquo;eau fran\u00e7ais et europ\u00e9ens).<\/span><\/p>\n<div class=\"source-inline-chip-container luminous-sources hide-from-message-actions ng-star-inserted\">\n<div class=\"source-label-container gds-body-s ng-star-inserted\" dir=\"auto\"><span class=\"source-title\">Presse Agence<\/span><span class=\"source-count ng-star-inserted\">+\u00a01<\/span><\/div>\n<\/div>\n<\/li>\n<li>\n<p data-path-to-node=\"2,4,0\"><b data-path-to-node=\"2,4,0\" data-index-in-node=\"0\">Bilan humain :<\/b> <b data-path-to-node=\"2,4,0\" data-index-in-node=\"15\"><span class=\"citation-78\">4 pompiers ont \u00e9t\u00e9 bless\u00e9s<\/span><\/b><span class=\"citation-78 citation-end-78\"> durant l&rsquo;intervention (trois intoxications l\u00e9g\u00e8res et une fracture du f\u00e9mur).<\/span><\/p>\n<div class=\"source-inline-chip-container luminous-sources hide-from-message-actions ng-star-inserted\">\n<div class=\"source-label-container gds-body-s ng-star-inserted\" dir=\"auto\"><span class=\"source-title\">Anadolu Ajans\u0131<\/span><\/div>\n<\/div>\n<\/li>\n<\/ul>\n<h2 data-path-to-node=\"4\"><span class=\"citation-77 citation-end-77\">2. L&rsquo;incendie du massif du Gros Bessillon \/ Pontev\u00e8s<\/span><\/h2>\n<div class=\"source-inline-chip-container luminous-sources hide-from-message-actions ng-star-inserted\">\n<div class=\"source-label-container gds-body-s ng-star-inserted\" dir=\"auto\"><span class=\"source-title\">Maritima<\/span><\/div>\n<\/div>\n<ul data-path-to-node=\"5\">\n<li>\n<p data-path-to-node=\"5,0,0\"><b data-path-to-node=\"5,0,0\" data-index-in-node=\"0\"><span class=\"citation-76 citation-end-76\">Statut :<\/span><\/b> Apr\u00e8s 8 jours de lutte acharn\u00e9e, cet immense incendie entam\u00e9 le 21 juillet a \u00e9t\u00e9 d\u00e9clar\u00e9 <b data-path-to-node=\"5,0,0\" data-index-in-node=\"98\">officiellement fix\u00e9<\/b>.<\/p>\n<div class=\"source-inline-chip-container luminous-sources hide-from-message-actions ng-star-inserted\">\n<div class=\"source-label-container gds-body-s ng-star-inserted\" dir=\"auto\"><span class=\"source-title\">Anadolu Ajans\u0131<\/span><\/div>\n<\/div>\n<\/li>\n<li>\n<p data-path-to-node=\"5,1,0\"><b data-path-to-node=\"5,1,0\" data-index-in-node=\"0\"><span class=\"citation-75 citation-end-75\">Bilan :<\/span><\/b> <span class=\"citation-74\">Le feu a d\u00e9vor\u00e9 pr\u00e8s de <\/span><b data-path-to-node=\"5,1,0\" data-index-in-node=\"32\"><span class=\"citation-74\">4 500 hectares<\/span><\/b><span class=\"citation-74 citation-end-74\"> et entra\u00een\u00e9 le d\u00e9placement de pr\u00e8s de 5 000 personnes au plus fort de la crise dans les communes environnantes (Cotignac, Correns, Barjols, Sillans-la-Cascade).<\/span><\/p>\n<div class=\"source-inline-chip-container luminous-sources hide-from-message-actions ng-star-inserted\">\n<div class=\"source-label-container gds-body-s ng-star-inserted\" dir=\"auto\"><span class=\"source-title\">Maritima<\/span><\/div>\n<\/div>\n<\/li>\n<li>\n<p data-path-to-node=\"5,2,0\"><b data-path-to-node=\"5,2,0\" data-index-in-node=\"0\">Volet judiciaire :<\/b> <span class=\"citation-73 citation-end-73\">Un jeune homme de 23 ans, suspect\u00e9 d&rsquo;\u00eatre \u00e0 l&rsquo;origine de plusieurs d\u00e9parts de feux et reprises suspectes dans ce secteur (notamment vers Brignoles et Cabasse), a \u00e9t\u00e9 mis en examen et plac\u00e9 en d\u00e9tention provisoire.<\/span><\/p>\n<div class=\"source-inline-chip-container luminous-sources hide-from-message-actions ng-star-inserted\">\n<div class=\"source-label-container gds-body-s ng-star-inserted\" dir=\"auto\"><span class=\"source-title\">Maritima<\/span><\/div>\n<\/div>\n<\/li>\n<\/ul>\n<h2 data-path-to-node=\"7\">Synth\u00e8se globale des risques dans le d\u00e9partement<\/h2>\n<p data-path-to-node=\"8\">La combinaison de temp\u00e9ratures \u00e9lev\u00e9es, d&rsquo;une v\u00e9g\u00e9tation extr\u00eamement s\u00e8che et de vents tournants maintient le Var sous <b data-path-to-node=\"8\" data-index-in-node=\"119\">vigilance tr\u00e8s \u00e9lev\u00e9e<\/b>. La grande majorit\u00e9 des massifs forestiers restent strictement interdits d&rsquo;acc\u00e8s et de travaux.<\/p>\n<\/div>\n<\/div>\n","protected":false},"excerpt":{"rendered":"<p>Voici le point sur la situation des incendies dans le Var : Maritima 1. L&rsquo;incendie&#8230;<\/p>\n","protected":false},"author":1,"featured_media":2179,"comment_status":"open","ping_status":"closed","sticky":false,"template":"","format":"standard","meta":{"_jetpack_newsletter_access":"","_jetpack_dont_email_post_to_subs":false,"_jetpack_newsletter_tier_id":0,"_jetpack_memberships_contains_paywalled_content":false,"_jetpack_feature_clip_id":0,"_jetpack_memberships_contains_paid_content":false,"footnotes":"","jetpack_publicize_message":"","jetpack_publicize_feature_enabled":true,"jetpack_social_post_already_shared":true,"jetpack_social_options":{"image_generator_settings":{"template":"highway","default_image_id":0,"font":"","enabled":false},"version":2},"jetpack_post_was_ever_published":false},"categories":[1045,1039,998],"tags":[1049],"class_list":["post-2178","post","type-post","status-publish","format-standard","has-post-thumbnail","hentry","category-brignoles","category--de-foret","category--incendie-feu-drame","tag-lincendie-de-brignoles"],"jetpack_publicize_connections":[],"jetpack_sharing_enabled":true,"jetpack_featured_media_url":"https:\/\/www.laurensoff.com\/wordpress\/wp-content\/uploads\/2026\/07\/761084899_1827177441601002_1875607793526545168_n-e1785404201522.jpg","_links":{"self":[{"href":"https:\/\/www.laurensoff.com\/wordpress\/wp-json\/wp\/v2\/posts\/2178","targetHints":{"allow":["GET"]}}],"collection":[{"href":"https:\/\/www.laurensoff.com\/wordpress\/wp-json\/wp\/v2\/posts"}],"about":[{"href":"https:\/\/www.laurensoff.com\/wordpress\/wp-json\/wp\/v2\/types\/post"}],"author":[{"embeddable":true,"href":"https:\/\/www.laurensoff.com\/wordpress\/wp-json\/wp\/v2\/users\/1"}],"replies":[{"embeddable":true,"href":"https:\/\/www.laurensoff.com\/wordpress\/wp-json\/wp\/v2\/comments?post=2178"}],"version-history":[{"count":1,"href":"https:\/\/www.laurensoff.com\/wordpress\/wp-json\/wp\/v2\/posts\/2178\/revisions"}],"predecessor-version":[{"id":2180,"href":"https:\/\/www.laurensoff.com\/wordpress\/wp-json\/wp\/v2\/posts\/2178\/revisions\/2180"}],"wp:featuredmedia":[{"embeddable":true,"href":"https:\/\/www.laurensoff.com\/wordpress\/wp-json\/wp\/v2\/media\/2179"}],"wp:attachment":[{"href":"https:\/\/www.laurensoff.com\/wordpress\/wp-json\/wp\/v2\/media?parent=2178"}],"wp:term":[{"taxonomy":"category","embeddable":true,"href":"https:\/\/www.laurensoff.com\/wordpress\/wp-json\/wp\/v2\/categories?post=2178"},{"taxonomy":"post_tag","embeddable":true,"href":"https:\/\/www.laurensoff.com\/wordpress\/wp-json\/wp\/v2\/tags?post=2178"}],"curies":[{"name":"wp","href":"https:\/\/api.w.org\/{rel}","templated":true}]}}