{"id":2174,"date":"2026-07-30T09:51:12","date_gmt":"2026-07-30T08:51:12","guid":{"rendered":"https:\/\/www.laurensoff.com\/wordpress\/?p=2174"},"modified":"2026-07-30T09:51:12","modified_gmt":"2026-07-30T08:51:12","slug":"arnold-schwarzenegger-fete-ses-79-ans-ce-30-juillet-apres-avoir-marque-plusieurs-univers-grace-a-une-trajectoire-hors-du-commun","status":"publish","type":"post","link":"https:\/\/www.laurensoff.com\/wordpress\/arnold-schwarzenegger-fete-ses-79-ans-ce-30-juillet-apres-avoir-marque-plusieurs-univers-grace-a-une-trajectoire-hors-du-commun\/","title":{"rendered":"Arnold Schwarzenegger f\u00eate ses 79 ans ce 30 juillet, apr\u00e8s avoir marqu\u00e9 plusieurs univers gr\u00e2ce \u00e0 une trajectoire hors du commun."},"content":{"rendered":"<p data-path-to-node=\"0\"><b data-path-to-node=\"0\" data-index-in-node=\"0\">Arnold Schwarzenegger f\u00eate ses 79 ans ce 30 juillet<\/b>, apr\u00e8s avoir marqu\u00e9 plusieurs univers gr\u00e2ce \u00e0 une trajectoire hors du commun.<\/p>\n<p data-path-to-node=\"1\">De l&rsquo;Autriche rurale aux sommets du cin\u00e9ma et de la politique am\u00e9ricaine, son parcours se r\u00e9sume en trois grands chapitres, suivis d&rsquo;un engagement toujours tr\u00e8s actif aujourd&rsquo;hui.<\/p>\n<h3 data-path-to-node=\"3\">Son d\u00e9part d&rsquo;Autriche<\/h3>\n<p id=\"p-rc_43a4b57872da31fd-24\" data-path-to-node=\"4\"><span class=\"citation-19 citation-end-19\">Arnold Schwarzenegger est n\u00e9 le 30 juillet 1947 \u00e0 Thal, un petit village pr\u00e8s de Graz en Autriche.<\/span><\/p>\n<ul data-path-to-node=\"5\">\n<li>\n<p data-path-to-node=\"5,0,0\">Il quitte son village natal au milieu des ann\u00e9es 1960 pour s&rsquo;installer \u00e0 Munich, en Allemagne, afin de se consacrer pleinement \u00e0 la musculation.<\/p>\n<\/li>\n<li>\n<p id=\"p-rc_43a4b57872da31fd-25\" data-path-to-node=\"5,1,0\">C&rsquo;est en <b data-path-to-node=\"5,1,0\" data-index-in-node=\"9\">octobre 1968<\/b>, \u00e0 l&rsquo;\u00e2ge de 21 ans, qu&rsquo;il immigre aux \u00c9tats-Unis avec tr\u00e8s peu de moyens et un anglais encore approximatif, mais avec l&rsquo;ambition de devenir le plus grand culturiste de tous les temps. <span class=\"citation-18 citation-end-18\">Il obtiendra la nationalit\u00e9 am\u00e9ricaine en 1983.<\/span><\/p>\n<\/li>\n<\/ul>\n<h3 data-path-to-node=\"7\">Ses trois grandes vies<\/h3>\n<h4 data-path-to-node=\"8\">1. Le ma\u00eetre du bodybuilding<\/h4>\n<p id=\"p-rc_43a4b57872da31fd-26\" data-path-to-node=\"9\">Surnomm\u00e9 \u00ab le Ch\u00eane d&rsquo;Autriche \u00bb, il domine outrageusement la discipline dans les ann\u00e9es 1970. Il d\u00e9croche <b data-path-to-node=\"9\" data-index-in-node=\"107\">7 titres de Mr. Olympia<\/b> et <b data-path-to-node=\"9\" data-index-in-node=\"134\">4 titres de Mr. <span class=\"citation-17\">Universe<\/span><\/b><span class=\"citation-17\">, devenant l&rsquo;ic\u00f4ne mondiale du fitness et popularisant le culturisme aupr\u00e8s du grand public gr\u00e2ce au documentaire <\/span><i data-path-to-node=\"9\" data-index-in-node=\"272\"><span class=\"citation-17\">Pumping Iron<\/span><\/i><span class=\"citation-17 citation-end-17\"> (1977).<\/span><\/p>\n<h4 data-path-to-node=\"10\">2. La star absolue d&rsquo;Hollywood<\/h4>\n<p data-path-to-node=\"11\">Apr\u00e8s avoir perc\u00e9 avec <i data-path-to-node=\"11\" data-index-in-node=\"23\">Conan le Barbare<\/i> (1982), il devient le roi incontest\u00e9 du cin\u00e9ma d&rsquo;action des ann\u00e9es 80 et 90 avec des r\u00f4les cultes :<\/p>\n<ul data-path-to-node=\"12\">\n<li>\n<p data-path-to-node=\"12,0,0\"><b data-path-to-node=\"12,0,0\" data-index-in-node=\"0\">La saga <i data-path-to-node=\"12,0,0\" data-index-in-node=\"8\">Terminator<\/i><\/b> (avec la phrase mythique <i data-path-to-node=\"12,0,0\" data-index-in-node=\"44\">\u00ab I&rsquo;ll be back \u00bb<\/i>)<\/p>\n<\/li>\n<li>\n<p data-path-to-node=\"12,1,0\"><i data-path-to-node=\"12,1,0\" data-index-in-node=\"0\">Predator<\/i>, <i data-path-to-node=\"12,1,0\" data-index-in-node=\"10\">Total Recall<\/i>, <i data-path-to-node=\"12,1,0\" data-index-in-node=\"24\">Commando<\/i>, <i data-path-to-node=\"12,1,0\" data-index-in-node=\"34\">True Lies<\/i><\/p>\n<\/li>\n<li>\n<p data-path-to-node=\"12,2,0\">Des com\u00e9dies \u00e0 succ\u00e8s comme <i data-path-to-node=\"12,2,0\" data-index-in-node=\"28\">Jumeaux<\/i> (<i data-path-to-node=\"12,2,0\" data-index-in-node=\"37\">Twins<\/i>) ou <i data-path-to-node=\"12,2,0\" data-index-in-node=\"47\">Un flic \u00e0 la maternelle<\/i><\/p>\n<\/li>\n<\/ul>\n<h4 data-path-to-node=\"13\">3. Le gouverneur de Californie<\/h4>\n<p id=\"p-rc_43a4b57872da31fd-27\" data-path-to-node=\"14\">En 2003, il prend un virage politique majeur en se pr\u00e9sentant sous la banni\u00e8re r\u00e9publicaine. <span class=\"citation-16\">Il est \u00e9lu <\/span><b data-path-to-node=\"14\" data-index-in-node=\"104\"><span class=\"citation-16\">38\u1d49 gouverneur de Californie<\/span><\/b><span class=\"citation-16 citation-end-16\"> lors d&rsquo;une \u00e9lection sp\u00e9ciale, puis r\u00e9\u00e9lu en 2006, effectuant deux mandats jusqu&rsquo;en 2011. Durant sa gouvernance, il se distingue notamment par des politiques environnementales pionni\u00e8res en mati\u00e8re de r\u00e9duction des \u00e9missions de gaz \u00e0 effet de serre.<\/span><\/p>\n<h3 data-path-to-node=\"16\">Que fait-il aujourd&rsquo;hui ?<\/h3>\n<p data-path-to-node=\"17\">M\u00eame s&rsquo;il a lev\u00e9 le pied sur les plateaux de tournage intensifs, Arnold Schwarzenegger reste hyperactif sur plusieurs fronts :<\/p>\n<ul data-path-to-node=\"18\">\n<li>\n<p data-path-to-node=\"18,0,0\"><b data-path-to-node=\"18,0,0\" data-index-in-node=\"0\">L&rsquo;engagement pour le climat :<\/b> Il anime la <i data-path-to-node=\"18,0,0\" data-index-in-node=\"42\">Schwarzenegger Climate Initiative<\/i> et organise chaque ann\u00e9e l&rsquo;Austrian World Summit \u00e0 Vienne pour r\u00e9unir d\u00e9cideurs et militants \u00e9cologistes.<\/p>\n<\/li>\n<li>\n<p id=\"p-rc_43a4b57872da31fd-28\" data-path-to-node=\"18,1,0\"><b data-path-to-node=\"18,1,0\" data-index-in-node=\"0\">Le sport et le bien-\u00eatre :<\/b> <span class=\"citation-15\">Il supervise toujours l&rsquo;<\/span><i data-path-to-node=\"18,1,0\" data-index-in-node=\"51\"><span class=\"citation-15\">Arnold Sports Festival<\/span><\/i><span class=\"citation-15 citation-end-15\">, un \u00e9v\u00e9nement sportif mondial majeur, et partage ses conseils de sant\u00e9, de fitness et de long\u00e9vit\u00e9 via une communaut\u00e9 tr\u00e8s populaire.<\/span><\/p>\n<\/li>\n<li>\n<p data-path-to-node=\"18,2,0\"><b data-path-to-node=\"18,2,0\" data-index-in-node=\"0\">Le cin\u00e9ma et les s\u00e9ries :<\/b> Il s&rsquo;est r\u00e9cemment illustr\u00e9 \u00e0 la t\u00e9l\u00e9vision dans la s\u00e9rie d&rsquo;action-com\u00e9die <i data-path-to-node=\"18,2,0\" data-index-in-node=\"101\">FUBAR<\/i> sur Netflix.<\/p>\n<\/li>\n<li>\n<p data-path-to-node=\"18,3,0\"><b data-path-to-node=\"18,3,0\" data-index-in-node=\"0\">Auteur et conf\u00e9rencier :<\/b> Il continue d&rsquo;\u00e9crire et d&rsquo;inspirer avec des livres de d\u00e9veloppement personnel, dont son ouvrage <i data-path-to-node=\"18,3,0\" data-index-in-node=\"121\">Be Useful: Seven Tools for Life<\/i>.<\/p>\n<\/li>\n<\/ul>\n","protected":false},"excerpt":{"rendered":"<p>Arnold Schwarzenegger f\u00eate ses 79 ans ce 30 juillet, apr\u00e8s avoir marqu\u00e9 plusieurs univers gr\u00e2ce&#8230;<\/p>\n","protected":false},"author":1,"featured_media":2175,"comment_status":"open","ping_status":"closed","sticky":false,"template":"","format":"standard","meta":{"_jetpack_newsletter_access":"","_jetpack_dont_email_post_to_subs":false,"_jetpack_newsletter_tier_id":0,"_jetpack_memberships_contains_paywalled_content":false,"_jetpack_feature_clip_id":0,"_jetpack_memberships_contains_paid_content":false,"footnotes":"","jetpack_publicize_message":"","jetpack_publicize_feature_enabled":true,"jetpack_social_post_already_shared":true,"jetpack_social_options":{"image_generator_settings":{"template":"highway","default_image_id":0,"font":"","enabled":false},"version":2},"jetpack_post_was_ever_published":false},"categories":[208,796,819,706,5],"tags":[],"class_list":["post-2174","post","type-post","status-publish","format-standard","has-post-thumbnail","hentry","category-80s","category-90s","category-acteur","category-anniversaire","category-cinema"],"jetpack_publicize_connections":[],"jetpack_sharing_enabled":true,"jetpack_featured_media_url":"https:\/\/www.laurensoff.com\/wordpress\/wp-content\/uploads\/2026\/07\/Les_Meilleurs_Films_d_Arnold_Schwarzenegger_ScreenTune-e1785401645508.jpg","_links":{"self":[{"href":"https:\/\/www.laurensoff.com\/wordpress\/wp-json\/wp\/v2\/posts\/2174","targetHints":{"allow":["GET"]}}],"collection":[{"href":"https:\/\/www.laurensoff.com\/wordpress\/wp-json\/wp\/v2\/posts"}],"about":[{"href":"https:\/\/www.laurensoff.com\/wordpress\/wp-json\/wp\/v2\/types\/post"}],"author":[{"embeddable":true,"href":"https:\/\/www.laurensoff.com\/wordpress\/wp-json\/wp\/v2\/users\/1"}],"replies":[{"embeddable":true,"href":"https:\/\/www.laurensoff.com\/wordpress\/wp-json\/wp\/v2\/comments?post=2174"}],"version-history":[{"count":1,"href":"https:\/\/www.laurensoff.com\/wordpress\/wp-json\/wp\/v2\/posts\/2174\/revisions"}],"predecessor-version":[{"id":2176,"href":"https:\/\/www.laurensoff.com\/wordpress\/wp-json\/wp\/v2\/posts\/2174\/revisions\/2176"}],"wp:featuredmedia":[{"embeddable":true,"href":"https:\/\/www.laurensoff.com\/wordpress\/wp-json\/wp\/v2\/media\/2175"}],"wp:attachment":[{"href":"https:\/\/www.laurensoff.com\/wordpress\/wp-json\/wp\/v2\/media?parent=2174"}],"wp:term":[{"taxonomy":"category","embeddable":true,"href":"https:\/\/www.laurensoff.com\/wordpress\/wp-json\/wp\/v2\/categories?post=2174"},{"taxonomy":"post_tag","embeddable":true,"href":"https:\/\/www.laurensoff.com\/wordpress\/wp-json\/wp\/v2\/tags?post=2174"}],"curies":[{"name":"wp","href":"https:\/\/api.w.org\/{rel}","templated":true}]}}