{"id":2162,"date":"2026-07-29T12:27:43","date_gmt":"2026-07-29T11:27:43","guid":{"rendered":"https:\/\/www.laurensoff.com\/wordpress\/?p=2162"},"modified":"2026-07-30T10:39:25","modified_gmt":"2026-07-30T09:39:25","slug":"le-producteur-veritable-nom-vincent-belorgey-a-ete-retrouve-mort-chez-lui-a-pari-kavinsky-est-decede-age-de-50-ans","status":"publish","type":"post","link":"https:\/\/www.laurensoff.com\/wordpress\/le-producteur-veritable-nom-vincent-belorgey-a-ete-retrouve-mort-chez-lui-a-pari-kavinsky-est-decede-age-de-50-ans\/","title":{"rendered":"Le producteur, v\u00e9ritable nom Vincent Belorgey, a \u00e9t\u00e9 retrouv\u00e9 mort chez lui \u00e0 Pari Kavinsky est d\u00e9c\u00e9d\u00e9, \u00e2g\u00e9 de 50 ans."},"content":{"rendered":"<div class=\"xdj266r x14z9mp xat24cr x1lziwak x1vvkbs x126k92a\">\n<div dir=\"auto\">L&rsquo;artiste de la maison fran\u00e7aise Kavinsky est d\u00e9c\u00e9d\u00e9, \u00e2g\u00e9 de 50 ans.<\/div>\n<\/div>\n<div class=\"x14z9mp xat24cr x1lziwak x1vvkbs xtlvy1s x126k92a\">\n<div dir=\"auto\">Le producteur, v\u00e9ritable nom Vincent Belorgey, a \u00e9t\u00e9 retrouv\u00e9 mort chez lui \u00e0 Paris, a confirm\u00e9 la police aujourd&rsquo;hui.<\/div>\n<\/div>\n<div class=\"x14z9mp xat24cr x1lziwak x1vvkbs xtlvy1s x126k92a\">\n<div dir=\"auto\">\u00ab\u00a0Une enqu\u00eate sur la cause de la mort a \u00e9t\u00e9 ouverte pour d\u00e9terminer les circonstances, car les premiers intervenants n&rsquo;ont trouv\u00e9 aucune \u00e9l\u00e9ment suspecte sur les lieux,\u00a0\u00bb ont-ils indiqu\u00e9.<\/div>\n<\/div>\n<div class=\"x14z9mp xat24cr x1lziwak x1vvkbs xtlvy1s x126k92a\">\n<div dir=\"auto\">Inspir\u00e9 par la sc\u00e8ne de la maison fran\u00e7aise des ann\u00e9es 2000, les productions de Kavinsky ont couvert la synthwave \u00e0 l&rsquo;\u00e9lectropop, collaborant avec des artistes comme Daft Punk&rsquo;s Guy-Manuel et The Weeknd.<\/div>\n<div dir=\"auto\">\n<p>Le DJ fran\u00e7ais Kavinsky, de son vrai nom Vincent Belorgey, est mort \u00e0 l\u2019\u00e2ge de 50 ans., apprend-on par des informations du <a href=\"https:\/\/www.leparisien.fr\/culture-loisirs\/musique\/le-dj-francais-kavinsky-retrouve-mort-a-son-domicile-parisien-29-07-2026-BJKOHXCW6VALDGWJJDR4NMT3EM.php\" target=\"_blank\" rel=\"noopener\">Parisien<\/a>, ce mercredi 29 juillet 2026. L&rsquo;artiste a \u00e9t\u00e9 retrouv\u00e9 mort \u00e0 son domicile parisien dans la soir\u00e9e de mardi. Les causes du d\u00e9c\u00e8s n&rsquo;ont pas encore \u00e9t\u00e9 communiqu\u00e9es, mais d&rsquo;apr\u00e8s le m\u00e9dia francilien et Le Figaro la piste d\u2019un accident vasculaire c\u00e9r\u00e9bral (AVC) est envisag\u00e9e. L\u2019artiste se serait notamment plaint de maux de t\u00eate ces derniers jours.\u00a0Une enqu\u00eate en recherche des causes de la mort a \u00e9t\u00e9 ouverte par le parquet de Paris afin de d\u00e9terminer pr\u00e9cis\u00e9ment l\u2019origine du d\u00e9c\u00e8s. Le parquet indique par ailleurs qu'\u00a0\u00bbaucun \u00e9l\u00e9ment suspect n\u2019a \u00e9t\u00e9 d\u00e9couvert sur place par les services primo-intervenants\u00a0\u00bb.<\/p>\n<p>Kavinsky, qui se montrait rarement sans ses lunettes noires, \u00e9tait une figure de la sc\u00e8ne \u00e9lectro. L&rsquo;un de ses plus grands succ\u00e8s est le titre <em>Nightcall<\/em> produit pour la bande son du film <em>Drive<\/em> sorti en 2011. La chanson avait connu un nouveau succ\u00e8s en 2024 lorsqu&rsquo;elle avait \u00e9t\u00e9 reprise par Ang\u00e8le, en collaboration avec le DJ fran\u00e7ais \u00e0 l&rsquo;occasion de la\u00a0c\u00e9r\u00e9monie de cl\u00f4ture des Jeux olympiques de Paris.<\/p>\n<\/div>\n<div dir=\"auto\"><a href=\"https:\/\/x.com\/i\/status\/2082410567684473270\">https:\/\/x.com\/i\/status\/2082410567684473270<\/a><\/div>\n<div dir=\"auto\"><img loading=\"lazy\" decoding=\"async\" class=\"alignnone wp-image-2165\" src=\"https:\/\/www.laurensoff.com\/wordpress\/wp-content\/uploads\/2026\/07\/Capture-decran-2026-07-29-133759.png\" alt=\"\" width=\"331\" height=\"185\" srcset=\"https:\/\/www.laurensoff.com\/wordpress\/wp-content\/uploads\/2026\/07\/Capture-decran-2026-07-29-133759.png 844w, https:\/\/www.laurensoff.com\/wordpress\/wp-content\/uploads\/2026\/07\/Capture-decran-2026-07-29-133759-300x168.png 300w, https:\/\/www.laurensoff.com\/wordpress\/wp-content\/uploads\/2026\/07\/Capture-decran-2026-07-29-133759-768x429.png 768w, https:\/\/www.laurensoff.com\/wordpress\/wp-content\/uploads\/2026\/07\/Capture-decran-2026-07-29-133759-600x336.png 600w\" sizes=\"auto, (max-width: 331px) 100vw, 331px\" \/><\/div>\n<div dir=\"auto\"><\/div>\n<\/div>\n<div class=\"x14z9mp xat24cr x1lziwak x1vvkbs xtlvy1s x126k92a\">\n<div dir=\"auto\">Sa piste de 2010, \u00ab\u00a0Nightcall\u00a0\u00bb, l&rsquo;a fait briller \u00e0 l&rsquo;\u00e9chelle mondiale, en lui offrant un titre dans un film am\u00e9ricain de drame, Drive. En 2024, apr\u00e8s son retour \u00e0 la musique apr\u00e8s une pause, Kavinsky a interpr\u00e9t\u00e9 la c\u00e9r\u00e9monie de cl\u00f4ture des Jeux olympiques \u00e0 Paris.<\/div>\n<\/div>\n<div class=\"x14z9mp xat24cr x1lziwak x1vvkbs xtlvy1s x126k92a\">\n<div dir=\"auto\">RIP <span class=\"html-span xexx8yu xyri2b x18d9i69 x1c1uobl x1hl2dhg x16tdsg8 x1vvkbs x3nfvp2 x1j61x8r x1fcty0u xdj266r xat24cr xm2jcoa x1mpyi22 xxymvpz xlup9mm x1kky2od\"><img loading=\"lazy\" decoding=\"async\" class=\"xz74otr x15mokao x1ga7v0g x16uus16 xbiv7yw\" src=\"https:\/\/static.xx.fbcdn.net\/images\/emoji.php\/v9\/t0\/1\/16\/1f5a4.png\" alt=\"\ud83d\udda4\" width=\"16\" height=\"16\" \/><\/span><\/div>\n<div dir=\"auto\"><\/div>\n<\/div>\n<p><iframe loading=\"lazy\" title=\"Kavinsky - Nightcall (Drive Original Movie Soundtrack) (Official Audio)\" src=\"https:\/\/www.youtube.com\/embed\/MV_3Dpw-BRY\" width=\"680\" height=\"240\" frameborder=\"0\" allowfullscreen=\"allowfullscreen\"><span style=\"display: inline-block; width: 0px; overflow: hidden; line-height: 0;\" data-mce-type=\"bookmark\" class=\"mce_SELRES_start\">\ufeff<\/span><\/iframe><\/p>\n<h3 class=\"small_subheading\"><\/h3>\n<ul class=\"list_unordered\">\n<li>Le DJ fran\u00e7ais Kavinsky a \u00e9t\u00e9 retrouv\u00e9 mort \u00e0 son domicile ce mardi 28 juillet, \u00e0 l&rsquo;\u00e2ge de 50 ans. Une enqu\u00eate a \u00e9t\u00e9 ouverte pour d\u00e9terminer l&rsquo;origine du d\u00e9c\u00e8s, indique le parquet de Paris.<\/li>\n<li>L&rsquo;artiste, de son vrai nom Vincent Belorgey, s&rsquo;\u00e9tait fait conna\u00eetre au d\u00e9but des ann\u00e9es 2010 avec son morceau <i>Nightcall<\/i>. Un morceau, utilis\u00e9 dans la bande originale du film <i>Drive<\/i>, avec Ryan Gosling, que le DJ avait repris, en 2024 aux c\u00f4t\u00e9s d&rsquo;Ang\u00e8le et du groupe Phoenix pour la c\u00e9r\u00e9monie de cl\u00f4ture des Jeux olympiques de Paris.<\/li>\n<\/ul>\n<p id=\"mwCg\"><b id=\"mwCw\">Kavinsky<\/b> (parfois stylis\u00e9 <b id=\"mwDA\">K\u0394VIN\u03dfKY<\/b>), de son vrai nom <b id=\"mwDQ\">Vincent Belorgey<\/b>, n\u00e9 le <time id=\"mwDg\" class=\"nowrap bday\" datetime=\"1975-07-31\" data-sort-value=\"1975-07-31\" data-mw=\"{&quot;parts&quot;:[{&quot;template&quot;:{&quot;target&quot;:{&quot;wt&quot;:&quot;Date de naissance&quot;,&quot;href&quot;:&quot;.\/Mod\u00e8le:Date_de_naissance&quot;},&quot;params&quot;:{&quot;1&quot;:{&quot;wt&quot;:&quot;31&quot;},&quot;2&quot;:{&quot;wt&quot;:&quot;juillet&quot;},&quot;3&quot;:{&quot;wt&quot;:&quot;1975&quot;}},&quot;i&quot;:0}}]}\">31 juillet 1975<\/time> en Seine-Saint-Denis et mort le <time id=\"mwEA\" class=\"nowrap dday\" datetime=\"2026-07-28\" data-sort-value=\"2026-07-28\" data-mw=\"{&quot;parts&quot;:[{&quot;template&quot;:{&quot;target&quot;:{&quot;wt&quot;:&quot;Date de d\u00e9c\u00e8s&quot;,&quot;href&quot;:&quot;.\/Mod\u00e8le:Date_de_d\u00e9c\u00e8s&quot;},&quot;params&quot;:{&quot;1&quot;:{&quot;wt&quot;:&quot;28&quot;},&quot;2&quot;:{&quot;wt&quot;:&quot;juillet&quot;},&quot;3&quot;:{&quot;wt&quot;:&quot;2026&quot;}},&quot;i&quot;:0}}]}\">28 juillet 2026<\/time> \u00e0 Paris, est un artiste de musique \u00e9lectronique et un acteur fran\u00e7ais.<\/p>\n<p id=\"mwFg\">Kavinsky a \u00e9t\u00e9 compar\u00e9 \u00e0 des artistes de la sc\u00e8ne \u00e9lectro, notamment Daft Punk, et a lui-m\u00eame inspir\u00e9 de nombreux autres, comme Perturbator ou encore Carpenter Brut. Il a obtenu la reconnaissance du grand public apr\u00e8s que sa chanson <i id=\"mwGg\">Nightcall<\/i> a \u00e9t\u00e9 remarqu\u00e9e dans la bande originale du film <i id=\"mwHQ\">Drive<\/i> de Nicolas Winding Refn en 2011.<\/p>\n<ul>\n<li>\n<p id=\"p-rc_bd9e598d41a38918-69\" data-path-to-node=\"1,1,0\"><b data-path-to-node=\"1,1,0\" data-index-in-node=\"0\">Piste m\u00e9dicale privil\u00e9gie :<\/b> Selon des sources polici\u00e8res et judiciaires cit\u00e9es par les m\u00e9dias (notamment <i data-path-to-node=\"1,1,0\" data-index-in-node=\"105\">Le Figaro<\/i> et <i data-path-to-node=\"1,1,0\" data-index-in-node=\"118\">Le Parisien<\/i>), la piste d&rsquo;un <b data-path-to-node=\"1,1,0\" data-index-in-node=\"146\">accident vasculaire c\u00e9r\u00e9bral (AVC)<\/b> est fortement privil\u00e9gi\u00e9e. <span class=\"citation-136 citation-end-136\">Kavinsky s&rsquo;\u00e9tait plaint de violents maux de t\u00eate durant les jours pr\u00e9c\u00e9dant sa disparition.<\/span><\/p>\n<\/li>\n<li>\n<p id=\"p-rc_bd9e598d41a38918-70\" data-path-to-node=\"1,2,0\"><b data-path-to-node=\"1,2,0\" data-index-in-node=\"0\">Enqu\u00eate en cours :<\/b> <span class=\"citation-135 citation-end-135\">Le parquet de Paris a ouvert une enqu\u00eate pour d\u00e9terminer les causes exactes du d\u00e9c\u00e8s.<\/span> <span class=\"citation-134\">Les secours et les enqu\u00eateurs ont pr\u00e9cis\u00e9 qu&rsquo;<\/span><b data-path-to-node=\"1,2,0\" data-index-in-node=\"150\"><span class=\"citation-134\">aucun \u00e9l\u00e9ment suspect<\/span><\/b><span class=\"citation-134 citation-end-134\"> ou marque de violence n&rsquo;a \u00e9t\u00e9 d\u00e9couvert sur place.<\/span><\/p>\n<\/li>\n<li>\n<p id=\"p-rc_bd9e598d41a38918-71\" data-path-to-node=\"1,3,0\"><b data-path-to-node=\"1,3,0\" data-index-in-node=\"0\">Pluie d&rsquo;hommages :<\/b> <span class=\"citation-133 citation-end-133\">Son d\u00e9c\u00e8s a suscit\u00e9 une vive \u00e9motion dans la sc\u00e8ne \u00e9lectro et au-del\u00e0.<\/span> <span class=\"citation-132\">Le pr\u00e9sident Emmanuel Macron et la ministre de la Culture Catherine P\u00e9gard lui ont rendu hommage, saluant une \u00ab fiert\u00e9 fran\u00e7aise \u00bb et l&rsquo;h\u00e9ritage d&rsquo;un artiste embl\u00e9matique de la French Touch rendu mondialement c\u00e9l\u00e8bre par le titre <\/span><i data-path-to-node=\"1,3,0\" data-index-in-node=\"320\"><span class=\"citation-132\">Nightcall<\/span><\/i><span class=\"citation-132 citation-end-132\">.<\/span><\/p>\n<\/li>\n<\/ul>\n","protected":false},"excerpt":{"rendered":"<p>L&rsquo;artiste de la maison fran\u00e7aise Kavinsky est d\u00e9c\u00e9d\u00e9, \u00e2g\u00e9 de 50 ans. Le producteur, v\u00e9ritable&#8230;<\/p>\n","protected":false},"author":1,"featured_media":2171,"comment_status":"open","ping_status":"closed","sticky":false,"template":"","format":"standard","meta":{"_jetpack_newsletter_access":"","_jetpack_dont_email_post_to_subs":false,"_jetpack_newsletter_tier_id":0,"_jetpack_memberships_contains_paywalled_content":false,"_jetpack_feature_clip_id":0,"_jetpack_memberships_contains_paid_content":false,"footnotes":"","jetpack_publicize_message":"","jetpack_publicize_feature_enabled":true,"jetpack_social_post_already_shared":true,"jetpack_social_options":{"image_generator_settings":{"template":"highway","default_image_id":0,"font":"","enabled":false},"version":2},"jetpack_post_was_ever_published":false},"categories":[741,377,1040,40],"tags":[110,88,1042,1043,91,1041,1044],"class_list":["post-2162","post","type-post","status-publish","format-standard","has-post-thumbnail","hentry","category-741","category-disparition","category-djs","category-hommage","tag-50-ans","tag-dj","tag-kavinsky","tag-mort","tag-musique","tag-nightcall","tag-vincent-belorgey"],"jetpack_publicize_connections":[],"jetpack_sharing_enabled":true,"jetpack_featured_media_url":"https:\/\/www.laurensoff.com\/wordpress\/wp-content\/uploads\/2026\/07\/HOY1UYtbgAAxm4t.jpg","_links":{"self":[{"href":"https:\/\/www.laurensoff.com\/wordpress\/wp-json\/wp\/v2\/posts\/2162","targetHints":{"allow":["GET"]}}],"collection":[{"href":"https:\/\/www.laurensoff.com\/wordpress\/wp-json\/wp\/v2\/posts"}],"about":[{"href":"https:\/\/www.laurensoff.com\/wordpress\/wp-json\/wp\/v2\/types\/post"}],"author":[{"embeddable":true,"href":"https:\/\/www.laurensoff.com\/wordpress\/wp-json\/wp\/v2\/users\/1"}],"replies":[{"embeddable":true,"href":"https:\/\/www.laurensoff.com\/wordpress\/wp-json\/wp\/v2\/comments?post=2162"}],"version-history":[{"count":9,"href":"https:\/\/www.laurensoff.com\/wordpress\/wp-json\/wp\/v2\/posts\/2162\/revisions"}],"predecessor-version":[{"id":2181,"href":"https:\/\/www.laurensoff.com\/wordpress\/wp-json\/wp\/v2\/posts\/2162\/revisions\/2181"}],"wp:featuredmedia":[{"embeddable":true,"href":"https:\/\/www.laurensoff.com\/wordpress\/wp-json\/wp\/v2\/media\/2171"}],"wp:attachment":[{"href":"https:\/\/www.laurensoff.com\/wordpress\/wp-json\/wp\/v2\/media?parent=2162"}],"wp:term":[{"taxonomy":"category","embeddable":true,"href":"https:\/\/www.laurensoff.com\/wordpress\/wp-json\/wp\/v2\/categories?post=2162"},{"taxonomy":"post_tag","embeddable":true,"href":"https:\/\/www.laurensoff.com\/wordpress\/wp-json\/wp\/v2\/tags?post=2162"}],"curies":[{"name":"wp","href":"https:\/\/api.w.org\/{rel}","templated":true}]}}