{"id":2158,"date":"2026-07-28T20:24:44","date_gmt":"2026-07-28T19:24:44","guid":{"rendered":"https:\/\/www.laurensoff.com\/wordpress\/?p=2158"},"modified":"2026-07-28T20:25:09","modified_gmt":"2026-07-28T19:25:09","slug":"inquietudes-autour-du-projet-de-mega-centrale-solaire-en-gironde","status":"publish","type":"post","link":"https:\/\/www.laurensoff.com\/wordpress\/inquietudes-autour-du-projet-de-mega-centrale-solaire-en-gironde\/","title":{"rendered":"inqui\u00e9tudes autour du projet de m\u00e9ga centrale solaire en Gironde"},"content":{"rendered":"<div class=\"jsx-32c55baa97dddfbe jsx-3688962233 jsx-1378462635 jsx-3089739101 jsx-1238060798 jsx-1572980910 ArticleHeaderImage__Wrapper_Title_Content\">\n<div class=\"jsx-3411456019 jsx-3265099073 jsx-1872500691 ArticleHeaderTitle__Wrapper flex flex-column\">\n<h1 class=\"jsx-1721971818 Title \" data-testid=\"article-title\">\u00ab\u00a0On ne met pas des panneaux au milieu de la for\u00eat !\u00a0\u00bb : inqui\u00e9tudes autour du projet de m\u00e9ga centrale solaire en Gironde<\/h1>\n<\/div>\n<div class=\"jsx-1256425152 jsx-4280153234 jsx-338025469 ArticleHeaderSign\">\n<div class=\"jsx-1256425152 jsx-4280153234 jsx-338025469 ArticleHeaderSign__Author flex items-center\" data-testid=\"article-bloc-author\"><span class=\"jsx-1256425152 jsx-4280153234 jsx-338025469\">par M.T | Reportage Tristan Vartanian, Morgan Plouchart, Nicolas Forestier<\/span><\/div>\n<div data-testid=\"article-bloc-author\"><a href=\"https:\/\/www.tf1info.fr\/environnement-ecologie\/video-reportage-on-ne-met-pas-des-panneaux-au-milieu-de-la-foret-inquietudes-autour-du-projet-de-mega-centrale-solaire-pres-de-bordeaux-en-gironde-2299467.html\">https:\/\/www.tf1info.fr\/environnement-ecologie\/video-reportage-on-ne-met-pas-des-panneaux-au-milieu-de-la-foret-inquietudes-autour-du-projet-de-mega-centrale-solaire-pres-de-bordeaux-en-gironde-2299467.html<\/a><\/div>\n<\/div>\n<\/div>\n<div class=\"jsx-a2e2feb2a010d590 Time ArticleHeaderImage__Time\">\n<p class=\"jsx-a2e2feb2a010d590 Time\" data-testid=\"article-published-date\">Ils veulent construire la plus grande centrale solaire de France, en pleine for\u00eat. Baptis\u00e9 Horizeo, ce projet pr\u00e9voit la construction, d&rsquo;ici quatre ans, d&rsquo;un parc photovolta\u00efque d&rsquo;une puissance de 800 m\u00e9gawatts (MW) sur 680 hectares de for\u00eat \u00e0 Saucats (Gironde). Dans le d\u00e9tail, 1200 hectares de cette immense for\u00eat priv\u00e9e seront d\u00e9bois\u00e9s, l&rsquo;\u00e9quivalent de 1500 fois la pelouse du stade de France (images d&rsquo;illustration ci-dessous).<\/p>\n<\/div>\n","protected":false},"excerpt":{"rendered":"<p>\u00ab\u00a0On ne met pas des panneaux au milieu de la for\u00eat !\u00a0\u00bb : inqui\u00e9tudes autour&#8230;<\/p>\n","protected":false},"author":1,"featured_media":2159,"comment_status":"open","ping_status":"closed","sticky":false,"template":"","format":"standard","meta":{"_jetpack_newsletter_access":"","_jetpack_dont_email_post_to_subs":false,"_jetpack_newsletter_tier_id":0,"_jetpack_memberships_contains_paywalled_content":false,"_jetpack_feature_clip_id":0,"_jetpack_memberships_contains_paid_content":false,"footnotes":"","jetpack_publicize_message":"","jetpack_publicize_feature_enabled":true,"jetpack_social_post_already_shared":true,"jetpack_social_options":{"image_generator_settings":{"template":"highway","default_image_id":0,"font":"","enabled":false},"version":2},"jetpack_post_was_ever_published":false},"categories":[1038,1037,1039],"tags":[],"class_list":["post-2158","post","type-post","status-publish","format-standard","has-post-thumbnail","hentry","category-bordeaux","category-photovoltaique","category--de-foret"],"jetpack_publicize_connections":[],"jetpack_sharing_enabled":true,"jetpack_featured_media_url":"https:\/\/www.laurensoff.com\/wordpress\/wp-content\/uploads\/2026\/07\/Capture-decran-2026-07-28-212148.png","_links":{"self":[{"href":"https:\/\/www.laurensoff.com\/wordpress\/wp-json\/wp\/v2\/posts\/2158","targetHints":{"allow":["GET"]}}],"collection":[{"href":"https:\/\/www.laurensoff.com\/wordpress\/wp-json\/wp\/v2\/posts"}],"about":[{"href":"https:\/\/www.laurensoff.com\/wordpress\/wp-json\/wp\/v2\/types\/post"}],"author":[{"embeddable":true,"href":"https:\/\/www.laurensoff.com\/wordpress\/wp-json\/wp\/v2\/users\/1"}],"replies":[{"embeddable":true,"href":"https:\/\/www.laurensoff.com\/wordpress\/wp-json\/wp\/v2\/comments?post=2158"}],"version-history":[{"count":2,"href":"https:\/\/www.laurensoff.com\/wordpress\/wp-json\/wp\/v2\/posts\/2158\/revisions"}],"predecessor-version":[{"id":2161,"href":"https:\/\/www.laurensoff.com\/wordpress\/wp-json\/wp\/v2\/posts\/2158\/revisions\/2161"}],"wp:featuredmedia":[{"embeddable":true,"href":"https:\/\/www.laurensoff.com\/wordpress\/wp-json\/wp\/v2\/media\/2159"}],"wp:attachment":[{"href":"https:\/\/www.laurensoff.com\/wordpress\/wp-json\/wp\/v2\/media?parent=2158"}],"wp:term":[{"taxonomy":"category","embeddable":true,"href":"https:\/\/www.laurensoff.com\/wordpress\/wp-json\/wp\/v2\/categories?post=2158"},{"taxonomy":"post_tag","embeddable":true,"href":"https:\/\/www.laurensoff.com\/wordpress\/wp-json\/wp\/v2\/tags?post=2158"}],"curies":[{"name":"wp","href":"https:\/\/api.w.org\/{rel}","templated":true}]}}