{"id":2136,"date":"2026-07-23T14:07:48","date_gmt":"2026-07-23T13:07:48","guid":{"rendered":"https:\/\/www.laurensoff.com\/wordpress\/?p=2136"},"modified":"2026-07-23T14:07:48","modified_gmt":"2026-07-23T13:07:48","slug":"meteo-ete-juillet-aout-2026-il-va-faire-tres-chaud-en-france-en-europe","status":"publish","type":"post","link":"https:\/\/www.laurensoff.com\/wordpress\/meteo-ete-juillet-aout-2026-il-va-faire-tres-chaud-en-france-en-europe\/","title":{"rendered":"M\u00e9t\u00e9o \u00e9t\u00e9 Juillet Aout 2026 il va faire tr\u00e8s chaud en France en Europe"},"content":{"rendered":"<p>D\u00f4me de chaleur\u00a0! encore et encore !<br \/>\nLes PR\u00c9VISIONS deviennent INQUI\u00c9TANTES pour la semaine prochaine ! Juillet Ao\u00fbt 2026<br \/>\nGr\u00e2ce \u00e0 M\u00e9t\u00e9o 37 !<br \/>\nAbonnez vous \u00e0 sa cha\u00eene <a href=\"https:\/\/www.youtube.com\/@meteo37\">https:\/\/www.youtube.com\/@meteo37<\/a><br \/>\nF\u00e9licitations quelles belles pr\u00e9dictions et analyses<\/p>\n<p><iframe loading=\"lazy\" title=\"Les PR\u00c9VISIONS deviennent INQUI\u00c9TANTES pour la semaine prochaine !\" src=\"https:\/\/www.youtube.com\/embed\/He3MUAfy7yM\" width=\"640\" height=\"320\" frameborder=\"0\" allowfullscreen=\"allowfullscreen\"><span style=\"display: inline-block; width: 0px; overflow: hidden; line-height: 0;\" data-mce-type=\"bookmark\" class=\"mce_SELRES_start\">\ufeff<\/span><span style=\"display: inline-block; width: 0px; overflow: hidden; line-height: 0;\" data-mce-type=\"bookmark\" class=\"mce_SELRES_start\">\ufeff<\/span><\/iframe><\/p>\n","protected":false},"excerpt":{"rendered":"<p>D\u00f4me de chaleur\u00a0! encore et encore ! Les PR\u00c9VISIONS deviennent INQUI\u00c9TANTES pour la semaine prochaine&#8230;<\/p>\n","protected":false},"author":1,"featured_media":2137,"comment_status":"open","ping_status":"closed","sticky":false,"template":"","format":"video","meta":{"_jetpack_newsletter_access":"","_jetpack_dont_email_post_to_subs":false,"_jetpack_newsletter_tier_id":0,"_jetpack_memberships_contains_paywalled_content":false,"_jetpack_feature_clip_id":0,"_jetpack_memberships_contains_paid_content":false,"footnotes":"","jetpack_publicize_message":"","jetpack_publicize_feature_enabled":true,"jetpack_social_post_already_shared":true,"jetpack_social_options":{"image_generator_settings":{"template":"highway","default_image_id":0,"font":"","enabled":false},"version":2},"jetpack_post_was_ever_published":false},"categories":[741,951,863,331],"tags":[],"class_list":["post-2136","post","type-post","status-publish","format-video","has-post-thumbnail","hentry","category-741","category-ete","category-france","category-meteo","post_format-post-format-video"],"jetpack_publicize_connections":[],"jetpack_sharing_enabled":true,"jetpack_featured_media_url":"https:\/\/www.laurensoff.com\/wordpress\/wp-content\/uploads\/2026\/07\/Capture-decran-2026-07-23-150239.png","_links":{"self":[{"href":"https:\/\/www.laurensoff.com\/wordpress\/wp-json\/wp\/v2\/posts\/2136","targetHints":{"allow":["GET"]}}],"collection":[{"href":"https:\/\/www.laurensoff.com\/wordpress\/wp-json\/wp\/v2\/posts"}],"about":[{"href":"https:\/\/www.laurensoff.com\/wordpress\/wp-json\/wp\/v2\/types\/post"}],"author":[{"embeddable":true,"href":"https:\/\/www.laurensoff.com\/wordpress\/wp-json\/wp\/v2\/users\/1"}],"replies":[{"embeddable":true,"href":"https:\/\/www.laurensoff.com\/wordpress\/wp-json\/wp\/v2\/comments?post=2136"}],"version-history":[{"count":1,"href":"https:\/\/www.laurensoff.com\/wordpress\/wp-json\/wp\/v2\/posts\/2136\/revisions"}],"predecessor-version":[{"id":2138,"href":"https:\/\/www.laurensoff.com\/wordpress\/wp-json\/wp\/v2\/posts\/2136\/revisions\/2138"}],"wp:featuredmedia":[{"embeddable":true,"href":"https:\/\/www.laurensoff.com\/wordpress\/wp-json\/wp\/v2\/media\/2137"}],"wp:attachment":[{"href":"https:\/\/www.laurensoff.com\/wordpress\/wp-json\/wp\/v2\/media?parent=2136"}],"wp:term":[{"taxonomy":"category","embeddable":true,"href":"https:\/\/www.laurensoff.com\/wordpress\/wp-json\/wp\/v2\/categories?post=2136"},{"taxonomy":"post_tag","embeddable":true,"href":"https:\/\/www.laurensoff.com\/wordpress\/wp-json\/wp\/v2\/tags?post=2136"}],"curies":[{"name":"wp","href":"https:\/\/api.w.org\/{rel}","templated":true}]}}