{"id":2125,"date":"2026-07-23T13:04:47","date_gmt":"2026-07-23T12:04:47","guid":{"rendered":"https:\/\/www.laurensoff.com\/wordpress\/?p=2125"},"modified":"2026-07-23T13:05:46","modified_gmt":"2026-07-23T12:05:46","slug":"chat-control-de-quoi-sagit-il","status":"publish","type":"post","link":"https:\/\/www.laurensoff.com\/wordpress\/chat-control-de-quoi-sagit-il\/","title":{"rendered":"Chat Control : de quoi s\u2019agit-il ?"},"content":{"rendered":"<h2 id=\"Chat Control\u00a0: de quoi s\u2019agit-il\u00a0?\">Chat Control\u00a0: de quoi s\u2019agit-il\u00a0?<\/h2>\n<p><strong>Au cours de l\u2019\u00e9t\u00e9 2025, le dossier \u00ab\u00a0Chat Control\u00a0\u00bb est devenu un sujet br\u00fblant dans le d\u00e9bat public. Lors d\u2019un vote tr\u00e8s important, le 14 octobre prochain, les gouvernements des \u00c9tats membres de l\u2019UE d\u00e9cideront d\u2019approuver ou de rejeter un texte qui veut instaurer une surveillance de masse, briser le chiffrement des communications et mettre fin \u00e0 l\u2019anonymat en ligne\u00a0: le r\u00e8glement CSAR. Mais nous avons encore une bonne occasion d\u2019emp\u00eacher l\u2019adoption de ces mesures qui contr\u00f4leraient nos conversations, car le syst\u00e8me l\u00e9gislatif europ\u00e9en nous laisse encore des possibilit\u00e9s de contrepouvoirs d\u00e9mocratiques.<\/strong><\/p>\n<p>Durant l\u2019\u00e9t\u00e9 2025, le sujet des libert\u00e9s num\u00e9riques a perc\u00e9 la bulle du microcosme l\u00e9gislatif europ\u00e9en pour devenir un sujet de conversation pour les l\u00e9gislateurs nationaux, les influenceurs en ligne, et m\u00eame pour les ap\u00e9ros entre amis et les d\u00eeners en famille. Tout \u00e7a \u00e0 cause d\u2019une proposition de r\u00e8glement europ\u00e9en appel\u00e9e \u00ab\u00a0Chat Control\u00a0\u00bb.<\/p>\n<p>Chat Control a suscit\u00e9 <a href=\"https:\/\/www.techradar.com\/computing\/cyber-security\/chat-control-the-list-of-countries-opposing-the-law-grows-but-support-remains-strong\">un grand int\u00e9r\u00eat<\/a> sur les r\u00e9seaux sociaux et dans le d\u00e9bat public, \u00e0 juste titre, en raison de <a href=\"https:\/\/edri.org\/our-work\/most-criticised-eu-law-of-all-time\/\">plusieurs mesures draconiennes<\/a>. De nombreuses voix ont d\u00e9nonc\u00e9 les atteintes particuli\u00e8res aux droits des journalistes, des <a href=\"https:\/\/internet.exchangepoint.tech\/why-feminists-must-defend-encryption\/\">communaut\u00e9s LGBTQIA+<\/a>, des parents qui <a href=\"https:\/\/www.iccl.ie\/news\/an-garda-siochana-unlawfully-retains-files-on-innocent-people-who-it-has-already-cleared-of-producing-or-sharing-of-child-sex-abuse-material\/\">partagent leurs photos de famille<\/a>, des <a href=\"https:\/\/www.ccbe.eu\/fileadmin\/speciality_distribution\/public\/documents\/SURVEILLANCE\/SVL_Position_papers\/EN_SVL_20221125_CCBE-position-on-the-proposal-for-a-regulation-laying-down-rules-to-prevent-and-combat-child-sexual-abuse.pdf\">avocats<\/a>, et m\u00eame des enfants eux-m\u00eames \u2013 que ce texte est pourtant cens\u00e9 prot\u00e9ger.<\/p>\n<p>Lire la suite \u00a9 sur\u00a0 <a href=\"https:\/\/www.laquadrature.net\/2025\/10\/03\/chat-control-on-fait-le-point\/\">https:\/\/www.laquadrature.net\/2025\/10\/03\/chat-control-on-fait-le-point\/<\/a><\/p>\n","protected":false},"excerpt":{"rendered":"<p>Chat Control\u00a0: de quoi s\u2019agit-il\u00a0? Au cours de l\u2019\u00e9t\u00e9 2025, le dossier \u00ab\u00a0Chat Control\u00a0\u00bb est&#8230;<\/p>\n","protected":false},"author":1,"featured_media":2126,"comment_status":"open","ping_status":"closed","sticky":false,"template":"","format":"standard","meta":{"_jetpack_newsletter_access":"","_jetpack_dont_email_post_to_subs":false,"_jetpack_newsletter_tier_id":0,"_jetpack_memberships_contains_paywalled_content":false,"_jetpack_feature_clip_id":0,"_jetpack_memberships_contains_paid_content":false,"footnotes":"","jetpack_publicize_message":"","jetpack_publicize_feature_enabled":true,"jetpack_social_post_already_shared":true,"jetpack_social_options":{"image_generator_settings":{"template":"highway","default_image_id":0,"font":"","enabled":false},"version":2},"jetpack_post_was_ever_published":false},"categories":[741,988,622,483,476,277,250,200,894],"tags":[],"class_list":["post-2125","post","type-post","status-publish","format-standard","has-post-thumbnail","hentry","category-741","category-complots","category-discussion","category-documentaire","category-droit","category-freedom","category-gouvernement","category-grokipedia","category-wokisme"],"jetpack_publicize_connections":[],"jetpack_sharing_enabled":true,"jetpack_featured_media_url":"https:\/\/www.laurensoff.com\/wordpress\/wp-content\/uploads\/2026\/07\/pmecdn.protonweb-e1784808229494.webp","_links":{"self":[{"href":"https:\/\/www.laurensoff.com\/wordpress\/wp-json\/wp\/v2\/posts\/2125","targetHints":{"allow":["GET"]}}],"collection":[{"href":"https:\/\/www.laurensoff.com\/wordpress\/wp-json\/wp\/v2\/posts"}],"about":[{"href":"https:\/\/www.laurensoff.com\/wordpress\/wp-json\/wp\/v2\/types\/post"}],"author":[{"embeddable":true,"href":"https:\/\/www.laurensoff.com\/wordpress\/wp-json\/wp\/v2\/users\/1"}],"replies":[{"embeddable":true,"href":"https:\/\/www.laurensoff.com\/wordpress\/wp-json\/wp\/v2\/comments?post=2125"}],"version-history":[{"count":2,"href":"https:\/\/www.laurensoff.com\/wordpress\/wp-json\/wp\/v2\/posts\/2125\/revisions"}],"predecessor-version":[{"id":2128,"href":"https:\/\/www.laurensoff.com\/wordpress\/wp-json\/wp\/v2\/posts\/2125\/revisions\/2128"}],"wp:featuredmedia":[{"embeddable":true,"href":"https:\/\/www.laurensoff.com\/wordpress\/wp-json\/wp\/v2\/media\/2126"}],"wp:attachment":[{"href":"https:\/\/www.laurensoff.com\/wordpress\/wp-json\/wp\/v2\/media?parent=2125"}],"wp:term":[{"taxonomy":"category","embeddable":true,"href":"https:\/\/www.laurensoff.com\/wordpress\/wp-json\/wp\/v2\/categories?post=2125"},{"taxonomy":"post_tag","embeddable":true,"href":"https:\/\/www.laurensoff.com\/wordpress\/wp-json\/wp\/v2\/tags?post=2125"}],"curies":[{"name":"wp","href":"https:\/\/api.w.org\/{rel}","templated":true}]}}