{"id":2120,"date":"2026-07-21T14:07:54","date_gmt":"2026-07-21T13:07:54","guid":{"rendered":"https:\/\/www.laurensoff.com\/wordpress\/?p=2120"},"modified":"2026-07-21T14:09:07","modified_gmt":"2026-07-21T13:09:07","slug":"un-regard-quotidien-sur-le-monde-par-claude-serillon-journaliste-ecrivain-et-ancien-conseiller-du-president","status":"publish","type":"post","link":"https:\/\/www.laurensoff.com\/wordpress\/un-regard-quotidien-sur-le-monde-par-claude-serillon-journaliste-ecrivain-et-ancien-conseiller-du-president\/","title":{"rendered":"Un regard quotidien sur le Monde par Claude S\u00e9rillon journaliste, \u00e9crivain et ancien conseiller du pr\u00e9sident"},"content":{"rendered":"<p>BLOG \/ Un regard quotidien sur le Monde<\/p>\n<p>Claude S\u00e9rillon est journaliste, \u00e9crivain et ancien conseiller du pr\u00e9sident et tout le monde se souvient de son sourire et de sa bonne humeur et surtout son professionnalisme.<\/p>\n<p>Abonnez vous \u00e0 son Journal Int\u00e9rieur est son espace d&rsquo;\u00e9criture quotidien \u2014 un regard personnel sur l&rsquo;actualit\u00e9, le monde et les hommes.<\/p>\n<p><a class=\"x1fey0fg xmper1u x1edh9d7\" href=\"https:\/\/www.journalinterieur.fr\/\">https:\/\/www.journalinterieur.fr\/<\/a><\/p>\n<p>Un article par jour.<\/p>\n<p><a href=\"https:\/\/www.journalinterieur.fr\/\"><img loading=\"lazy\" decoding=\"async\" class=\"alignnone  wp-image-2121\" src=\"https:\/\/www.laurensoff.com\/wordpress\/wp-content\/uploads\/2026\/07\/Capture-decran-2026-07-21-145154.png\" alt=\"\" width=\"621\" height=\"269\" srcset=\"https:\/\/www.laurensoff.com\/wordpress\/wp-content\/uploads\/2026\/07\/Capture-decran-2026-07-21-145154.png 1435w, https:\/\/www.laurensoff.com\/wordpress\/wp-content\/uploads\/2026\/07\/Capture-decran-2026-07-21-145154-300x130.png 300w, https:\/\/www.laurensoff.com\/wordpress\/wp-content\/uploads\/2026\/07\/Capture-decran-2026-07-21-145154-1024x444.png 1024w, https:\/\/www.laurensoff.com\/wordpress\/wp-content\/uploads\/2026\/07\/Capture-decran-2026-07-21-145154-768x333.png 768w, https:\/\/www.laurensoff.com\/wordpress\/wp-content\/uploads\/2026\/07\/Capture-decran-2026-07-21-145154-600x260.png 600w\" sizes=\"auto, (max-width: 621px) 100vw, 621px\" \/><\/a><\/p>\n","protected":false},"excerpt":{"rendered":"<p>BLOG \/ Un regard quotidien sur le Monde Claude S\u00e9rillon est journaliste, \u00e9crivain et ancien&#8230;<\/p>\n","protected":false},"author":1,"featured_media":2121,"comment_status":"open","ping_status":"closed","sticky":false,"template":"","format":"standard","meta":{"_jetpack_newsletter_access":"","_jetpack_dont_email_post_to_subs":false,"_jetpack_newsletter_tier_id":0,"_jetpack_memberships_contains_paywalled_content":false,"_jetpack_feature_clip_id":0,"_jetpack_memberships_contains_paid_content":false,"footnotes":"","jetpack_publicize_message":"","jetpack_publicize_feature_enabled":true,"jetpack_social_post_already_shared":true,"jetpack_social_options":{"image_generator_settings":{"template":"highway","default_image_id":0,"font":"","enabled":false},"version":2},"jetpack_post_was_ever_published":false},"categories":[741,1027,1026,1025,1024],"tags":[],"class_list":["post-2120","post","type-post","status-publish","format-standard","has-post-thumbnail","hentry","category-741","category-blogger","category-ecrivain","category-journaliste","category-metiers"],"jetpack_publicize_connections":[],"jetpack_sharing_enabled":true,"jetpack_featured_media_url":"https:\/\/www.laurensoff.com\/wordpress\/wp-content\/uploads\/2026\/07\/Capture-decran-2026-07-21-145154.png","_links":{"self":[{"href":"https:\/\/www.laurensoff.com\/wordpress\/wp-json\/wp\/v2\/posts\/2120","targetHints":{"allow":["GET"]}}],"collection":[{"href":"https:\/\/www.laurensoff.com\/wordpress\/wp-json\/wp\/v2\/posts"}],"about":[{"href":"https:\/\/www.laurensoff.com\/wordpress\/wp-json\/wp\/v2\/types\/post"}],"author":[{"embeddable":true,"href":"https:\/\/www.laurensoff.com\/wordpress\/wp-json\/wp\/v2\/users\/1"}],"replies":[{"embeddable":true,"href":"https:\/\/www.laurensoff.com\/wordpress\/wp-json\/wp\/v2\/comments?post=2120"}],"version-history":[{"count":3,"href":"https:\/\/www.laurensoff.com\/wordpress\/wp-json\/wp\/v2\/posts\/2120\/revisions"}],"predecessor-version":[{"id":2124,"href":"https:\/\/www.laurensoff.com\/wordpress\/wp-json\/wp\/v2\/posts\/2120\/revisions\/2124"}],"wp:featuredmedia":[{"embeddable":true,"href":"https:\/\/www.laurensoff.com\/wordpress\/wp-json\/wp\/v2\/media\/2121"}],"wp:attachment":[{"href":"https:\/\/www.laurensoff.com\/wordpress\/wp-json\/wp\/v2\/media?parent=2120"}],"wp:term":[{"taxonomy":"category","embeddable":true,"href":"https:\/\/www.laurensoff.com\/wordpress\/wp-json\/wp\/v2\/categories?post=2120"},{"taxonomy":"post_tag","embeddable":true,"href":"https:\/\/www.laurensoff.com\/wordpress\/wp-json\/wp\/v2\/tags?post=2120"}],"curies":[{"name":"wp","href":"https:\/\/api.w.org\/{rel}","templated":true}]}}