{"id":2091,"date":"2026-07-20T08:14:01","date_gmt":"2026-07-20T07:14:01","guid":{"rendered":"https:\/\/www.laurensoff.com\/wordpress\/?p=2091"},"modified":"2026-07-20T08:14:01","modified_gmt":"2026-07-20T07:14:01","slug":"lepave-du-p38-lightning-en-baie-de-saint-cyr-sur-mer-la-ciotat","status":"publish","type":"post","link":"https:\/\/www.laurensoff.com\/wordpress\/lepave-du-p38-lightning-en-baie-de-saint-cyr-sur-mer-la-ciotat\/","title":{"rendered":"L\u2019\u00e9pave du P38 Lightning en baie de Saint-Cyr sur-mer\/La Ciotat."},"content":{"rendered":"<div class=\"xdj266r x14z9mp xat24cr x1lziwak x1vvkbs x126k92a\">\n<div dir=\"auto\">Jeudi 16 juillet 2026 vers 10H00 du matin le navire de croisi\u00e8re Corinthian Orient Express Sailing Yachts exploit\u00e9 par MSC Cruises Official et propri\u00e9t\u00e9 de accorgroup et <span class=\"html-span xdj266r x14z9mp xat24cr x1lziwak xexx8yu xyri2b x18d9i69 x1c1uobl x1hl2dhg x16tdsg8 x1vvkbs\">LVMH<\/span> a d\u00e9truit l\u2019\u00e9pave du P38 Lightning en baie de Saint-Cyr sur-mer\/La Ciotat.<\/div>\n<\/div>\n<div class=\"x14z9mp xat24cr x1lziwak x1vvkbs xtlvy1s x126k92a\">\n<div dir=\"auto\">Un bateau ultra-luxe pour ultra-riches propri\u00e9t\u00e9 d\u2019ultra-puissants qui se permettent d\u2019un revers d\u2019ancre une triple destruction.<\/div>\n<\/div>\n<div class=\"x14z9mp xat24cr x1lziwak x1vvkbs xtlvy1s x126k92a\">\n<div dir=\"auto\">DESTRUCTION du patrimoine maritime et arch\u00e9ologique<\/div>\n<\/div>\n<div class=\"x14z9mp xat24cr x1lziwak x1vvkbs xtlvy1s x126k92a\">\n<div dir=\"auto\">L\u2019\u00e9pave de l\u2019avion P38 (le m\u00eame mod\u00e8le que celui d\u2019Antoine de Saint-Exup\u00e9ry) gisait depuis 1944 par 38 m\u00e8tres de fond sur un substrat s\u00e9dimentaire. Selon la loi une \u00e9pave appartient \u00e0 son pays d\u2019origine, ici les \u00c9tats-Unis. Abattu pendant la seconde guerre mondiale, le pilote Harry H. Greenup avait r\u00e9ussi \u00e0 s\u2019extirper de l\u2019avion apr\u00e8s amerrissage. Une chance pour le Corinthian qui ne d\u00e9truit \u00ab que \u00bb un artefact historique et non une s\u00e9pulture militaire\u2026<\/div>\n<\/div>\n<div class=\"x14z9mp xat24cr x1lziwak x1vvkbs xtlvy1s x126k92a\">\n<div dir=\"auto\">DESTRUCTION de la biodiversit\u00e9<\/div>\n<\/div>\n<div class=\"x14z9mp xat24cr x1lziwak x1vvkbs xtlvy1s x126k92a\">\n<div dir=\"auto\">Avec le temps les \u00e9paves deviennent des r\u00e9cifs artificiels et des refuges pour les esp\u00e8ces marines. Jeudi matin c\u2019est donc tout un petit monde de mostelles, anthias, langoustes, \u00e9ponges et rougets qui se sont fait laminer \u00e0 coup de cha\u00eene.<\/div>\n<\/div>\n<div class=\"x14z9mp xat24cr x1lziwak x1vvkbs xtlvy1s x126k92a\">\n<div dir=\"auto\">DESTRUCTION \u00e9conomique<\/div>\n<\/div>\n<div class=\"x14z9mp xat24cr x1lziwak x1vvkbs xtlvy1s x126k92a\">\n<div dir=\"auto\">L\u2019\u00e9pave du P38 \u00e9tait la seule \u00e9pave raisonnablement accessible (-38 m\u00e8tres) pour les 5 centres de plong\u00e9e sous-marine et 2 centres d\u2019apn\u00e9e de la baie de La Ciotat\/Saint-Cyr-sur-mer. En quelques minutes c\u2019est la destruction du capital \u00e9conomique et touristique de nos TPE. Ce n\u2019est donc pas cette ann\u00e9e qu\u2019on se paiera une cabine sur le Corinthian\u2026<\/div>\n<\/div>\n<div class=\"x14z9mp xat24cr x1lziwak x1vvkbs xtlvy1s x126k92a\">\n<div dir=\"auto\">1. L\u2019\u00e9pave du P38 en 2019<\/div>\n<div dir=\"auto\">2,3,4,6. Rougets, mostelles, langoustes\u2026 le P38 \u00e9tait devenu l\u2019habitat de nombreuses esp\u00e8ces end\u00e9miques de <span class=\"html-span xdj266r x14z9mp xat24cr x1lziwak xexx8yu xyri2b x18d9i69 x1c1uobl x1hl2dhg x16tdsg8 x1vvkbs\">#mediterranee<\/span><\/div>\n<\/div>\n<div class=\"x14z9mp xat24cr x1lziwak x1vvkbs xtlvy1s x126k92a\">\n<div dir=\"auto\"><span class=\"html-span xdj266r x14z9mp xat24cr x1lziwak xexx8yu xyri2b x18d9i69 x1c1uobl x1hl2dhg x16tdsg8 x1vvkbs\">#wreck<\/span> <span class=\"html-span xdj266r x14z9mp xat24cr x1lziwak xexx8yu xyri2b x18d9i69 x1c1uobl x1hl2dhg x16tdsg8 x1vvkbs\">#underwaterlife<\/span> <span class=\"html-span xdj266r x14z9mp xat24cr x1lziwak xexx8yu xyri2b x18d9i69 x1c1uobl x1hl2dhg x16tdsg8 x1vvkbs\">#environnement<\/span><\/p>\n<div class=\"x1i10hfl xjbqb8w x1ejq31n x18oe1m7 x1sy0etr xstzfhl x972fbf x10w94by x1qhh985 x14e42zd x9f619 x1ypdohk xt0psk2 x3ct3a4 xdj266r x14z9mp xat24cr x1lziwak xexx8yu xyri2b x18d9i69 x1c1uobl x16tdsg8 x1hl2dhg xggy1nq x1a2a7pz xkrqix3 x1sur9pj xzsf02u x1s688f\" tabindex=\"0\" role=\"button\"><\/div>\n<\/div>\n<\/div>\n","protected":false},"excerpt":{"rendered":"<p>Jeudi 16 juillet 2026 vers 10H00 du matin le navire de croisi\u00e8re Corinthian Orient Express&#8230;<\/p>\n","protected":false},"author":1,"featured_media":2092,"comment_status":"open","ping_status":"closed","sticky":false,"template":"","format":"standard","meta":{"_jetpack_newsletter_access":"","_jetpack_dont_email_post_to_subs":false,"_jetpack_newsletter_tier_id":0,"_jetpack_memberships_contains_paywalled_content":false,"_jetpack_feature_clip_id":0,"_jetpack_memberships_contains_paid_content":false,"footnotes":"","jetpack_publicize_message":"","jetpack_publicize_feature_enabled":true,"jetpack_social_post_already_shared":true,"jetpack_social_options":{"image_generator_settings":{"template":"highway","default_image_id":0,"font":"","enabled":false},"version":2},"jetpack_post_was_ever_published":false},"categories":[741,724,1009,1011,377,40],"tags":[],"class_list":["post-2091","post","type-post","status-publish","format-standard","has-post-thumbnail","hentry","category-741","category-accident","category-avion-jet-prive","category-bateau","category-disparition","category-hommage"],"jetpack_publicize_connections":[],"jetpack_sharing_enabled":true,"jetpack_featured_media_url":"https:\/\/www.laurensoff.com\/wordpress\/wp-content\/uploads\/2026\/07\/750615622_18475431121110138_5903518709236962985_n-scaled-e1784531611988.jpg","_links":{"self":[{"href":"https:\/\/www.laurensoff.com\/wordpress\/wp-json\/wp\/v2\/posts\/2091","targetHints":{"allow":["GET"]}}],"collection":[{"href":"https:\/\/www.laurensoff.com\/wordpress\/wp-json\/wp\/v2\/posts"}],"about":[{"href":"https:\/\/www.laurensoff.com\/wordpress\/wp-json\/wp\/v2\/types\/post"}],"author":[{"embeddable":true,"href":"https:\/\/www.laurensoff.com\/wordpress\/wp-json\/wp\/v2\/users\/1"}],"replies":[{"embeddable":true,"href":"https:\/\/www.laurensoff.com\/wordpress\/wp-json\/wp\/v2\/comments?post=2091"}],"version-history":[{"count":1,"href":"https:\/\/www.laurensoff.com\/wordpress\/wp-json\/wp\/v2\/posts\/2091\/revisions"}],"predecessor-version":[{"id":2093,"href":"https:\/\/www.laurensoff.com\/wordpress\/wp-json\/wp\/v2\/posts\/2091\/revisions\/2093"}],"wp:featuredmedia":[{"embeddable":true,"href":"https:\/\/www.laurensoff.com\/wordpress\/wp-json\/wp\/v2\/media\/2092"}],"wp:attachment":[{"href":"https:\/\/www.laurensoff.com\/wordpress\/wp-json\/wp\/v2\/media?parent=2091"}],"wp:term":[{"taxonomy":"category","embeddable":true,"href":"https:\/\/www.laurensoff.com\/wordpress\/wp-json\/wp\/v2\/categories?post=2091"},{"taxonomy":"post_tag","embeddable":true,"href":"https:\/\/www.laurensoff.com\/wordpress\/wp-json\/wp\/v2\/tags?post=2091"}],"curies":[{"name":"wp","href":"https:\/\/api.w.org\/{rel}","templated":true}]}}