{"id":2087,"date":"2026-07-20T07:48:17","date_gmt":"2026-07-20T06:48:17","guid":{"rendered":"https:\/\/www.laurensoff.com\/wordpress\/?p=2087"},"modified":"2026-07-20T07:48:17","modified_gmt":"2026-07-20T06:48:17","slug":"coupe-du-monde-2026-lespagne-sacree-championne-du-monde","status":"publish","type":"post","link":"https:\/\/www.laurensoff.com\/wordpress\/coupe-du-monde-2026-lespagne-sacree-championne-du-monde\/","title":{"rendered":"Coupe du Monde 2026 : l&rsquo;Espagne sacr\u00e9e championne du Monde"},"content":{"rendered":"<h1 class=\"\n\n            md:bng-leading-[42px]\n            rtl:md:bng-leading-[42px]        \n            rtl:bng-leading-[32px]\n            bng-font-Gotham-Arabic\n            bng-pb-4\n            lg:bng-px-0\n            bng-break-words\n          rtl:bng-text-article-title bng-text-black ltr:bng-text-[32px]  ltr:bng-leading-[42px] bng-font-bold bng-px-5\n          bng-text-[#1A1A1A]\n        \">Coupe du Monde 2026 : l&rsquo;Espagne sacr\u00e9e championne du Monde au terme d&rsquo;un combat haletant contre l&rsquo;Argentine<\/h1>\n<div class=\"\n            bng-font-Gotham-Arabic        \n            lg:bng-px-0\n               bng-text-black  bng-opacity-50 bng-font-[350] bng-text-xs  bng-flex bng-flex-row bng-pb-5 bng-px-5\n          \"><\/p>\n<ul>\n<li>\n<h2 class=\"\n                  md:rtl:bng-text-[22px]\n                  rtl:bng-text-[20px]\n                  rtl:bng-font-bold\n                   bng-text-black bng-text-lg  ltr:bng-tracking-[0.7px]\n            \">Au terme d&rsquo;une finale aux airs de combat, l&rsquo;Espagne remporte sa deuxi\u00e8me Coupe du Monde en battant l&rsquo;Argentine 1-0 en prolongation gr\u00e2ce \u00e0 un but de Ferran Torres. Apr\u00e8s le doubl\u00e9 2008-2010, la Roja r\u00e9alise un nouveau doubl\u00e9 en encha\u00eenant un Euro et une Coupe du Monde en deux ans.<\/h2>\n<\/li>\n<\/ul>\n<div class=\"ltr:bng-pl-1 rtl:bng-pr-1\">L&rsquo;Espagne est championne du monde ! Au terme d&rsquo;une finale \u00e2pre et intens\u00e9ment disput\u00e9e qui a tenu en haleine la plan\u00e8te football pendant plus de deux heures, la Roja a eu raison d&rsquo;une Argentine accrocheuse et d\u00e9termin\u00e9e en s&rsquo;imposant 1-0 en prolongation gr\u00e2ce \u00e0 un but d\u00e9cisif de Ferran Torres. Un seul but, arrach\u00e9 dans les derniers instants d&rsquo;une rencontre qui a ressembl\u00e9 davantage \u00e0 un combat qu&rsquo;\u00e0 une d\u00e9monstration technique, mais qui suffit \u00e0 couronner une \u00e9quipe espagnole qui aura domin\u00e9 cette Coupe du Monde de bout en bout avec une r\u00e9gularit\u00e9 et une ma\u00eetrise impressionnantes. Pour l&rsquo;Argentine et Lionel Messi, la d\u00e9ception est immense apr\u00e8s un tournoi personnel \u00e9poustouflant de la Pulga, qui repart sans le troph\u00e9e qu&rsquo;il esp\u00e9rait tant soulever une derni\u00e8re fois avant de raccrocher d\u00e9finitivement avec la s\u00e9lection. Du c\u00f4t\u00e9 espagnol en revanche, c&rsquo;est une explosion de joie et de fiert\u00e9 qui accompagne ce sacre historique. En encha\u00eenant un titre \u00e0 l&rsquo;Euro 2024 et un sacre mondial en 2026, la Roja r\u00e9alise un doubl\u00e9 aussi impressionnant que celui accompli entre 2008 et 2010, confirmant ainsi que cette g\u00e9n\u00e9ration dor\u00e9e du football espagnol m\u00e9rite pleinement sa place parmi les plus grandes \u00e9quipes de l&rsquo;histoire du football mondial. Lamine Yamal, Rodri, Oyarzabal et leurs co\u00e9quipiers peuvent savourer : ils sont entr\u00e9s dans la l\u00e9gend<\/div>\n<\/div>\n<section class=\"lg:bng-px-0\n      bng-px-5\n    \"><\/p>\n<div class=\"bng-py-5 bng-pb-5 bng-relative bng-flex bng-items-center\">\n<div class=\"bng-flex-grow bng-border-t bng-border-black bng-opacity-20\"><img loading=\"lazy\" decoding=\"async\" class=\"alignnone size-full wp-image-2089\" src=\"https:\/\/www.laurensoff.com\/wordpress\/wp-content\/uploads\/2026\/07\/jfhj.jpg\" alt=\"\" width=\"201\" height=\"251\" \/><\/div>\n<\/div>\n<ul class=\" bng-flex bng-flex-col bng-pr-3 bng-list-none \">\n<li class=\" bng-text-main bng-text-xl bng-font-GothamNarrow-Arabic bng-font-medium first:bng-pt-0 bng-pt-2 \">\n<h2 class=\"\n                  md:rtl:bng-text-[22px]\n                  rtl:bng-text-[20px]\n                  rtl:bng-font-bold\n                   bng-text-black bng-text-lg  ltr:bng-tracking-[0.7px]\n            \"><\/h2>\n<\/li>\n<\/ul>\n<div class=\"bng-pt-5 bng-pb-12 bng-relative bng-flex bng-items-center\">\n<div class=\"bng-flex-grow bng-border-t bng-border-black bng-opacity-20\"><\/div>\n<\/div>\n<\/section>\n<div class=\"\">\n<div class=\"lg:bng-px-0 bng-rounded-[18px]  \n                 bng-px-5 first:bng-pt-0 bng-pt-[15px]\"><\/p>\n<div class=\"bng-link-body bng-font-light rtl:bng-font-normal bng-font-Merriweather-Arabic bng-text-p\" dir=\"ltr\">\n<p>e.<\/p>\n<\/div>\n<\/div>\n<\/div>\n","protected":false},"excerpt":{"rendered":"<p>Coupe du Monde 2026 : l&rsquo;Espagne sacr\u00e9e championne du Monde au terme d&rsquo;un combat haletant&#8230;<\/p>\n","protected":false},"author":1,"featured_media":2088,"comment_status":"open","ping_status":"closed","sticky":false,"template":"","format":"standard","meta":{"_jetpack_newsletter_access":"","_jetpack_dont_email_post_to_subs":false,"_jetpack_newsletter_tier_id":0,"_jetpack_memberships_contains_paywalled_content":false,"_jetpack_feature_clip_id":0,"_jetpack_memberships_contains_paid_content":false,"footnotes":"","jetpack_publicize_message":"","jetpack_publicize_feature_enabled":true,"jetpack_social_post_already_shared":true,"jetpack_social_options":{"image_generator_settings":{"template":"highway","default_image_id":0,"font":"","enabled":false},"version":2},"jetpack_post_was_ever_published":false},"categories":[741,643,786],"tags":[],"class_list":["post-2087","post","type-post","status-publish","format-standard","has-post-thumbnail","hentry","category-741","category-agenda","category-football-"],"jetpack_publicize_connections":[],"jetpack_sharing_enabled":true,"jetpack_featured_media_url":"https:\/\/www.laurensoff.com\/wordpress\/wp-content\/uploads\/2026\/07\/images-2.jpg","_links":{"self":[{"href":"https:\/\/www.laurensoff.com\/wordpress\/wp-json\/wp\/v2\/posts\/2087","targetHints":{"allow":["GET"]}}],"collection":[{"href":"https:\/\/www.laurensoff.com\/wordpress\/wp-json\/wp\/v2\/posts"}],"about":[{"href":"https:\/\/www.laurensoff.com\/wordpress\/wp-json\/wp\/v2\/types\/post"}],"author":[{"embeddable":true,"href":"https:\/\/www.laurensoff.com\/wordpress\/wp-json\/wp\/v2\/users\/1"}],"replies":[{"embeddable":true,"href":"https:\/\/www.laurensoff.com\/wordpress\/wp-json\/wp\/v2\/comments?post=2087"}],"version-history":[{"count":1,"href":"https:\/\/www.laurensoff.com\/wordpress\/wp-json\/wp\/v2\/posts\/2087\/revisions"}],"predecessor-version":[{"id":2090,"href":"https:\/\/www.laurensoff.com\/wordpress\/wp-json\/wp\/v2\/posts\/2087\/revisions\/2090"}],"wp:featuredmedia":[{"embeddable":true,"href":"https:\/\/www.laurensoff.com\/wordpress\/wp-json\/wp\/v2\/media\/2088"}],"wp:attachment":[{"href":"https:\/\/www.laurensoff.com\/wordpress\/wp-json\/wp\/v2\/media?parent=2087"}],"wp:term":[{"taxonomy":"category","embeddable":true,"href":"https:\/\/www.laurensoff.com\/wordpress\/wp-json\/wp\/v2\/categories?post=2087"},{"taxonomy":"post_tag","embeddable":true,"href":"https:\/\/www.laurensoff.com\/wordpress\/wp-json\/wp\/v2\/tags?post=2087"}],"curies":[{"name":"wp","href":"https:\/\/api.w.org\/{rel}","templated":true}]}}