{"id":2075,"date":"2026-07-16T21:59:45","date_gmt":"2026-07-16T20:59:45","guid":{"rendered":"https:\/\/www.laurensoff.com\/wordpress\/?p=2075"},"modified":"2026-07-17T11:05:08","modified_gmt":"2026-07-17T10:05:08","slug":"11-jets-prives-et-le-rechauffement-climatique-les-pilotes-et-les-membres-des-ecuries-f1-arrivent-au-gp-de-belgique-2026","status":"publish","type":"post","link":"https:\/\/www.laurensoff.com\/wordpress\/11-jets-prives-et-le-rechauffement-climatique-les-pilotes-et-les-membres-des-ecuries-f1-arrivent-au-gp-de-belgique-2026\/","title":{"rendered":"11 Jets Priv\u00e9s et le R\u00e9chauffement climatique Les pilotes et les membres des \u00e9curies F1 arrivent au GP de Belgique 2026 en Jet"},"content":{"rendered":"<p><span class=\"ytAttributedStringHost ytAttributedStringWhiteSpacePreWrap\" dir=\"auto\"><span class=\"ytAttributedStringLinkInheritColor\" dir=\"auto\">On voudrait juste attirer votre attention sur le r\u00e9chauffement climatique pour les septiques alors qu&rsquo;on nous casse les pieds avec les climatiseurs et nos Diesels ? <\/span><\/span><\/p>\n<p><span class=\"ytAttributedStringHost ytAttributedStringWhiteSpacePreWrap\" dir=\"auto\"><span class=\"ytAttributedStringLinkInheritColor\" dir=\"auto\">Vous en avez pas marre de croire \u00e0 ses balivernes ? <\/span><\/span><\/p>\n<p><span class=\"ytAttributedStringHost ytAttributedStringWhiteSpacePreWrap\" dir=\"auto\"><span class=\"ytAttributedStringLinkInheritColor\" dir=\"auto\">Les pilotes et les membres des \u00e9curies arrivent \u00e0 Li\u00e8ge (EBLG) avant le GP de Belgique de F1 2026 \u00e0 Spa-Francorchamps. Bon visionnage !<\/span><\/span><\/p>\n<p><span class=\"ytAttributedStringHost ytAttributedStringWhiteSpacePreWrap\" dir=\"auto\"> <span class=\"ytAttributedStringLinkInheritColor\" dir=\"auto\"><a class=\"ytAttributedStringLink ytAttributedStringLinkCallToActionColor\" tabindex=\"0\" href=\"https:\/\/www.youtube.com\/watch?v=6hN3_iaH4ys\" target=\"\" aria-label=\"0\u00a0seconde\">0:00<\/a><\/span><span class=\"ytAttributedStringLinkInheritColor\" dir=\"auto\"> Fred Vasseur et les membres de l&rsquo;\u00e9curie Ferrari VistaJet Challenger 350 depuis Bologne Immatriculation : 9H-VCC Temps de vol : 1h19<\/span><\/span><\/p>\n<p><span class=\"ytAttributedStringHost ytAttributedStringWhiteSpacePreWrap\" dir=\"auto\"><span class=\"ytAttributedStringLinkInheritColor\" dir=\"auto\"><a class=\"ytAttributedStringLink ytAttributedStringLinkCallToActionColor\" tabindex=\"0\" href=\"https:\/\/www.youtube.com\/watch?v=6hN3_iaH4ys&amp;t=110s\" target=\"\" aria-label=\"1 minute et 50\u00a0secondes\">1:50<\/a><\/span><span class=\"ytAttributedStringLinkInheritColor\" dir=\"auto\"> Carlos Sainz et Alex Albon VistaJet Citation XLS+ depuis Oxford Immatriculation : D-CXLS Temps de vol : 0h54<\/span><\/span><\/p>\n<p><span class=\"ytAttributedStringHost ytAttributedStringWhiteSpacePreWrap\" dir=\"auto\"> <span class=\"ytAttributedStringLinkInheritColor\" dir=\"auto\"><a class=\"ytAttributedStringLink ytAttributedStringLinkCallToActionColor\" tabindex=\"0\" href=\"https:\/\/www.youtube.com\/watch?v=6hN3_iaH4ys&amp;t=255s\" target=\"\" aria-label=\"4 minutes et 15\u00a0secondes\">4:15<\/a><\/span><span class=\"ytAttributedStringLinkInheritColor\" dir=\"auto\"> George Russell, Oscar Piastri et Lando Norris Excellent Air Citation CJ4 depuis Nice Immatriculation : D-CKAB Temps de vol : 1h16<\/span><\/span><\/p>\n<p><span class=\"ytAttributedStringHost ytAttributedStringWhiteSpacePreWrap\" dir=\"auto\"> <span class=\"ytAttributedStringLinkInheritColor\" dir=\"auto\"><a class=\"ytAttributedStringLink ytAttributedStringLinkCallToActionColor\" tabindex=\"0\" href=\"https:\/\/www.youtube.com\/watch?v=6hN3_iaH4ys&amp;t=455s\" target=\"\" aria-label=\"7 minutes et 35\u00a0secondes\">7:35<\/a><\/span><span class=\"ytAttributedStringLinkInheritColor\" dir=\"auto\"> Charles Leclerc VistaJet Challenger 605 depuis Bologne Immatriculation : 9H-VFC Temps de vol : 1h20<\/span><\/span><\/p>\n<p><span class=\"ytAttributedStringHost ytAttributedStringWhiteSpacePreWrap\" dir=\"auto\"> <span class=\"ytAttributedStringLinkInheritColor\" dir=\"auto\"><a class=\"ytAttributedStringLink ytAttributedStringLinkCallToActionColor\" tabindex=\"0\" href=\"https:\/\/www.youtube.com\/watch?v=6hN3_iaH4ys&amp;t=530s\" target=\"\" aria-label=\"8 minutes et 50\u00a0secondes\">8:50<\/a><\/span><span class=\"ytAttributedStringLinkInheritColor\" dir=\"auto\"> Valtteri Bottas Smart Jet Beechcraft 400XP depuis Nice Immatriculation : SP-ATT Temps de vol : 1h19<\/span><\/span><\/p>\n<p><span class=\"ytAttributedStringHost ytAttributedStringWhiteSpacePreWrap\" dir=\"auto\"> <span class=\"ytAttributedStringLinkInheritColor\" dir=\"auto\"><a class=\"ytAttributedStringLink ytAttributedStringLinkCallToActionColor\" tabindex=\"0\" href=\"https:\/\/www.youtube.com\/watch?v=6hN3_iaH4ys&amp;t=621s\" target=\"\" aria-label=\"10 minutes et 21\u00a0secondes\">10:21<\/a><\/span><span class=\"ytAttributedStringLinkInheritColor\" dir=\"auto\"> Fernando Alonso Global Jet Falcon 2000LX depuis Strasbourg Immatriculation : LX-SCO Temps de vol : 0h34<\/span><\/span><\/p>\n<p><span class=\"ytAttributedStringHost ytAttributedStringWhiteSpacePreWrap\" dir=\"auto\"> <span class=\"ytAttributedStringLinkInheritColor\" dir=\"auto\"><a class=\"ytAttributedStringLink ytAttributedStringLinkCallToActionColor\" tabindex=\"0\" href=\"https:\/\/www.youtube.com\/watch?v=6hN3_iaH4ys&amp;t=710s\" target=\"\" aria-label=\"11 minutes et 50\u00a0secondes\">11:50<\/a><\/span><span class=\"ytAttributedStringLinkInheritColor\" dir=\"auto\"> Lance Stroll ? Le Global 5000 de Lawrence Stroll depuis Nice Immatriculation : OE-ILS Temps de vol : 1h14<\/span><\/span><\/p>\n<p><span class=\"ytAttributedStringHost ytAttributedStringWhiteSpacePreWrap\" dir=\"auto\"> <span class=\"ytAttributedStringLinkInheritColor\" dir=\"auto\"><a class=\"ytAttributedStringLink ytAttributedStringLinkCallToActionColor\" tabindex=\"0\" href=\"https:\/\/www.youtube.com\/watch?v=6hN3_iaH4ys&amp;t=867s\" target=\"\" aria-label=\"14 minutes et 27\u00a0secondes\">14:27<\/a><\/span><span class=\"ytAttributedStringLinkInheritColor\" dir=\"auto\"> Sergio Perez Arriv\u00e9e en Global Express XRS depuis Madrid Immatriculation : XA-COE Temps de vol : 1h42<\/span><\/span><\/p>\n<p><span class=\"ytAttributedStringHost ytAttributedStringWhiteSpacePreWrap\" dir=\"auto\"> <span class=\"ytAttributedStringLinkInheritColor\" dir=\"auto\"><a class=\"ytAttributedStringLink ytAttributedStringLinkCallToActionColor\" tabindex=\"0\" href=\"https:\/\/www.youtube.com\/watch?v=6hN3_iaH4ys&amp;t=877s\" target=\"\" aria-label=\"14 minutes et 37\u00a0secondes\">14:37<\/a><\/span><span class=\"ytAttributedStringLinkInheritColor\" dir=\"auto\"> Membres de l&rsquo;\u00e9curie Mercedes F1 Air Charters Europe ERJ-135LR depuis Londres Immatriculation : PH-DWC Temps de vol : 0h51<\/span><\/span><\/p>\n<p><span class=\"ytAttributedStringHost ytAttributedStringWhiteSpacePreWrap\" dir=\"auto\"> <span class=\"ytAttributedStringLinkInheritColor\" dir=\"auto\"><a class=\"ytAttributedStringLink ytAttributedStringLinkCallToActionColor\" tabindex=\"0\" href=\"https:\/\/www.youtube.com\/watch?v=6hN3_iaH4ys&amp;t=962s\" target=\"\" aria-label=\"16 minutes et 2\u00a0secondes\">16:02<\/a><\/span><span class=\"ytAttributedStringLinkInheritColor\" dir=\"auto\"> Weerts Group Gulfstream G700 depuis Rimini Immatriculation : OO-WEG<\/span><\/span><\/p>\n<p><span class=\"ytAttributedStringHost ytAttributedStringWhiteSpacePreWrap\" dir=\"auto\"> <span class=\"ytAttributedStringLinkInheritColor\" dir=\"auto\"><a class=\"ytAttributedStringLink ytAttributedStringLinkCallToActionColor\" tabindex=\"0\" href=\"https:\/\/www.youtube.com\/watch?v=6hN3_iaH4ys&amp;t=1032s\" target=\"\" aria-label=\"17 minutes et 12\u00a0secondes\">17:12<\/a><\/span><span class=\"ytAttributedStringLinkInheritColor\" dir=\"auto\"> Membres de l&rsquo;\u00e9curie McLaren F1 Air Charters Europe ERJ-145 depuis Farnborough Immatriculation : PH-DWA Temps de vol : 0h50<\/span><\/span><\/p>\n<h2 data-path-to-node=\"2\">1. Combien d&rsquo;avions volent en ce moment dans le monde ?<\/h2>\n<p id=\"p-rc_8c22317ba3582ba7-24\" data-path-to-node=\"3\"><span class=\"citation-23 citation-end-23\">\u00c0 tout moment, le ciel mondial est incroyablement encombr\u00e9 :<\/span><\/p>\n<ul data-path-to-node=\"4\">\n<li>\n<p id=\"p-rc_8c22317ba3582ba7-25\" data-path-to-node=\"4,0,0\"><b data-path-to-node=\"4,0,0\" data-index-in-node=\"0\"><span class=\"citation-22 citation-end-22\">En permanence :<\/span><\/b> <span class=\"citation-21\">On estime qu&rsquo;il y a en moyenne entre <\/span><b data-path-to-node=\"4,0,0\" data-index-in-node=\"53\"><span class=\"citation-21\">12 000 et 14 000 avions commerciaux<\/span><\/b><span class=\"citation-21 citation-end-21\"> simultan\u00e9ment en l&rsquo;air.<\/span><\/p>\n<\/li>\n<li>\n<p data-path-to-node=\"4,1,0\"><b data-path-to-node=\"4,1,0\" data-index-in-node=\"0\">Aux heures de pointe :<\/b> Si l&rsquo;on ajoute l&rsquo;aviation priv\u00e9e, le fret et les vols militaires, ce chiffre grimpe r\u00e9guli\u00e8rement pour d\u00e9passer les <b data-path-to-node=\"4,1,0\" data-index-in-node=\"139\">20 000 \u00e0 24 000 appareils<\/b> en vol en m\u00eame temps (notamment pendant l&rsquo;apr\u00e8s-midi en Europe et aux \u00c9tats-Unis).<\/p>\n<\/li>\n<li>\n<p id=\"p-rc_8c22317ba3582ba7-26\" data-path-to-node=\"4,2,0\"><b data-path-to-node=\"4,2,0\" data-index-in-node=\"0\"><span class=\"citation-20 citation-end-20\">\u00c0 l&rsquo;\u00e9chelle d&rsquo;une journ\u00e9e :<\/span><\/b> Il y a environ <b data-path-to-node=\"4,2,0\" data-index-in-node=\"43\">100 000 \u00e0 130 000 vols<\/b> quotidiens.<\/p>\n<\/li>\n<\/ul>\n<h2 id=\"p-rc_8c22317ba3582ba7-27\" data-path-to-node=\"6\"><span class=\"citation-19 citation-end-19\">2. Combien de compagnies a\u00e9riennes existent ?<\/span><\/h2>\n<p data-path-to-node=\"7\">\u00c0 l&rsquo;\u00e9chelle internationale, les donn\u00e9es officielles (comme celles de l&rsquo;OAG) recensent environ <b data-path-to-node=\"7\" data-index-in-node=\"94\">733 compagnies a\u00e9riennes commerciales actives<\/b> qui exploitent des vols r\u00e9guliers \u00e0 travers le globe.<\/p>\n<h2 data-path-to-node=\"9\">3. Et juste au-dessus de l&rsquo;h\u00f4tel ?<\/h2>\n<p id=\"p-rc_8c22317ba3582ba7-28\" data-path-to-node=\"10\"><span class=\"citation-18 citation-end-18\">Il est impossible de donner un chiffre fixe \u00ab\u00a0en permanence\u00a0\u00bb pour un point pr\u00e9cis comme un h\u00f4tel, car le trafic a\u00e9rien d\u00e9pend de la g\u00e9ographie locale (couloirs a\u00e9riens, proximit\u00e9 d&rsquo;un grand a\u00e9roport, vents).<\/span><\/p>\n<p data-path-to-node=\"11\">Cependant, vous pouvez voir la r\u00e9ponse en temps r\u00e9el et en direct !<\/p>\n<blockquote data-path-to-node=\"12\">\n<p data-path-to-node=\"12,0\"><b data-path-to-node=\"12,0\" data-index-in-node=\"0\">L&rsquo;astuce pour le savoir tout de suite :<\/b><\/p>\n<p data-path-to-node=\"12,0\">Vous pouvez utiliser l&rsquo;application ou le site gratuit <b data-path-to-node=\"12,0\" data-index-in-node=\"94\">Flightradar24<\/b>. En activant la g\u00e9olocalisation de votre t\u00e9l\u00e9phone, la carte affichera pr\u00e9cis\u00e9ment tous les avions qui passent au-dessus de vous. En cliquant sur chaque ic\u00f4ne d&rsquo;avion, vous obtiendrez instantan\u00e9ment :<\/p>\n<ul data-path-to-node=\"12,1\">\n<li>\n<p data-path-to-node=\"12,1,0,0\">Le nom de la <b data-path-to-node=\"12,1,0,0\" data-index-in-node=\"13\">compagnie a\u00e9rienne<\/b> (Air France, EasyJet, Delta, etc.).<\/p>\n<\/li>\n<li>\n<p data-path-to-node=\"12,1,1,0\">Le mod\u00e8le de l&rsquo;appareil.<\/p>\n<\/li>\n<li>\n<p data-path-to-node=\"12,1,2,0\">Sa provenance, sa destination et son altitude.<\/p>\n<\/li>\n<\/ul>\n<\/blockquote>\n<p data-path-to-node=\"13\">C&rsquo;est le meilleur moyen de faire votre propre observation en direct depuis votre fen\u00eatre ou le balcon !<\/p>\n<p data-path-to-node=\"0\">Tout comme pour les avions, le nombre de bateaux sur l&rsquo;eau varie \u00e9norm\u00e9ment selon ce que l&rsquo;on compte : les mastodontes du commerce mondial, les bateaux de p\u00eache ou les bateaux de plaisance.<\/p>\n<p data-path-to-node=\"1\">Voici un aper\u00e7u de la situation sur nos oc\u00e9ans en ce moment m\u00eame :<\/p>\n<h2 id=\"p-rc_73260c383459f08e-38\" data-path-to-node=\"3\"><span class=\"citation-49 citation-end-49\">1. Combien de bateaux naviguent en temps r\u00e9el ?<\/span><\/h2>\n<p data-path-to-node=\"4\">Si l&rsquo;on regarde les syst\u00e8mes de suivi mondial (comme l&rsquo;AIS, le syst\u00e8me d&rsquo;identification automatique obligatoire pour la s\u00e9curit\u00e9 en mer) :<\/p>\n<ul data-path-to-node=\"5\">\n<li>\n<p data-path-to-node=\"5,0,0\"><b data-path-to-node=\"5,0,0\" data-index-in-node=\"0\">En permanence :<\/b> Il y a entre <b data-path-to-node=\"5,0,0\" data-index-in-node=\"29\">100 000 et 200 000 navires actifs<\/b> en cours de navigation simultan\u00e9e sur le globe (cargos, p\u00e9troliers, paquebots, grands voiliers, navires de p\u00eache industrielle).<\/p>\n<\/li>\n<li>\n<p id=\"p-rc_73260c383459f08e-39\" data-path-to-node=\"5,1,0\"><b data-path-to-node=\"5,1,0\" data-index-in-node=\"0\"><span class=\"citation-48 citation-end-48\">La flotte marchande globale :<\/span><\/b> La flotte de commerce internationale \u00ab\u00a0active\u00a0\u00bb (les g\u00e9ants qui transportent 90 % des marchandises mondiales) compte environ <b data-path-to-node=\"5,1,0\" data-index-in-node=\"153\">100 000 navires de grande taille<\/b>.<\/p>\n<\/li>\n<li>\n<p data-path-to-node=\"5,2,0\"><b data-path-to-node=\"5,2,0\" data-index-in-node=\"0\">Si on compte tout :<\/b> Si l&rsquo;on ajoute les petits bateaux de p\u00eache artisanale, les yachts et la plaisance, la FAO (Organisation des Nations unies pour l&rsquo;alimentation et l&rsquo;agriculture) estime qu&rsquo;il y a environ <b data-path-to-node=\"5,2,0\" data-index-in-node=\"205\">4 millions de navires<\/b> de p\u00eache dans le monde.<\/p>\n<\/li>\n<\/ul>\n<h2 id=\"p-rc_73260c383459f08e-40\" data-path-to-node=\"7\"><span class=\"citation-47 citation-end-47\">2. La r\u00e9partition de la flotte de commerce mondiale<\/span><\/h2>\n<p data-path-to-node=\"8\">La flotte marchande se divise principalement en quelques grandes cat\u00e9gories de colosses des mers :<\/p>\n<table data-path-to-node=\"9\">\n<thead>\n<tr>\n<td><strong>Type de navire<\/strong><\/td>\n<td><strong>R\u00f4le principal<\/strong><\/td>\n<td><strong>Nombre approximatif en service<\/strong><\/td>\n<\/tr>\n<\/thead>\n<tbody>\n<tr>\n<td><span data-path-to-node=\"9,1,0,0\"><b data-path-to-node=\"9,1,0,0\" data-index-in-node=\"0\">Vraquiers<\/b><\/span><\/td>\n<td><span data-path-to-node=\"9,1,1,0\">Transport de mati\u00e8res premi\u00e8res s\u00e8ches (charbon, grains, minerai)<\/span><\/td>\n<td><span data-path-to-node=\"9,1,2,0\">~12 700<\/span><\/td>\n<\/tr>\n<tr>\n<td><span data-path-to-node=\"9,2,0,0\"><b data-path-to-node=\"9,2,0,0\" data-index-in-node=\"0\">Navires-citernes &amp; P\u00e9troliers<\/b><\/span><\/td>\n<td><span data-path-to-node=\"9,2,1,0\">Transport de p\u00e9trole, gaz (GNL\/GPL) et produits chimiques<\/span><\/td>\n<td><span data-path-to-node=\"9,2,2,0\">~16 000<\/span><\/td>\n<\/tr>\n<tr>\n<td><span data-path-to-node=\"9,3,0,0\"><b data-path-to-node=\"9,3,0,0\" data-index-in-node=\"0\">Porte-conteneurs<\/b><\/span><\/td>\n<td><span data-path-to-node=\"9,3,1,0\">Transport des marchandises du quotidien en bo\u00eetes m\u00e9talliques<\/span><\/td>\n<td><span data-path-to-node=\"9,3,2,0\">~5 600<\/span><\/td>\n<\/tr>\n<tr>\n<td><span data-path-to-node=\"9,4,0,0\"><b data-path-to-node=\"9,4,0,0\" data-index-in-node=\"0\">Cargos divers<\/b><\/span><\/td>\n<td><span data-path-to-node=\"9,4,1,0\">Marchandises g\u00e9n\u00e9rales et colis lourds<\/span><\/td>\n<td><span data-path-to-node=\"9,4,2,0\">~19 000<\/span><\/td>\n<\/tr>\n<tr>\n<td><span data-path-to-node=\"9,5,0,0\"><b data-path-to-node=\"9,5,0,0\" data-index-in-node=\"0\">Navires de passagers<\/b><\/span><\/td>\n<td><span data-path-to-node=\"9,5,1,0\">Ferries et paquebots de croisi\u00e8re<\/span><\/td>\n<td><span data-path-to-node=\"9,5,2,0\">~9 000<\/span><\/td>\n<\/tr>\n<\/tbody>\n<\/table>\n<h2 data-path-to-node=\"11\">3. Comment les voir en direct au large ?<\/h2>\n<p data-path-to-node=\"12\">Tout comme Flightradar24 pour le ciel, il existe des outils fantastiques et gratuits pour observer en temps r\u00e9el le trafic maritime au large de nos c\u00f4tes :<\/p>\n<ul data-path-to-node=\"13\">\n<li>\n<p id=\"p-rc_73260c383459f08e-41\" data-path-to-node=\"13,0,0\"><b data-path-to-node=\"13,0,0\" data-index-in-node=\"0\"><span class=\"citation-46 citation-end-46\">MarineTraffic<\/span><\/b> <span class=\"citation-45\">ou <\/span><b data-path-to-node=\"13,0,0\" data-index-in-node=\"17\"><span class=\"citation-45\">VesselFinder<\/span><\/b><span class=\"citation-45 citation-end-45\"> : Ces sites et applications affichent une carte du monde interactive satur\u00e9e de petits triangles color\u00e9s (chaque couleur correspond \u00e0 un type de navire : vert pour les cargos, rouge pour les p\u00e9troliers, bleu pour les bateaux de passagers&#8230;).<\/span><\/p>\n<\/li>\n<li>\n<p data-path-to-node=\"13,1,0\">En zoomant pr\u00e8s de chez vous, vous pouvez cliquer sur n&rsquo;importe quel point pour voir sa photo, sa vitesse, ce qu&rsquo;il transporte, d&rsquo;o\u00f9 il vient et o\u00f9 il va.<\/p>\n<\/li>\n<li>\n<p id=\"p-rc_1b4e9e3e8603bbfc-53\" data-path-to-node=\"0\"><b data-path-to-node=\"0\" data-index-in-node=\"47\"><span class=\"citation-98 citation-end-98\">il y a aujourd&rsquo;hui plus de t\u00e9l\u00e9phones portables actifs sur Terre qu&rsquo;il n&rsquo;y a d&rsquo;\u00eatres humains !<\/span><\/b><\/p>\n<p data-path-to-node=\"1\">Pour bien comprendre cette r\u00e9alit\u00e9, il faut distinguer le nombre d&rsquo;appareils en circulation du nombre de personnes qui les poss\u00e8dent.<\/p>\n<h2 id=\"p-rc_1b4e9e3e8603bbfc-54\" data-path-to-node=\"3\"><span class=\"citation-97 citation-end-97\">1. Les chiffres cl\u00e9s en 2026<\/span><\/h2>\n<p data-path-to-node=\"4\">Le paysage mobile mondial se d\u00e9compose de la mani\u00e8re suivante :<\/p>\n<ul data-path-to-node=\"5\">\n<li>\n<p id=\"p-rc_1b4e9e3e8603bbfc-55\" data-path-to-node=\"5,0,0\"><b data-path-to-node=\"5,0,0\" data-index-in-node=\"0\"><span class=\"citation-96 citation-end-96\">Les t\u00e9l\u00e9phones portables actifs :<\/span><\/b> On estime qu&rsquo;il y a environ <b data-path-to-node=\"5,0,0\" data-index-in-node=\"62\">8,3 \u00e0 8,5 milliards de t\u00e9l\u00e9phones portables connect\u00e9s<\/b> en circulation dans le monde.<\/p>\n<\/li>\n<li>\n<p id=\"p-rc_1b4e9e3e8603bbfc-56\" data-path-to-node=\"5,1,0\"><b data-path-to-node=\"5,1,0\" data-index-in-node=\"0\"><span class=\"citation-95 citation-end-95\">Les smartphones :<\/span><\/b> <span class=\"citation-94\">Sur ce total, la tr\u00e8s grande majorit\u00e9 sont des smartphones (des t\u00e9l\u00e9phones intelligents avec \u00e9cran tactile et acc\u00e8s internet), qui repr\u00e9sentent environ <\/span><b data-path-to-node=\"5,1,0\" data-index-in-node=\"170\"><span class=\"citation-94\">7,64 milliards d&rsquo;appareils<\/span><\/b><span class=\"citation-94 citation-end-94\">.<\/span> <span class=\"citation-93\">Le reste est constitu\u00e9 de t\u00e9l\u00e9phones mobiles classiques (les fameux <\/span><i data-path-to-node=\"5,1,0\" data-index-in-node=\"266\"><span class=\"citation-93\">feature phones<\/span><\/i><span class=\"citation-93 citation-end-93\">, plus basiques).<\/span><\/p>\n<\/li>\n<li>\n<p id=\"p-rc_1b4e9e3e8603bbfc-57\" data-path-to-node=\"5,2,0\"><b data-path-to-node=\"5,2,0\" data-index-in-node=\"0\"><span class=\"citation-92 citation-end-92\">Les utilisateurs r\u00e9els :<\/span><\/b> <span class=\"citation-91\">Le nombre d&rsquo;utilisateurs \u00ab\u00a0uniques\u00a0\u00bb s&rsquo;\u00e9l\u00e8ve \u00e0 environ <\/span><b data-path-to-node=\"5,2,0\" data-index-in-node=\"78\"><span class=\"citation-91\">5,8 milliards de personnes<\/span><\/b><span class=\"citation-91 citation-end-91\">.<\/span><\/p>\n<\/li>\n<\/ul>\n<blockquote data-path-to-node=\"6\">\n<p data-path-to-node=\"6,0\"><b data-path-to-node=\"6,0\" data-index-in-node=\"0\">Pourquoi y a-t-il plus de t\u00e9l\u00e9phones que d&rsquo;humains ?<\/b><\/p>\n<p data-path-to-node=\"6,0\">Tout simplement parce que de nombreuses personnes poss\u00e8dent plusieurs t\u00e9l\u00e9phones actifs en m\u00eame temps (un t\u00e9l\u00e9phone professionnel et un t\u00e9l\u00e9phone personnel, par exemple) ou utilisent des cartes SIM multiples.<\/p>\n<\/blockquote>\n<h2 data-path-to-node=\"8\">2. La r\u00e9partition par type d&rsquo;appareil<\/h2>\n<p data-path-to-node=\"9\">Le march\u00e9 mondial est ultra-domin\u00e9 par deux grands syst\u00e8mes d&rsquo;exploitation :<\/p>\n<table data-path-to-node=\"10\">\n<thead>\n<tr>\n<td><strong>Type d&rsquo;appareil \/ Syst\u00e8me<\/strong><\/td>\n<td><strong>Part de march\u00e9 mondiale<\/strong><\/td>\n<td><strong>R\u00f4le<\/strong><\/td>\n<\/tr>\n<\/thead>\n<tbody>\n<tr>\n<td><span data-path-to-node=\"10,1,0,0\"><b data-path-to-node=\"10,1,0,0\" data-index-in-node=\"0\">Android (Google)<\/b><\/span><\/td>\n<td><span data-path-to-node=\"10,1,1,0\">~70-72 %<\/span><\/td>\n<td><span data-path-to-node=\"10,1,2,0\">\u00c9quipe la majorit\u00e9 des marques (Samsung, Xiaomi, Oppo&#8230;)<\/span><\/td>\n<\/tr>\n<tr>\n<td><span data-path-to-node=\"10,2,0,0\"><b data-path-to-node=\"10,2,0,0\" data-index-in-node=\"0\">iOS (Apple)<\/b><\/span><\/td>\n<td><span data-path-to-node=\"10,2,1,0\">~27-28 %<\/span><\/td>\n<td><span data-path-to-node=\"10,2,2,0\">Syst\u00e8me exclusif des iPhones d&rsquo;Apple<\/span><\/td>\n<\/tr>\n<tr>\n<td><span data-path-to-node=\"10,3,0,0\"><b data-path-to-node=\"10,3,0,0\" data-index-in-node=\"0\">T\u00e9l\u00e9phones classiques<\/b><\/span><\/td>\n<td><span data-path-to-node=\"10,3,1,0\">~10-11 %<\/span><\/td>\n<td><span data-path-to-node=\"10,3,2,0\">Appareils basiques (appels\/SMS uniquement) tr\u00e8s utilis\u00e9s dans certaines zones rurales ou par choix de d\u00e9connexion<\/span><\/td>\n<\/tr>\n<\/tbody>\n<\/table>\n<h2 data-path-to-node=\"12\">3. O\u00f9 se trouvent tous ces t\u00e9l\u00e9phones ?<\/h2>\n<p data-path-to-node=\"13\">Sans surprise, les pays les plus peupl\u00e9s du monde concentrent le plus grand nombre d&rsquo;appareils connect\u00e9s :<\/p>\n<ul data-path-to-node=\"14\">\n<li>\n<p id=\"p-rc_1b4e9e3e8603bbfc-58\" data-path-to-node=\"14,0,0\"><b data-path-to-node=\"14,0,0\" data-index-in-node=\"0\"><span class=\"citation-90 citation-end-90\">La Chine<\/span><\/b> <span class=\"citation-89\">arrive largement en t\u00eate avec plus de <\/span><b data-path-to-node=\"14,0,0\" data-index-in-node=\"47\"><span class=\"citation-89\">1,4 milliard de smartphones connect\u00e9s<\/span><\/b><span class=\"citation-89 citation-end-89\">.<\/span><\/p>\n<\/li>\n<li>\n<p id=\"p-rc_1b4e9e3e8603bbfc-59\" data-path-to-node=\"14,1,0\"><b data-path-to-node=\"14,1,0\" data-index-in-node=\"0\">L&rsquo;Inde<\/b> <span class=\"citation-88\">suit de tr\u00e8s pr\u00e8s avec environ <\/span><b data-path-to-node=\"14,1,0\" data-index-in-node=\"38\"><span class=\"citation-88\">1,2 milliard de connexions<\/span><\/b><span class=\"citation-88 citation-end-88\"> mobiles actives.<\/span><\/p>\n<\/li>\n<li>\n<p data-path-to-node=\"14,2,0\"><b data-path-to-node=\"14,2,0\" data-index-in-node=\"0\">L&rsquo;Europe et les \u00c9tats-Unis<\/b> affichent des taux de p\u00e9n\u00e9tration parmi les plus \u00e9lev\u00e9s, o\u00f9 il est tr\u00e8s fr\u00e9quent d&rsquo;avoir un taux d&rsquo;\u00e9quipement sup\u00e9rieur \u00e0 110 % (plus de 1,1 t\u00e9l\u00e9phone par habitant).<\/p>\n<\/li>\n<\/ul>\n<\/li>\n<\/ul>\n","protected":false},"excerpt":{"rendered":"<p>On voudrait juste attirer votre attention sur le r\u00e9chauffement climatique pour les septiques alors qu&rsquo;on&#8230;<\/p>\n","protected":false},"author":1,"featured_media":2076,"comment_status":"open","ping_status":"closed","sticky":false,"template":"","format":"standard","meta":{"_jetpack_newsletter_access":"","_jetpack_dont_email_post_to_subs":false,"_jetpack_newsletter_tier_id":0,"_jetpack_memberships_contains_paywalled_content":false,"_jetpack_feature_clip_id":0,"_jetpack_memberships_contains_paid_content":false,"footnotes":"","jetpack_publicize_message":"","jetpack_publicize_feature_enabled":true,"jetpack_social_post_already_shared":true,"jetpack_social_options":{"image_generator_settings":{"template":"highway","default_image_id":0,"font":"","enabled":false},"version":2},"jetpack_post_was_ever_published":false},"categories":[741,1009,1011,988,622,1010,989,920],"tags":[],"class_list":["post-2075","post","type-post","status-publish","format-standard","has-post-thumbnail","hentry","category-741","category-avion-jet-prive","category-bateau","category-complots","category-discussion","category-gp-f1","category-telephone","category-voiture"],"jetpack_publicize_connections":[],"jetpack_sharing_enabled":true,"jetpack_featured_media_url":"https:\/\/www.laurensoff.com\/wordpress\/wp-content\/uploads\/2026\/07\/Capture-decran-2026-07-16-225556.png","_links":{"self":[{"href":"https:\/\/www.laurensoff.com\/wordpress\/wp-json\/wp\/v2\/posts\/2075","targetHints":{"allow":["GET"]}}],"collection":[{"href":"https:\/\/www.laurensoff.com\/wordpress\/wp-json\/wp\/v2\/posts"}],"about":[{"href":"https:\/\/www.laurensoff.com\/wordpress\/wp-json\/wp\/v2\/types\/post"}],"author":[{"embeddable":true,"href":"https:\/\/www.laurensoff.com\/wordpress\/wp-json\/wp\/v2\/users\/1"}],"replies":[{"embeddable":true,"href":"https:\/\/www.laurensoff.com\/wordpress\/wp-json\/wp\/v2\/comments?post=2075"}],"version-history":[{"count":4,"href":"https:\/\/www.laurensoff.com\/wordpress\/wp-json\/wp\/v2\/posts\/2075\/revisions"}],"predecessor-version":[{"id":2080,"href":"https:\/\/www.laurensoff.com\/wordpress\/wp-json\/wp\/v2\/posts\/2075\/revisions\/2080"}],"wp:featuredmedia":[{"embeddable":true,"href":"https:\/\/www.laurensoff.com\/wordpress\/wp-json\/wp\/v2\/media\/2076"}],"wp:attachment":[{"href":"https:\/\/www.laurensoff.com\/wordpress\/wp-json\/wp\/v2\/media?parent=2075"}],"wp:term":[{"taxonomy":"category","embeddable":true,"href":"https:\/\/www.laurensoff.com\/wordpress\/wp-json\/wp\/v2\/categories?post=2075"},{"taxonomy":"post_tag","embeddable":true,"href":"https:\/\/www.laurensoff.com\/wordpress\/wp-json\/wp\/v2\/tags?post=2075"}],"curies":[{"name":"wp","href":"https:\/\/api.w.org\/{rel}","templated":true}]}}