{"id":2051,"date":"2026-07-15T11:11:50","date_gmt":"2026-07-15T10:11:50","guid":{"rendered":"https:\/\/www.laurensoff.com\/wordpress\/?p=2051"},"modified":"2026-07-15T11:22:26","modified_gmt":"2026-07-15T10:22:26","slug":"les-caracteristiques-dune-vraie-salle-imax-au-cinema","status":"publish","type":"post","link":"https:\/\/www.laurensoff.com\/wordpress\/les-caracteristiques-dune-vraie-salle-imax-au-cinema\/","title":{"rendered":"Les caract\u00e9ristiques d&rsquo;une vraie salle IMAX \u00a9 au Cin\u00e9ma"},"content":{"rendered":"<p data-path-to-node=\"0\">L&rsquo;<b data-path-to-node=\"0\" data-index-in-node=\"2\">IMAX<\/b> (pour <i data-path-to-node=\"0\" data-index-in-node=\"13\">Image Maximum<\/i>) est un format cin\u00e9matographique et un standard de projection con\u00e7u pour offrir une immersion totale. L&rsquo;id\u00e9e de base est simple : saturer le champ visuel et auditif du spectateur pour qu&rsquo;il oublie les limites de la salle.<\/p>\n<p data-path-to-node=\"1\">Voici en d\u00e9tail comment fonctionne cette technologie, de la prise de vue jusqu&rsquo;\u00e0 la projection.<\/p>\n<h2 data-path-to-node=\"3\">1. Les caract\u00e9ristiques d&rsquo;une vraie salle IMAX \u00a9<\/h2>\n<p data-path-to-node=\"4\">Une salle IMAX se distingue d&rsquo;une salle classique par sa g\u00e9om\u00e9trie et sa configuration technique.<\/p>\n<div class=\"attachment-container search-images\"><img loading=\"lazy\" decoding=\"async\" class=\"alignnone wp-image-2053\" src=\"https:\/\/www.laurensoff.com\/wordpress\/wp-content\/uploads\/2026\/07\/images-1.jpg\" alt=\"\" width=\"443\" height=\"319\" srcset=\"https:\/\/www.laurensoff.com\/wordpress\/wp-content\/uploads\/2026\/07\/images-1.jpg 535w, https:\/\/www.laurensoff.com\/wordpress\/wp-content\/uploads\/2026\/07\/images-1-300x216.jpg 300w\" sizes=\"auto, (max-width: 443px) 100vw, 443px\" \/><\/div>\n<p>&nbsp;<\/p>\n<ul data-path-to-node=\"6\">\n<li>\n<p data-path-to-node=\"6,0,0\"><b data-path-to-node=\"6,0,0\" data-index-in-node=\"0\">L&rsquo;\u00e9cran g\u00e9ant et incurv\u00e9 :<\/b> Contrairement aux \u00e9crans plats classiques install\u00e9s au fond de la salle, l&rsquo;\u00e9cran IMAX est l\u00e9g\u00e8rement concave et s&rsquo;\u00e9tend <b data-path-to-node=\"6,0,0\" data-index-in-node=\"147\">du sol au plafond et d&rsquo;un mur \u00e0 l&rsquo;autre<\/b>. Il est \u00e9galement positionn\u00e9 beaucoup plus pr\u00e8s des spectateurs pour occuper tout leur champ de vision p\u00e9riph\u00e9rique.<\/p>\n<\/li>\n<li>\n<p data-path-to-node=\"6,1,0\"><b data-path-to-node=\"6,1,0\" data-index-in-node=\"0\">Le ratio d&rsquo;aspect (Format de l&rsquo;image) :<\/b> Alors que le cin\u00e9ma standard utilise le format tr\u00e8s rectangulaire \u00ab\u00a0Scope\u00a0\u00bb (2.39:1), l&rsquo;IMAX historique utilise un format presque carr\u00e9 de <b data-path-to-node=\"6,1,0\" data-index-in-node=\"177\">1.43:1<\/b> (ou 1.90:1 pour les installations num\u00e9riques plus courantes). Cela permet d&rsquo;afficher jusqu&rsquo;\u00e0 40 % d&rsquo;image en plus en hauteur.<\/p>\n<\/li>\n<li>\n<p data-path-to-node=\"6,2,0\"><b data-path-to-node=\"6,2,0\" data-index-in-node=\"0\">Le gradinage abrupt :<\/b> Les si\u00e8ges sont positionn\u00e9s sur une pente tr\u00e8s raide (fa\u00e7on amphith\u00e9\u00e2tre) pour que chaque spectateur ait une vue totalement d\u00e9gag\u00e9e sur l&rsquo;int\u00e9gralit\u00e9 de l&rsquo;\u00e9cran.<\/p>\n<\/li>\n<li>\n<p data-path-to-node=\"6,3,0\"><b data-path-to-node=\"6,3,0\" data-index-in-node=\"0\">Le syst\u00e8me sonore non compress\u00e9 :<\/b> Le son IMAX utilise des enceintes brevet\u00e9es align\u00e9es au laser. La puissance et la directivit\u00e9 sont telles que le syst\u00e8me peut diffuser des basses physiques extr\u00eames tout en conservant la pr\u00e9cision d&rsquo;un murmure, sans distorsion.<\/p>\n<\/li>\n<\/ul>\n<h2 data-path-to-node=\"8\">2. La technologie \u00e0 la source : comment filme-t-on en IMAX ?<\/h2>\n<p><img loading=\"lazy\" decoding=\"async\" class=\"alignnone wp-image-2055\" src=\"https:\/\/www.laurensoff.com\/wordpress\/wp-content\/uploads\/2026\/07\/r37asMhJd2iX030bxFl4l66c6za.webp\" alt=\"\" width=\"210\" height=\"315\" srcset=\"https:\/\/www.laurensoff.com\/wordpress\/wp-content\/uploads\/2026\/07\/r37asMhJd2iX030bxFl4l66c6za.webp 1000w, https:\/\/www.laurensoff.com\/wordpress\/wp-content\/uploads\/2026\/07\/r37asMhJd2iX030bxFl4l66c6za-200x300.webp 200w, https:\/\/www.laurensoff.com\/wordpress\/wp-content\/uploads\/2026\/07\/r37asMhJd2iX030bxFl4l66c6za-683x1024.webp 683w, https:\/\/www.laurensoff.com\/wordpress\/wp-content\/uploads\/2026\/07\/r37asMhJd2iX030bxFl4l66c6za-768x1152.webp 768w, https:\/\/www.laurensoff.com\/wordpress\/wp-content\/uploads\/2026\/07\/r37asMhJd2iX030bxFl4l66c6za-600x900.webp 600w\" sizes=\"auto, (max-width: 210px) 100vw, 210px\" \/> <img loading=\"lazy\" decoding=\"async\" class=\"alignnone wp-image-2056\" src=\"https:\/\/www.laurensoff.com\/wordpress\/wp-content\/uploads\/2026\/07\/tom-hanks-at-the-national-air-and-space-museum-in-washington-on-sept-21-2005-upiphot.jpg\" alt=\"\" width=\"255\" height=\"310\" srcset=\"https:\/\/www.laurensoff.com\/wordpress\/wp-content\/uploads\/2026\/07\/tom-hanks-at-the-national-air-and-space-museum-in-washington-on-sept-21-2005-upiphot.jpg 1140w, https:\/\/www.laurensoff.com\/wordpress\/wp-content\/uploads\/2026\/07\/tom-hanks-at-the-national-air-and-space-museum-in-washington-on-sept-21-2005-upiphot-246x300.jpg 246w, https:\/\/www.laurensoff.com\/wordpress\/wp-content\/uploads\/2026\/07\/tom-hanks-at-the-national-air-and-space-museum-in-washington-on-sept-21-2005-upiphot-840x1024.jpg 840w, https:\/\/www.laurensoff.com\/wordpress\/wp-content\/uploads\/2026\/07\/tom-hanks-at-the-national-air-and-space-museum-in-washington-on-sept-21-2005-upiphot-768x936.jpg 768w, https:\/\/www.laurensoff.com\/wordpress\/wp-content\/uploads\/2026\/07\/tom-hanks-at-the-national-air-and-space-museum-in-washington-on-sept-21-2005-upiphot-1024x1249.jpg 1024w, https:\/\/www.laurensoff.com\/wordpress\/wp-content\/uploads\/2026\/07\/tom-hanks-at-the-national-air-and-space-museum-in-washington-on-sept-21-2005-upiphot-600x732.jpg 600w\" sizes=\"auto, (max-width: 255px) 100vw, 255px\" \/><\/p>\n<p data-path-to-node=\"9\">Pour projeter sur un \u00e9cran aussi gigantesque sans que l&rsquo;image ne devienne floue ou pixelis\u00e9e, il faut une r\u00e9solution d&rsquo;acquisition ph\u00e9nom\u00e9nale. C&rsquo;est l\u00e0 qu&rsquo;entrent en jeu les cam\u00e9ras IMAX.<\/p>\n<p data-path-to-node=\"9\"><img loading=\"lazy\" decoding=\"async\" class=\"alignnone wp-image-2054\" src=\"https:\/\/www.laurensoff.com\/wordpress\/wp-content\/uploads\/2026\/07\/9899a2c4b6f426f6f5c22b208bf248a43343e0e5-1.jpg\" alt=\"\" width=\"357\" height=\"188\" srcset=\"https:\/\/www.laurensoff.com\/wordpress\/wp-content\/uploads\/2026\/07\/9899a2c4b6f426f6f5c22b208bf248a43343e0e5-1.jpg 763w, https:\/\/www.laurensoff.com\/wordpress\/wp-content\/uploads\/2026\/07\/9899a2c4b6f426f6f5c22b208bf248a43343e0e5-1-300x158.jpg 300w, https:\/\/www.laurensoff.com\/wordpress\/wp-content\/uploads\/2026\/07\/9899a2c4b6f426f6f5c22b208bf248a43343e0e5-1-720x380.jpg 720w, https:\/\/www.laurensoff.com\/wordpress\/wp-content\/uploads\/2026\/07\/9899a2c4b6f426f6f5c22b208bf248a43343e0e5-1-600x316.jpg 600w\" sizes=\"auto, (max-width: 357px) 100vw, 357px\" \/><\/p>\n<h3 data-path-to-node=\"11\">Les cam\u00e9ras IMAX argentiques (15\/70)<\/h3>\n<p data-path-to-node=\"12\">C&rsquo;est le summum de l&rsquo;IMAX, d\u00e9fendu par des r\u00e9alisateurs comme Christopher Nolan ou Denis Villeneuve.<\/p>\n<ul data-path-to-node=\"13\">\n<li>\n<p data-path-to-node=\"13,0,0\"><b data-path-to-node=\"13,0,0\" data-index-in-node=\"0\">La pellicule 70mm \u00e0 d\u00e9filement horizontal :<\/b> Une pellicule classique (35mm) d\u00e9file verticalement. En IMAX argentique, on utilise de la pellicule <b data-path-to-node=\"13,0,0\" data-index-in-node=\"144\">70mm<\/b> qui d\u00e9file <b data-path-to-node=\"13,0,0\" data-index-in-node=\"160\">horizontalement<\/b>.<\/p>\n<\/li>\n<li>\n<p data-path-to-node=\"13,1,0\">Chaque image utilise <b data-path-to-node=\"13,1,0\" data-index-in-node=\"21\">15 perforations<\/b> de large sur la pellicule. C&rsquo;est ce qu&rsquo;on appelle le format <b data-path-to-node=\"13,1,0\" data-index-in-node=\"97\">15\/70<\/b>.<\/p>\n<\/li>\n<li>\n<p data-path-to-node=\"13,2,0\"><b data-path-to-node=\"13,2,0\" data-index-in-node=\"0\">La r\u00e9solution \u00e9quivalente :<\/b> Une image IMAX 15\/70 poss\u00e8de une r\u00e9solution th\u00e9orique \u00e9quivalente \u00e0 environ <b data-path-to-node=\"13,2,0\" data-index-in-node=\"104\">12K \u00e0 18K<\/b> (compar\u00e9 aux 2K ou 4K des cin\u00e9mas standards). La clart\u00e9 et la profondeur de champ sont in\u00e9gal\u00e9es.<\/p>\n<\/li>\n<\/ul>\n<blockquote data-path-to-node=\"14\">\n<p data-path-to-node=\"14,0\"><b data-path-to-node=\"14,0\" data-index-in-node=\"0\">Le revers de la m\u00e9daille :<\/b> Ces cam\u00e9ras sont extr\u00eamement lourdes (environ 100 kg avec le bo\u00eetier d&rsquo;insonorisation), tr\u00e8s bruyantes (le moteur fait un bruit de machine \u00e0 coudre, ce qui emp\u00eache d&rsquo;enregistrer les dialogues directement), et les bobines g\u00e9antes ne contiennent que 3 minutes de film par prise.<\/p>\n<\/blockquote>\n<h3 data-path-to-node=\"15\">Les cam\u00e9ras num\u00e9riques \u00ab\u00a0Certified IMAX\u00a0\u00bb<\/h3>\n<p data-path-to-node=\"16\">Pour pallier les contraintes physiques de l&rsquo;argentique, IMAX a d\u00e9velopp\u00e9 un programme de certification pour certaines cam\u00e9ras num\u00e9riques grand format haut de gamme (comme la <i data-path-to-node=\"16\" data-index-in-node=\"174\">ARRI Alexa LF \/ Mini LF<\/i>, la <i data-path-to-node=\"16\" data-index-in-node=\"202\">Sony Venice<\/i> ou la <i data-path-to-node=\"16\" data-index-in-node=\"220\">RED V-Raptor<\/i>).<\/p>\n<p data-path-to-node=\"17\">Ces cam\u00e9ras capturent des images num\u00e9riques d&rsquo;une r\u00e9solution allant de 4K \u00e0 8K avec de grands capteurs. Si elles n&rsquo;atteignent pas le grain et la d\u00e9finition organique de la pellicule 15\/70, elles offrent une grande souplesse sur les tournages (l\u00e9g\u00e8ret\u00e9, silence) tout en conservant le ratio d&rsquo;aspect \u00e9largi (souvent 1.90:1) requis pour les \u00e9crans IMAX.<\/p>\n<h2 data-path-to-node=\"19\">3. Les technologies de projection : IMAX Laser vs X\u00e9non<\/h2>\n<p data-path-to-node=\"20\">Une fois le film captur\u00e9 et mont\u00e9, il faut le projeter. Il existe aujourd&rsquo;hui deux grandes technologies de projection num\u00e9rique dans les salles :<\/p>\n<table data-path-to-node=\"21\">\n<thead>\n<tr>\n<td><strong>Technologie<\/strong><\/td>\n<td><strong>Caract\u00e9ristiques<\/strong><\/td>\n<td><strong>Rendu<\/strong><\/td>\n<\/tr>\n<\/thead>\n<tbody>\n<tr>\n<td><span data-path-to-node=\"21,1,0,0\"><b data-path-to-node=\"21,1,0,0\" data-index-in-node=\"0\">IMAX avec Laser<\/b> <i data-path-to-node=\"21,1,0,0\" data-index-in-node=\"16\">(Le plus moderne)<\/i><\/span><\/td>\n<td><span data-path-to-node=\"21,1,1,0\">Utilise des projecteurs laser (souvent un double syst\u00e8me 4K).<\/span><\/td>\n<td><span data-path-to-node=\"21,1,2,0\">Luminosit\u00e9 exceptionnelle, noirs ultra-profonds, contrastes tr\u00e8s \u00e9lev\u00e9s et compatibilit\u00e9 avec le format d&rsquo;image historique 1.43:1.<\/span><\/td>\n<\/tr>\n<tr>\n<td><span data-path-to-node=\"21,2,0,0\"><b data-path-to-node=\"21,2,0,0\" data-index-in-node=\"0\">IMAX Num\u00e9rique (X\u00e9non)<\/b> <i data-path-to-node=\"21,2,0,0\" data-index-in-node=\"23\">(Le plus r\u00e9pandu)<\/i><\/span><\/td>\n<td><span data-path-to-node=\"21,2,1,0\">Utilise deux projecteurs num\u00e9riques 2K avec des lampes au x\u00e9non.<\/span><\/td>\n<td><span data-path-to-node=\"21,2,2,0\">Souvent surnomm\u00e9 \u00ab\u00a0LiEMAX\u00a0\u00bb par les puristes, car install\u00e9 dans des salles classiques r\u00e9am\u00e9nag\u00e9es. L&rsquo;\u00e9cran est plus petit et limit\u00e9 au format 1.90:1.<\/span><\/td>\n<\/tr>\n<\/tbody>\n<\/table>\n<p data-path-to-node=\"0\">La salle IMAX de la <b data-path-to-node=\"0\" data-index-in-node=\"20\">Cit\u00e9 de l&rsquo;espace \u00e0 Toulouse<\/b> (situ\u00e9e dans le b\u00e2timent <i data-path-to-node=\"0\" data-index-in-node=\"73\">Astralia<\/i>) poss\u00e8de plusieurs particularit\u00e9s qui en font un outil de vulgarisation scientifique et spatial unique en Europe.<\/p>\n<h3 data-path-to-node=\"1\">1. Une programmation exclusivement d\u00e9di\u00e9e \u00e0 l&rsquo;Espace<\/h3>\n<p id=\"p-rc_fa85811bb600480f-22\" data-path-to-node=\"2\"><span class=\"citation-15\">Contrairement aux salles IMAX des grands r\u00e9seaux de cin\u00e9ma (Path\u00e9, Gaumont, etc.) qui projettent les derniers blockbusters hollywoodiens, la salle de la Cit\u00e9 de l&rsquo;espace est un <\/span><b data-path-to-node=\"2\" data-index-in-node=\"177\"><span class=\"citation-15\">cin\u00e9ma \u00e0 vocation \u00e9ducative et scientifique<\/span><\/b><span class=\"citation-15 citation-end-15\">.<\/span><\/p>\n<p id=\"p-rc_fa85811bb600480f-22\" data-path-to-node=\"2\">On y projette uniquement des documentaires spectaculaires li\u00e9s \u00e0 l&rsquo;exploration spatiale, \u00e0 l&rsquo;astronomie et aux sciences de l&rsquo;Univers. Les films y sont choisis pour leur rigueur scientifique et leur capacit\u00e9 \u00e0 utiliser l&rsquo;immersion pour faire comprendre l&rsquo;infiniment grand (comme le film The magnificent desolation de Tom Hanks projet\u00e9 en (2009) ou <i data-path-to-node=\"2\" data-index-in-node=\"508\">Deep Sky<\/i> sur l&rsquo;aventure du t\u00e9lescope spatial James Webb).<\/p>\n<h3 data-path-to-node=\"3\">2. Une configuration technique sur-mesure<\/h3>\n<p data-path-to-node=\"4\">Bien qu&rsquo;elle soit plus petite qu&rsquo;une salle de cin\u00e9ma commerciale standard (elle fait office d&rsquo;amphith\u00e9\u00e2tre de <b data-path-to-node=\"4\" data-index-in-node=\"110\">300 places<\/b>), ses caract\u00e9ristiques techniques sont impressionnantes :<\/p>\n<ul data-path-to-node=\"5\">\n<li>\n<p id=\"p-rc_fa85811bb600480f-23\" data-path-to-node=\"5,0,0\"><b data-path-to-node=\"5,0,0\" data-index-in-node=\"0\"><span class=\"citation-14 citation-end-14\">L&rsquo;\u00e9cran g\u00e9ant :<\/span><\/b> <span class=\"citation-13\">Il mesure <\/span><b data-path-to-node=\"5,0,0\" data-index-in-node=\"26\"><span class=\"citation-13\">14 m\u00e8tres de large sur 7,80 m\u00e8tres de haut<\/span><\/b><span class=\"citation-13 citation-end-13\">.<\/span> Rapport\u00e9 \u00e0 la taille de la salle et \u00e0 la proximit\u00e9 des spectateurs, cet \u00e9cran occupe l&rsquo;int\u00e9gralit\u00e9 du champ de vision.<\/p>\n<\/li>\n<li>\n<p data-path-to-node=\"5,1,0\"><b data-path-to-node=\"5,1,0\" data-index-in-node=\"0\">Le syst\u00e8me de projection et de son :<\/b> La salle a \u00e9t\u00e9 enti\u00e8rement r\u00e9nov\u00e9e pour int\u00e9grer les derni\u00e8res technologies de projection num\u00e9rique de pointe et un son spatialis\u00e9 ultra-directif. Le but est de recr\u00e9er de mani\u00e8re physique les sensations d&rsquo;un d\u00e9collage de fus\u00e9e (les vibrations dans les si\u00e8ges) ou le silence absolu du vide spatial.<\/p>\n<\/li>\n<li>\n<p data-path-to-node=\"5,2,0\"><b data-path-to-node=\"5,2,0\" data-index-in-node=\"0\">La projection 3D :<\/b> La salle est historiquement r\u00e9put\u00e9e pour ses projections en relief (3D IMAX), particuli\u00e8rement immersives lorsqu&rsquo;il s&rsquo;agit de flotter virtuellement aux c\u00f4t\u00e9s des astronautes dans la Station Spatiale Internationale (ISS).<\/p>\n<\/li>\n<\/ul>\n<h3 data-path-to-node=\"6\">3. Un billet d&rsquo;entr\u00e9e \u00ab\u00a0tout inclus\u00a0\u00bb<\/h3>\n<p id=\"p-rc_fa85811bb600480f-24\" data-path-to-node=\"7\"><span class=\"citation-12\">C&rsquo;est une particularit\u00e9 tr\u00e8s appr\u00e9ci\u00e9e des visiteurs : l&rsquo;acc\u00e8s aux s\u00e9ances de la salle IMAX <\/span><b data-path-to-node=\"7\" data-index-in-node=\"92\"><span class=\"citation-12\">est directement compris dans le billet d&rsquo;entr\u00e9e global<\/span><\/b><span class=\"citation-12 citation-end-12\"> de la Cit\u00e9 de l&rsquo;espace (au m\u00eame titre que l&rsquo;acc\u00e8s au Plan\u00e9tarium ou aux expositions).<\/span> Il suffit de r\u00e9server son cr\u00e9neau horaire \u00e0 l&rsquo;entr\u00e9e ou sur l&rsquo;application du parc pour en profiter.<\/p>\n","protected":false},"excerpt":{"rendered":"<p>L&rsquo;IMAX (pour Image Maximum) est un format cin\u00e9matographique et un standard de projection con\u00e7u pour&#8230;<\/p>\n","protected":false},"author":1,"featured_media":2052,"comment_status":"open","ping_status":"closed","sticky":false,"template":"","format":"standard","meta":{"_jetpack_newsletter_access":"","_jetpack_dont_email_post_to_subs":false,"_jetpack_newsletter_tier_id":0,"_jetpack_memberships_contains_paywalled_content":false,"_jetpack_feature_clip_id":0,"_jetpack_memberships_contains_paid_content":false,"footnotes":"","jetpack_publicize_message":"","jetpack_publicize_feature_enabled":true,"jetpack_social_post_already_shared":true,"jetpack_social_options":{"image_generator_settings":{"template":"highway","default_image_id":0,"font":"","enabled":false},"version":2},"jetpack_post_was_ever_published":false},"categories":[796,640,5,1001],"tags":[1006,1004,296,1005,294,295,1002,1003],"class_list":["post-2051","post","type-post","status-publish","format-standard","has-post-thumbnail","hentry","category-90s","category-anecdotes","category-cinema","category-imax","tag-desolation","tag-espace","tag-lune","tag-magnificent","tag-mars","tag-moon","tag-salle-imax","tag-tom-hanks"],"jetpack_publicize_connections":[],"jetpack_sharing_enabled":true,"jetpack_featured_media_url":"https:\/\/www.laurensoff.com\/wordpress\/wp-content\/uploads\/2026\/07\/LOI-Toulouse-Citedelespace1_ScftCsm-e1784109583599.jpg","_links":{"self":[{"href":"https:\/\/www.laurensoff.com\/wordpress\/wp-json\/wp\/v2\/posts\/2051","targetHints":{"allow":["GET"]}}],"collection":[{"href":"https:\/\/www.laurensoff.com\/wordpress\/wp-json\/wp\/v2\/posts"}],"about":[{"href":"https:\/\/www.laurensoff.com\/wordpress\/wp-json\/wp\/v2\/types\/post"}],"author":[{"embeddable":true,"href":"https:\/\/www.laurensoff.com\/wordpress\/wp-json\/wp\/v2\/users\/1"}],"replies":[{"embeddable":true,"href":"https:\/\/www.laurensoff.com\/wordpress\/wp-json\/wp\/v2\/comments?post=2051"}],"version-history":[{"count":5,"href":"https:\/\/www.laurensoff.com\/wordpress\/wp-json\/wp\/v2\/posts\/2051\/revisions"}],"predecessor-version":[{"id":2061,"href":"https:\/\/www.laurensoff.com\/wordpress\/wp-json\/wp\/v2\/posts\/2051\/revisions\/2061"}],"wp:featuredmedia":[{"embeddable":true,"href":"https:\/\/www.laurensoff.com\/wordpress\/wp-json\/wp\/v2\/media\/2052"}],"wp:attachment":[{"href":"https:\/\/www.laurensoff.com\/wordpress\/wp-json\/wp\/v2\/media?parent=2051"}],"wp:term":[{"taxonomy":"category","embeddable":true,"href":"https:\/\/www.laurensoff.com\/wordpress\/wp-json\/wp\/v2\/categories?post=2051"},{"taxonomy":"post_tag","embeddable":true,"href":"https:\/\/www.laurensoff.com\/wordpress\/wp-json\/wp\/v2\/tags?post=2051"}],"curies":[{"name":"wp","href":"https:\/\/api.w.org\/{rel}","templated":true}]}}