{"id":2045,"date":"2026-07-14T12:50:32","date_gmt":"2026-07-14T11:50:32","guid":{"rendered":"https:\/\/www.laurensoff.com\/wordpress\/?p=2045"},"modified":"2026-07-14T12:56:01","modified_gmt":"2026-07-14T11:56:01","slug":"hommage-a-thierry-ardisson-est-mort-le-14-juillet-2025-a-paris-il-y-a-1-an","status":"publish","type":"post","link":"https:\/\/www.laurensoff.com\/wordpress\/hommage-a-thierry-ardisson-est-mort-le-14-juillet-2025-a-paris-il-y-a-1-an\/","title":{"rendered":"Hommage \u00e0 Thierry Ardisson, est mort le 14 juillet 2025 \u00e0 Paris il y a 1 an"},"content":{"rendered":"<p>Hommage \u00e0 Thierry Ardisson, est mort le 14 juillet 2025 \u00e0 Paris il y a 1 an<\/p>\n<p>Thierry Ardisson, n\u00e9 le 6 janvier 1949 \u00e0 Bourganeuf (Creuse), et mort le 14 juillet 2025 \u00e0 Paris, est un animateur et producteur de cin\u00e9ma et de t\u00e9l\u00e9vision fran\u00e7ais. Il d\u00e9bute dans le domaine de la publicit\u00e9, en fondant dans un premier temps l&rsquo;agence Business, avant de passer dans celui de la presse. Entre-temps, \u00e0 la fin des ann\u00e9es 1980, il s&rsquo;investit \u00e0 la t\u00e9l\u00e9vision avec des \u00e9missions telles que Bains de minuit puis Lunettes noires pour nuits blanches.<\/p>\n<p><iframe loading=\"lazy\" title=\"Thierry Ardisson (1949 - 2025) | INA Arditube\" src=\"https:\/\/www.youtube.com\/embed\/GYIC2mi3FLY\" width=\"640\" height=\"480\" frameborder=\"0\" allowfullscreen=\"allowfullscreen\"><span style=\"display: inline-block; width: 0px; overflow: hidden; line-height: 0;\" data-mce-type=\"bookmark\" class=\"mce_SELRES_start\">\ufeff<\/span><\/iframe><\/p>\n<p>Apr\u00e8s un passage \u00e0 vide au d\u00e9but des ann\u00e9es 1990, il rebondit et ses \u00e9missions de la fin de cette d\u00e9cennie sont un succ\u00e8s. Apr\u00e8s plus de trente ans de carri\u00e8re, certaines de ses \u00e9missions de t\u00e9l\u00e9vision ont des records de long\u00e9vit\u00e9 : Paris Derni\u00e8re, Tout le monde en parle, On a tout essay\u00e9 qu&rsquo;il produit &#8211; ou encore Salut les Terriens !, \u00e9mission rebaptis\u00e9e par la suite Les Terriens du samedi !. Il est l\u2019auteur de plusieurs livres, dont deux succ\u00e8s d&rsquo;\u00e9dition (Louis XX \u2013 Contre-enqu\u00eate sur la Monarchie et Confessions d\u2019un Babyboomer).<\/p>\n<p>Par la suite, il devient \u00e9galement producteur pour le cin\u00e9ma et la t\u00e9l\u00e9vision.<\/p>\n<p>Les parents de Thierry Ardisson sont originaires de la r\u00e9gion de Nice. Sa m\u00e8re, Juliette Ren\u00e9e Gastinel (1930-2022), est femme au foyer, et son p\u00e8re Victor Ardisson (1925-2004), est ing\u00e9nieur dans le BTP, notamment pour l&rsquo;entreprise fond\u00e9e par Andr\u00e9 Borie (en). Thierry na\u00eet le 6 janvier 1949 \u00e0 Bourganeuf, dans le d\u00e9partement de la Creuse, o\u00f9 sa famille s&rsquo;est install\u00e9e le temps d&rsquo;un chantier. Il passe une partie de sa petite enfance en Alg\u00e9rie, o\u00f9 son p\u00e8re travaille \u00e0 la restauration de la base militaire de Mers el-K\u00e9bir.<\/p>\n<p>En 1957, sa famille d\u00e9m\u00e9nage \u00e0 Ar\u00eaches, dans le Beaufortain. Son p\u00e8re est alors affect\u00e9 \u00e0 la construction du barrage de Roselend. Il est ensuite \u00e9l\u00e8ve au coll\u00e8ge Saint-Michel d&rsquo;Annecy, puis \u00e9tudie l&rsquo;anglais \u00e0 l&rsquo;universit\u00e9 Paul-Val\u00e9ry-Montpellier-III, dont il sort dipl\u00f4m\u00e9. \u00c0 17 ans, DJ dans une discoth\u00e8que de Juan-les-Pins, le Whisky \u00e0 Gogo, il vit sa premi\u00e8re exp\u00e9rience homosexuelle, comme il le raconte dans son autobiographie Confessions d&rsquo;un baby boomer.<\/p>\n<p>Thierry Ardisson commence sa carri\u00e8re en tant que concepteur-r\u00e9dacteur dans la publicit\u00e9. En 1969, il vient tenter sa chance \u00e0 Paris et est embauch\u00e9 au service promotion des ventes chez BBDO. Il travaille ensuite chez TBWA et Ted Bates avant de fonder avec \u00c9ric Bousquet et Henri Bach\u00e9 l&rsquo;agence Business en 1978. Il invente alors le spot publicitaire de huit secondes, pour permettre \u00e0 des annonceurs \u00e0 petit budget d&rsquo;acc\u00e9der au m\u00e9dia t\u00e9l\u00e9vision.<\/p>\n<p>Thierry Ardisson est le concepteur-r\u00e9dacteur de plusieurs slogans publicitaires qui ont marqu\u00e9 l&rsquo;esprit des consommateurs fran\u00e7ais :<\/p>\n<p><span class=\"x1xsqp64 xiy17q3 x1o6pynw x19co3pv xdj266r xjn30re xat24cr x1hb08if x2b8uid\" data-testid=\"emoji\" data-emoji-size=\"16\"><span class=\"xexx8yu xcaqkgz x18d9i69 xbwkkl7 x3jgonx x1bhl96m\">\ud83d\udfe6<\/span><\/span>Ovomaltine, c&rsquo;est de la dynamique !<br \/>\n<span class=\"x1xsqp64 xiy17q3 x1o6pynw x19co3pv xdj266r xjn30re xat24cr x1hb08if x2b8uid\" data-testid=\"emoji\" data-emoji-size=\"16\"><span class=\"xexx8yu xcaqkgz x18d9i69 xbwkkl7 x3jgonx x1bhl96m\">\u2b1c\ufe0f<\/span><\/span>Vas-y Wasa !<br \/>\n<span class=\"x1xsqp64 xiy17q3 x1o6pynw x19co3pv xdj266r xjn30re xat24cr x1hb08if x2b8uid\" data-testid=\"emoji\" data-emoji-size=\"16\"><span class=\"xexx8yu xcaqkgz x18d9i69 xbwkkl7 x3jgonx x1bhl96m\">\ud83d\udfe5<\/span><\/span>Lapeyre, y en a pas deux !<br \/>\n<span class=\"x1xsqp64 xiy17q3 x1o6pynw x19co3pv xdj266r xjn30re xat24cr x1hb08if x2b8uid\" data-testid=\"emoji\" data-emoji-size=\"16\"><span class=\"xexx8yu xcaqkgz x18d9i69 xbwkkl7 x3jgonx x1bhl96m\">\ud83d\udfe6<\/span><\/span>Chauss\u00e9e aux Moines : Aaam\u00e8ne !<br \/>\n<span class=\"x1xsqp64 xiy17q3 x1o6pynw x19co3pv xdj266r xjn30re xat24cr x1hb08if x2b8uid\" data-testid=\"emoji\" data-emoji-size=\"16\"><span class=\"xexx8yu xcaqkgz x18d9i69 xbwkkl7 x3jgonx x1bhl96m\">\u2b1c\ufe0f<\/span><\/span>Quand c\u2019est trop, c\u2019est Tropico !<\/p>\n<p>&nbsp;<\/p>\n<p>L&rsquo;agence Business vend \u00e9galement des articles cl\u00e9s en main aux magazines et journaux fran\u00e7ais, proposant les s\u00e9ries L\u2019Hebdo des Savanes et Descentes de Police.<\/p>\n<p>Au milieu des ann\u00e9es 1970, il participe aussi au magazine underground Fa\u00e7ade aux c\u00f4t\u00e9s d\u2019Alain Benoist, Jean-Luc Ma\u00eetre et Laurent Laclos. Il est alors un habitu\u00e9 du Palace.<\/p>\n<p>Daniel Filipacchi le nomme directeur-adjoint des r\u00e9dactions d\u2019Hachette-Filipacchi. Il choisit alors de prendre la direction de L&rsquo;\u00c9cho des savanes, qu\u2019il rebaptise temporairement L\u2019Ebdo des Savanes. Ses sujets trop provocateurs m\u00e8nent \u00e0 son renvoi. Il lance en 1992, en association avec Daniel Filipacchi, le magazine \u00e9crit mensuel Interview qu&rsquo;il doit rebaptiser un an plus tard Entrevue apr\u00e8s un proc\u00e8s pour plagiat perdu intent\u00e9 par le magazine am\u00e9ricain Interview. Il revend ses parts \u00e0 Filipacchi en 1995.<\/p>\n<p>Avec Francis Morel, Alexis Kebbas et les \u00e9ditions Springer, il lance un nouveau magazine de presse \u00e9crite, J&rsquo;\u00e9conomise, qui tire \u00e0 420 000 exemplaires en 1998.<\/p>\n<p>Alors que son agence Business vend des articles de la s\u00e9rie Descentes de Police au magazine Rock &amp; Folk, apr\u00e8s avoir interview\u00e9 Yannick Noah, en 1980, il r\u00e9v\u00e8le que ce dernier fume du haschich et que les tennismen prennent des amph\u00e9tamines avant les matchs, un scandale qui lui vaut son premier passage \u00e0 la t\u00e9l\u00e9vision.<\/p>\n<p>En 1985, sur proposition de Marie-France Bri\u00e8re, il adapte Descente de police pour TF1, une \u00e9mission o\u00f9 les personnalit\u00e9s invit\u00e9es subissent un interrogatoire policier sec et brutal. L\u2019\u00e9mission est arr\u00eat\u00e9e quelques mois plus tard sur demande de la Haute Autorit\u00e9 de l\u2019audiovisuel. Soutenu par Herv\u00e9 Bourges qui lui a donn\u00e9 carte blanche, il reste cependant sur TF1 et pr\u00e9sente Scoop \u00e0 la une. De 1986 \u00e0 1987, il coproduit avec Catherine Barma \u00c0 la folie pas du tout, pr\u00e9sent\u00e9 par Patrick Poivre d&rsquo;Arvor. En 1987, Thierry Ardisson revend ses parts de l\u2019agence Business et cr\u00e9e sa soci\u00e9t\u00e9 de production Ardisson &amp; Lumi\u00e8res.<\/p>\n<p>De septembre 1987 \u00e0 juin 1988, il invente et assure la direction artistique avec Catherine Barma pour La Cinq de Face \u00e0 France anim\u00e9 par Guillaume Durand, Bains de minuit, \u00e9mission dite \u00ab branch\u00e9e \u00bb qu&rsquo;il pr\u00e9sente dans la discoth\u00e8que Les Bains Douches et Child\u00e9ric un Hit parade pr\u00e9sent\u00e9 par Child\u00e9ric Muller. Le 9 septembre 1988, il pr\u00e9sente avec Claude Challe coassoci\u00e9 aux Bains Douches, sur Antenne 2, le concert de Prince \u00e0 Dortmund en Allemagne.<\/p>\n<p>De 1988 \u00e0 1990, il pr\u00e9sente, depuis le Palace, Lunettes noires pour nuits blanches sur Antenne 2, en troisi\u00e8me partie de soir\u00e9e le samedi \u2014 une \u00e9mission rock pour remplacer Les Enfants du rock qui s&rsquo;arr\u00eate. Le nom de l&rsquo;\u00e9mission vient d&rsquo;un slogan publicitaire qu&rsquo;il a cr\u00e9\u00e9 pour les lunettes Glamor dix ans auparavant. Pour cette \u00e9mission, il cr\u00e9e le concept des \u00ab interviews format\u00e9es \u00bb tel que interview premi\u00e8re fois, auto-interview ou questions cons. Bien plus tard, Guillaume Durand dira d&rsquo;Ardisson que \u00ab C&rsquo;est un des plus grands intervieweurs des trente derni\u00e8res ann\u00e9es : ses tournages tr\u00e8s longs donnaient des interviews os\u00e9es, dangereuses \u00bb. En parall\u00e8le, toujours avec Catherine Barma, il coproduit Stars \u00e0 la barre pour Antenne 2, d\u2019abord pr\u00e9sent\u00e9 par Roger Zabel, puis par Daniel Bilalian.<\/p>\n<p>Il reprend ensuite le cr\u00e9neau du samedi \u00e0 19 heures avec T\u00e9l\u00e9 Z\u00e8bre, avec la participation d&rsquo;Yves Mourousi, Fran\u00e7oise Hardy, Philippe Man\u0153uvre et deux nouveaux venus : Yvan Le Bolloc&rsquo;h et Bruno Solo.<\/p>\n<p>En juin 1990, il pr\u00e9sente un documentaire, Rolling Stones : les jumeaux impossibles sur Antenne 2.<\/p>\n<p>De 1991 \u00e0 1992, il pr\u00e9sente sur Antenne 2 en deuxi\u00e8me partie de soir\u00e9e Double Jeu avec, notamment, des cam\u00e9ras cach\u00e9es de Laurent Baffie et le jeu \u00ab Info ou Intox \u00bb de Philippe Gu\u00e9rin. Jug\u00e9e trop provocatrice, l\u2019\u00e9mission est supprim\u00e9e par la direction de France 2 d\u00e9but janvier 1993. Un mois plus tard, il revient sur France 2 en pr\u00e9sentant Ardimat, une \u00e9mission o\u00f9 le pr\u00e9sentateur menace de tuer son chien si l\u2019audimat baisse. L\u2019\u00e9mission dure dix \u00e9pisodes avant d\u2019\u00eatre elle aussi arr\u00eat\u00e9e. De 1992 \u00e0 1994, il produit l&rsquo;\u00e9mission Frou-Frou pr\u00e9sent\u00e9e par Christine Bravo. Il tente sans succ\u00e8s le lancement du magazine de presse \u00e9crite du m\u00eame nom.<\/p>\n<p>En janvier 1993, il pr\u00e9sente C\u0153ur d&rsquo;Ardishow sur France 2, une r\u00e9trospective de ses \u00e9missions. En 1994, \u00e0 la suite de l&rsquo;\u00e9chec de ses \u00e9missions Ardimat puis Autant en emporte le temps, il renonce un temps \u00e0 pr\u00e9senter des \u00e9missions mais reste producteur (Graines de star et FlashBack pour M6 avec Laurent Boyer).<\/p>\n<p>En 1995, il produit l&rsquo;\u00e9mission d&rsquo;avant soir\u00e9e pour la cha\u00eene TF1, Les Niouzes, avec Laurent Ruquier. Devant l&rsquo;\u00e9chec d&rsquo;audience, il demande l\u2019arr\u00eat de l\u2019\u00e9mission d\u00e8s sa premi\u00e8re semaine. La m\u00eame ann\u00e9e, il produit et pr\u00e9sente Paris Derni\u00e8re sur Paris Premi\u00e8re. De 1995 \u00e0 1998, il produit pour Paris Premi\u00e8re Top Flop pr\u00e9sent\u00e9 par Alexandra Kazan. \u00c0 partir de 1997, il anime Rive droite \/ Rive gauche avec Fr\u00e9d\u00e9ric Beigbeder, \u00c9lisabeth Quin, Philippe Tesson et retrouve ainsi le succ\u00e8s apr\u00e8s quelques ann\u00e9es de passage \u00e0 vide et d&rsquo;\u00e9checs.<\/p>\n<p>En 1997, en association avec le groupe Lagard\u00e8re et Sony t\u00e9l\u00e9vision, il cr\u00e9e Free One, cha\u00eene t\u00e9l\u00e9vis\u00e9e en direct 24\/24, qui doit \u00eatre distribu\u00e9e via Canal satellite et le c\u00e2ble, mais qui ne verra jamais le jour. Pendant l\u2019\u00e9t\u00e9 1997, Thierry Ardisson produit l&rsquo;\u00e9mission Vue sur la mer, pr\u00e9sent\u00e9e par Ma\u00eftena Biraben.<\/p>\n<p>En 1998, il rejoint France 2 pour animer Tout le monde en parle avec Laurent Ruquier puis Linda Hardy, Kad et Olivier et enfin Laurent Baffie le samedi en deuxi\u00e8me partie de soir\u00e9e.<\/p>\n<p>Lors de l&rsquo;\u00e9t\u00e9 1999, il coanime avec Laurent Ruquier, un num\u00e9ro de l&rsquo;\u00e9mission Le Grand Tralala, un divertissement en deuxi\u00e8me partie de soir\u00e9e dans lequel le ou les animateurs ne connait(ssent) pas le contenu de l&rsquo;\u00e9mission.<\/p>\n<p>En 2003, il lance sur France 2 Tribu, une \u00e9mission trimestrielle en premi\u00e8re partie de soir\u00e9e, qui est un \u00e9chec d&rsquo;audience et qu\u2019il remplace en 2004 par Opinion publique sans plus de succ\u00e8s. De 2003 \u00e0 juin 2007, il pr\u00e9sente parall\u00e8lement 93, faubourg Saint-Honor\u00e9 sur Paris Premi\u00e8re, un d\u00eener \u00e0 son domicile personnel o\u00f9 il dialogue avec diverses personnalit\u00e9s.<\/p>\n<p>En 2004, il anime en direct une soir\u00e9e consacr\u00e9e au 60 anniversaire du D\u00e9barquement, sur France 2, avec Michel Drucker. En 2005, il pr\u00e9sente, en duo et en direct avec Michel Drucker, Le Plus Grand Fran\u00e7ais de tous les temps, sur France 2 et coproduit en septembre 2005 Concerts sauvages sur France 4.<\/p>\n<p>\u00c0 la fin de saison 2005-2006, Thierry Ardisson quitte France 2. La nouvelle direction de France T\u00e9l\u00e9visions met en application le principe d\u2019exclusivit\u00e9 des animateurs du service public apr\u00e8s la signature de Thierry Ardisson avec Paris Premi\u00e8re pour une nouvelle saison de 93, faubourg Saint-Honor\u00e9. Thierry Ardisson refuse de d\u00e9noncer son contrat avec Paris Premi\u00e8re et se voit oblig\u00e9 de quitter France T\u00e9l\u00e9visions. Dans une lettre ouverte en mai 2006 \u00e0 Patrick de Carolis, pr\u00e9sident-directeur g\u00e9n\u00e9ral de France T\u00e9l\u00e9visions, Thierry Ardisson d\u00e9plore devoir partir : \u00ab C\u2019est un miracle que tu fusilles \u00bb. Il rappelle qu\u2019il a sign\u00e9 un contrat d\u2019exclusivit\u00e9 avec France 2 lui interdisant de se produire sur une autre cha\u00eene g\u00e9n\u00e9raliste hertzienne, or, Paris Premi\u00e8re, cha\u00eene du c\u00e2ble et du satellite, est diffus\u00e9e dans l\u2019offre TNT payante et crypt\u00e9e. Mais France 2 consid\u00e8re que Paris Premi\u00e8re fait partie des cha\u00eenes g\u00e9n\u00e9ralistes hertziennes et demande donc l\u2019application du contrat d\u2019exclusivit\u00e9.<\/p>\n<p>Thierry Ardisson rejoint alors Canal+. Depuis le 4 novembre 2006, il y produit avec St\u00e9phane Simon et pr\u00e9sente l&rsquo;\u00e9mission Salut les Terriens !, chaque samedi soir en avant soir\u00e9e en clair. L\u2019\u00e9mission cumule un audimat de 750 000 t\u00e9l\u00e9spectateurs d\u00e8s la premi\u00e8re ann\u00e9e.<\/p>\n<p>Le 5 avril 2008, pour f\u00eater les vingt ans de t\u00e9l\u00e9vision de l&rsquo;animateur, Jimmy diffuse un documentaire en deux parties, Ardisson : 20 ans d&rsquo;antenne, r\u00e9alis\u00e9 par Patrick Kieffer et Marie-\u00c8ve Chamard.<\/p>\n<p>Durant l\u2019\u00e9t\u00e9 2010, il pr\u00e9sente Happy Hour, un programme en lieu et place de Salut les Terriens qui m\u00e9lange talk-show et jeu. Il produit aussi pour France 2 sur cette p\u00e9riode La t\u00e9l\u00e9 est \u00e0 vous, \u00e9mission pr\u00e9sent\u00e9e par St\u00e9phane Bern. \u00c0 partir de d\u00e9cembre 2010, il anime pendant trois saisons Tout le monde en a parl\u00e9 sur Jimmy, qui revient sur le parcours d&rsquo;individus ayant fait, un temps, l&rsquo;actualit\u00e9.<\/p>\n<p>Il pr\u00e9sente de nouveau Happy Hour en d\u00e9cembre 2011, en remplacement du Grand Journal puis pendant l&rsquo;\u00e9t\u00e9 2012. En octobre 2014, alors qu\u2019il pr\u00e9sente toujours Salut les Terriens ! sur Canal+, l\u2019audimat atteint 1,4 million de t\u00e9l\u00e9spectateurs, ce qui en fait l\u2019\u00e9mission la plus performante de la cha\u00eene, l&rsquo;\u00e9mission disposant depuis longtemps d&rsquo;\u00ab un public fid\u00e8le \u00bb.<\/p>\n<p>En 2015, Thierry Ardisson propose \u00e0 la cha\u00eene M6, le sc\u00e9nario de Peplum, une mini-s\u00e9rie humoristique et anachronique prenant place dans la Rome antique. L&rsquo;animateur dit avoir eu l&rsquo;id\u00e9e du sc\u00e9nario gr\u00e2ce \u00e0 la prestation de Peter Ustinov dans Quo vadis (1951). Les trois \u00e9pisodes, d\u2019une dur\u00e9e de 90 minutes chacun, sont diffus\u00e9s en prime-time \u00e0 partir du 24 f\u00e9vrier 2015, \u00e0 raison d\u2019un \u00e9pisode par semaine.<\/p>\n<p>L&rsquo;ann\u00e9e suivante, il est \u00e0 l&rsquo;honneur d&rsquo;un documentaire G\u00e9n\u00e9ration Ardisson : 30 ans de t\u00e9l\u00e9vision avant de lancer sa nouvelle \u00e9mission Z\u00e9ro limite. Entre-temps, Vincent Bollor\u00e9, qu&rsquo;il soutient clairement malgr\u00e9 la temp\u00eate d\u00e9clench\u00e9e lors du remaniement de Canal+, lui demande de passer son \u00e9mission phare Salut les Terriens ! sur l&rsquo;ex-D8.<\/p>\n<p>\u00c0 partir de septembre 2017, il pr\u00e9sente Les Terriens du dimanche ! de 19 h \u00e0 21 h sur C8, d\u00e9clinaison dominicale de Salut les Terriens !.<\/p>\n<p>\u00c0 la rentr\u00e9e 2018, Salut les Terriens est renomm\u00e9e Les Terriens du samedi ; le d\u00e9cor et la formule changent. Le 18 mai 2019, il annonce dans un communiqu\u00e9 qu&rsquo;il ne travaillera plus sur la cha\u00eene C8. Thierry Ardisson enregistre alors le dernier talk-show de sa carri\u00e8re le mercredi 29 mai 2019, ce qui donne lieu \u00e0 un documentaire in\u00e9dit sur cette journ\u00e9e dans lequel le grand public le d\u00e9couvre hors cam\u00e9ra. Il justifie son d\u00e9part par le manque de moyens que lui aurait mis \u00e0 disposition la cha\u00eene, expliquant qu&rsquo;il \u00ab ne veut pas faire de la t\u00e9l\u00e9 low-cost \u00bb. Ardisson r\u00e9v\u00e9la en 2023 qu&rsquo;il avait des divergences, notamment politiques, avec Bollor\u00e9.<\/p>\n<p>Fin ao\u00fbt 2019, Thierry Ardisson attaque en justice Vincent Bollor\u00e9, son ancien patron chez Canal+. L&rsquo;animateur r\u00e9agit \u00e0 la d\u00e9programmation de ses animations pr\u00e9vues pour la rentr\u00e9e 2019 : il estime que ces d\u00e9programmations ont \u00e9t\u00e9 annonc\u00e9es beaucoup trop tardivement, causant un pr\u00e9judice \u00e0 sa soci\u00e9t\u00e9 de production. Thierry Ardisson a donc saisi le tribunal de commerce pour \u00ab rupture brutale de d\u00e9pendance \u00e9conomique \u00bb. Apr\u00e8s jugement du tribunal puis le recours en appel demand\u00e9 par Ardisson, la cour de cassation statua en 2021 que C8 doit d\u00e9dommager Ardisson et le prestataire T\u00e9l\u00e9paris de 5 millions d&rsquo;euro.<\/p>\n<p>Le 25 octobre 2020, l&rsquo;INA lance une cha\u00eene YouTube d\u00e9di\u00e9e \u00e0 Thierry Ardisson, Ina Arditube, qui int\u00e8gre des milliers de vid\u00e9os des \u00e9missions du pr\u00e9sentateur.<\/p>\n<p>\u00c0 la suite de son d\u00e9part de C8, Thierry Ardisson con\u00e7oit H\u00f4tel du temps, un magazine d&rsquo;interview fiction, pour France 3, o\u00f9 de v\u00e9ritables propos tenus par une c\u00e9l\u00e9brit\u00e9 disparue, r\u00e9cup\u00e9r\u00e9s dans des images d&rsquo;archives, sont exploit\u00e9s et mis en sc\u00e8ne \u00e0 l&rsquo;aide du deepfake. Le premier \u00e9pisode, initialement pr\u00e9vu en septembre 2021 et mettant en sc\u00e8ne Jean Gabin, est repouss\u00e9 au 2 mai 2022 avec un \u00e9pisode de 90 minutes mettant en sc\u00e8ne Dalida. Des audiences en dessous de celles attendues conduisent Ardisson \u00e0 repousser une nouvelle fois l&rsquo;\u00e9pisode sur Jean Gabin et lancer la production d&rsquo;un \u00e9pisode sur Coluche, dont le tournage est pr\u00e9vu pour septembre 2022. L&rsquo;\u00e9pisode sur Coluche est diffus\u00e9 en juin 2023, mais apr\u00e8s des audiences d\u00e9cevantes, l&rsquo;\u00e9mission est d\u00e9programm\u00e9e. L&rsquo;\u00e9mission sera nomm\u00e9e aux Emmy Awards 2023 dans la cat\u00e9gorie International Best Non-Scripted Entertainment.<\/p>\n<p>Thierry Ardisson est mort le lundi 14 juillet 2025, \u00e0 l&rsquo;\u00e2ge de 76 ans, d&rsquo;un cancer du foie, \u00e0 Paris (France).<\/p>\n<div class=\"page\">Source : fr.wikipedia.org<\/div>\n","protected":false},"excerpt":{"rendered":"<p>Hommage \u00e0 Thierry Ardisson, est mort le 14 juillet 2025 \u00e0 Paris il y a&#8230;<\/p>\n","protected":false},"author":1,"featured_media":2046,"comment_status":"open","ping_status":"closed","sticky":false,"template":"","format":"standard","meta":{"_jetpack_newsletter_access":"","_jetpack_dont_email_post_to_subs":false,"_jetpack_newsletter_tier_id":0,"_jetpack_memberships_contains_paywalled_content":false,"_jetpack_feature_clip_id":0,"_jetpack_memberships_contains_paid_content":false,"footnotes":"","jetpack_publicize_message":"","jetpack_publicize_feature_enabled":true,"jetpack_social_post_already_shared":true,"jetpack_social_options":{"image_generator_settings":{"template":"highway","default_image_id":0,"font":"","enabled":false},"version":2},"jetpack_post_was_ever_published":false},"categories":[741,377,40],"tags":[1000,826,999],"class_list":["post-2045","post","type-post","status-publish","format-standard","has-post-thumbnail","hentry","category-741","category-disparition","category-hommage","tag-14-juillet","tag-hommage","tag-thierry-ardisson"],"jetpack_publicize_connections":[],"jetpack_sharing_enabled":true,"jetpack_featured_media_url":"https:\/\/www.laurensoff.com\/wordpress\/wp-content\/uploads\/2026\/07\/9899a2c4b6f426f6f5c22b208bf248a43343e0e5-e1784029699852.jpg","_links":{"self":[{"href":"https:\/\/www.laurensoff.com\/wordpress\/wp-json\/wp\/v2\/posts\/2045","targetHints":{"allow":["GET"]}}],"collection":[{"href":"https:\/\/www.laurensoff.com\/wordpress\/wp-json\/wp\/v2\/posts"}],"about":[{"href":"https:\/\/www.laurensoff.com\/wordpress\/wp-json\/wp\/v2\/types\/post"}],"author":[{"embeddable":true,"href":"https:\/\/www.laurensoff.com\/wordpress\/wp-json\/wp\/v2\/users\/1"}],"replies":[{"embeddable":true,"href":"https:\/\/www.laurensoff.com\/wordpress\/wp-json\/wp\/v2\/comments?post=2045"}],"version-history":[{"count":4,"href":"https:\/\/www.laurensoff.com\/wordpress\/wp-json\/wp\/v2\/posts\/2045\/revisions"}],"predecessor-version":[{"id":2050,"href":"https:\/\/www.laurensoff.com\/wordpress\/wp-json\/wp\/v2\/posts\/2045\/revisions\/2050"}],"wp:featuredmedia":[{"embeddable":true,"href":"https:\/\/www.laurensoff.com\/wordpress\/wp-json\/wp\/v2\/media\/2046"}],"wp:attachment":[{"href":"https:\/\/www.laurensoff.com\/wordpress\/wp-json\/wp\/v2\/media?parent=2045"}],"wp:term":[{"taxonomy":"category","embeddable":true,"href":"https:\/\/www.laurensoff.com\/wordpress\/wp-json\/wp\/v2\/categories?post=2045"},{"taxonomy":"post_tag","embeddable":true,"href":"https:\/\/www.laurensoff.com\/wordpress\/wp-json\/wp\/v2\/tags?post=2045"}],"curies":[{"name":"wp","href":"https:\/\/api.w.org\/{rel}","templated":true}]}}