{"id":2039,"date":"2026-07-14T10:52:21","date_gmt":"2026-07-14T09:52:21","guid":{"rendered":"https:\/\/www.laurensoff.com\/wordpress\/?p=2039"},"modified":"2026-07-14T10:52:21","modified_gmt":"2026-07-14T09:52:21","slug":"climarnaque-de-jean-michel-jacquemin-raffestin-auteur","status":"publish","type":"post","link":"https:\/\/www.laurensoff.com\/wordpress\/climarnaque-de-jean-michel-jacquemin-raffestin-auteur\/","title":{"rendered":"Climarnaque de Jean-Michel Jacquemin-Raffestin (Auteur)"},"content":{"rendered":"<p>Ce livre permet de connaitre le pass\u00e9 de notre Terre que l&rsquo;on n&rsquo;enseigne plus, d&rsquo;o\u00f9 la facilit\u00e9 de faire croire ce que l&rsquo;on veut aux \u00ab\u00a0gueux\u00a0\u00bb. Les explications et les \u00e9tudes sur le CO2 depuis des centaines de mill\u00e9naires existent : les diff\u00e9rents changements climatiques \u00e0 une \u00e9poque o\u00f9 l&rsquo;homme n&rsquo;\u00e9tait pas pr\u00e9sent sur Terre avec un CO2 bien plus important, l&rsquo;activit\u00e9 solaire, tr\u00e8s importante, dans le changement et le r\u00e9chauffement de la plan\u00e8te que les m\u00e9dias oublient. Ce fameux CO2 ne repr\u00e9sente que 0,04 % de notre atmosph\u00e8re. Savez-vous qu&rsquo;\u00e0 0,02 % la v\u00e9g\u00e9tation meurt, l&rsquo;homme meurt, la vie s&rsquo;arr\u00eate ? De nombreuses \u00e9tudes montrent que le CO2 suit l&rsquo;augmentation de chaleur avec 800 ans de retard. Ils ne veulent pas sauver la plan\u00e8te, au contraire, ils font tout l&rsquo;inverse : d\u00e9forestation massive, voitures \u00e9lectriques et leur pollution plus importante que celle des voitures thermiques qui ne doivent plus exister en 2035 selon le d\u00e9sir d&rsquo;Ursula. Vous parle-t-on de ces enfants de 8 ans qui descendent dans les mines en Afrique pour extraire les mati\u00e8res qui servent \u00e0 votre batterie de voiture ? En d&rsquo;autres temps, cela s&rsquo;appelait de l&rsquo;esclavage, est-ce sauver la plan\u00e8te ? Une \u00e9tude explique que le mouvement environnemental, avec son \u00ab\u00a0Net Z\u00e9ro\u00a0\u00bb voulu, est une id\u00e9ologie anti-humaine qui va provoquer la mort de 4 milliards de personnes. Avez-vous compris ce qu&rsquo;ils veulent ? La d\u00e9population de la plan\u00e8te dont ils parlent depuis un demi-si\u00e8cle. L&rsquo;objectif de ce livre, premier tome d&rsquo;une trilogie, est un appel \u00e0 se r\u00e9veiller, \u00e0 sauter dans le train de l&rsquo;illumination et \u00e0 grandir dans l&rsquo;unit\u00e9 jusqu&rsquo;\u00e0 une masse critique pour r\u00e9sister \u00e0 cette tyrannie impos\u00e9e.<a href=\"https:\/\/www.amazon.fr\/dp\/2322623741\">https:\/\/www.amazon.fr\/dp\/2322623741<\/a><\/p>\n","protected":false},"excerpt":{"rendered":"<p>Ce livre permet de connaitre le pass\u00e9 de notre Terre que l&rsquo;on n&rsquo;enseigne plus, d&rsquo;o\u00f9&#8230;<\/p>\n","protected":false},"author":1,"featured_media":2040,"comment_status":"open","ping_status":"closed","sticky":false,"template":"","format":"standard","meta":{"_jetpack_newsletter_access":"","_jetpack_dont_email_post_to_subs":false,"_jetpack_newsletter_tier_id":0,"_jetpack_memberships_contains_paywalled_content":false,"_jetpack_feature_clip_id":0,"_jetpack_memberships_contains_paid_content":false,"footnotes":"","jetpack_publicize_message":"","jetpack_publicize_feature_enabled":true,"jetpack_social_post_already_shared":true,"jetpack_social_options":{"image_generator_settings":{"template":"highway","default_image_id":0,"font":"","enabled":false},"version":2},"jetpack_post_was_ever_published":false},"categories":[741,966,988,483,331,661],"tags":[],"class_list":["post-2039","post","type-post","status-publish","format-standard","has-post-thumbnail","hentry","category-741","category-co","category-complots","category-documentaire","category-meteo","category-reportage"],"jetpack_publicize_connections":[],"jetpack_sharing_enabled":true,"jetpack_featured_media_url":"https:\/\/www.laurensoff.com\/wordpress\/wp-content\/uploads\/2026\/07\/81mvhapwpTL._SL1500_.jpg","_links":{"self":[{"href":"https:\/\/www.laurensoff.com\/wordpress\/wp-json\/wp\/v2\/posts\/2039","targetHints":{"allow":["GET"]}}],"collection":[{"href":"https:\/\/www.laurensoff.com\/wordpress\/wp-json\/wp\/v2\/posts"}],"about":[{"href":"https:\/\/www.laurensoff.com\/wordpress\/wp-json\/wp\/v2\/types\/post"}],"author":[{"embeddable":true,"href":"https:\/\/www.laurensoff.com\/wordpress\/wp-json\/wp\/v2\/users\/1"}],"replies":[{"embeddable":true,"href":"https:\/\/www.laurensoff.com\/wordpress\/wp-json\/wp\/v2\/comments?post=2039"}],"version-history":[{"count":1,"href":"https:\/\/www.laurensoff.com\/wordpress\/wp-json\/wp\/v2\/posts\/2039\/revisions"}],"predecessor-version":[{"id":2041,"href":"https:\/\/www.laurensoff.com\/wordpress\/wp-json\/wp\/v2\/posts\/2039\/revisions\/2041"}],"wp:featuredmedia":[{"embeddable":true,"href":"https:\/\/www.laurensoff.com\/wordpress\/wp-json\/wp\/v2\/media\/2040"}],"wp:attachment":[{"href":"https:\/\/www.laurensoff.com\/wordpress\/wp-json\/wp\/v2\/media?parent=2039"}],"wp:term":[{"taxonomy":"category","embeddable":true,"href":"https:\/\/www.laurensoff.com\/wordpress\/wp-json\/wp\/v2\/categories?post=2039"},{"taxonomy":"post_tag","embeddable":true,"href":"https:\/\/www.laurensoff.com\/wordpress\/wp-json\/wp\/v2\/tags?post=2039"}],"curies":[{"name":"wp","href":"https:\/\/api.w.org\/{rel}","templated":true}]}}