{"id":2035,"date":"2026-07-13T17:36:56","date_gmt":"2026-07-13T16:36:56","guid":{"rendered":"https:\/\/www.laurensoff.com\/wordpress\/?p=2035"},"modified":"2026-07-13T17:36:56","modified_gmt":"2026-07-13T16:36:56","slug":"cest-une-page-importante-qui-se-tourne-pour-la-culture-dans-le-var-charles-berling-quitte-officiellement-ses-fonctions-de-directeur-de-la-scene-nationale-chateauvallon-liberte-le-31-aout-2026","status":"publish","type":"post","link":"https:\/\/www.laurensoff.com\/wordpress\/cest-une-page-importante-qui-se-tourne-pour-la-culture-dans-le-var-charles-berling-quitte-officiellement-ses-fonctions-de-directeur-de-la-scene-nationale-chateauvallon-liberte-le-31-aout-2026\/","title":{"rendered":"C&rsquo;est une page importante qui se tourne pour la culture dans le Var : Charles Berling quitte officiellement ses fonctions de directeur de la sc\u00e8ne nationale Ch\u00e2teauvallon-Libert\u00e9 le 31 ao\u00fbt 2026."},"content":{"rendered":"<p>Charles Berling au Th\u00e9\u00e2tre Libert\u00e9&#8230;Il a tant apport\u00e9 \u00e0 La sc\u00e8ne culturelle . Merci Charles.<br \/>\n<img loading=\"lazy\" decoding=\"async\" class=\"alignnone  wp-image-2037\" src=\"https:\/\/www.laurensoff.com\/wordpress\/wp-content\/uploads\/2026\/07\/Transat_Jacques_Vabre_2013_-_Charles_Berling_06-scaled.jpg\" alt=\"\" width=\"107\" height=\"161\" srcset=\"https:\/\/www.laurensoff.com\/wordpress\/wp-content\/uploads\/2026\/07\/Transat_Jacques_Vabre_2013_-_Charles_Berling_06-scaled.jpg 1707w, https:\/\/www.laurensoff.com\/wordpress\/wp-content\/uploads\/2026\/07\/Transat_Jacques_Vabre_2013_-_Charles_Berling_06-200x300.jpg 200w, https:\/\/www.laurensoff.com\/wordpress\/wp-content\/uploads\/2026\/07\/Transat_Jacques_Vabre_2013_-_Charles_Berling_06-683x1024.jpg 683w, https:\/\/www.laurensoff.com\/wordpress\/wp-content\/uploads\/2026\/07\/Transat_Jacques_Vabre_2013_-_Charles_Berling_06-768x1152.jpg 768w, https:\/\/www.laurensoff.com\/wordpress\/wp-content\/uploads\/2026\/07\/Transat_Jacques_Vabre_2013_-_Charles_Berling_06-1024x1536.jpg 1024w, https:\/\/www.laurensoff.com\/wordpress\/wp-content\/uploads\/2026\/07\/Transat_Jacques_Vabre_2013_-_Charles_Berling_06-1365x2048.jpg 1365w, https:\/\/www.laurensoff.com\/wordpress\/wp-content\/uploads\/2026\/07\/Transat_Jacques_Vabre_2013_-_Charles_Berling_06-600x900.jpg 600w\" sizes=\"auto, (max-width: 107px) 100vw, 107px\" \/><br \/>\nC&rsquo;est une page importante qui se tourne pour la culture dans le Var : Charles Berling quitte officiellement ses fonctions de directeur de la sc\u00e8ne nationale Ch\u00e2teauvallon-Libert\u00e9 le 31 ao\u00fbt 2026. Apr\u00e8s 16 ans d&rsquo;engagement, l&rsquo;acteur et metteur en sc\u00e8ne a choisi de faire valoir ses droits \u00e0 la retraite administrative afin de se recentrer pleinement sur ses projets artistiques personnels. Voici ce qu&rsquo;il faut retenir de son d\u00e9part et de son bilan :Une aventure de 16 ans : Charles Berling avait fond\u00e9 le Th\u00e9\u00e2tre Libert\u00e9 en centre-ville de Toulon en 2010 aux c\u00f4t\u00e9s de son fr\u00e8re Philippe. En 2015, la fusion avec Ch\u00e2teauvallon (Ollioules) a donn\u00e9 naissance \u00e0 cette sc\u00e8ne nationale \u00ab\u00a0\u00e0 deux t\u00eates\u00a0\u00bb, devenue la deuxi\u00e8me de France en termes d&rsquo;envergure. Les raisons de son d\u00e9part : \u00c0 68 ans, il a exprim\u00e9 le souhait de \u00ab\u00a0passer le relais\u00a0\u00bb et de s&rsquo;all\u00e9ger de la lourde charge de la gestion administrative pour reprendre la route, les tournages (notamment un projet avec la r\u00e9alisatrice Nicole Garcia) et la mise en sc\u00e8ne.Un ancrage local qui reste fort : S&rsquo;il quitte la direction de la structure, il ne quitte pas Toulon pour autant. Il collaborera notamment avec l&rsquo;Op\u00e9ra de Toulon d\u00e8s la saison prochaine pour monter L&rsquo;Histoire du soldat de Stravinski. La saison estivale 2026 (le festival d&rsquo;\u00e9t\u00e9 de Ch\u00e2teauvallon) aura donc \u00e9t\u00e9 sa toute derni\u00e8re programmation en tant que patron des lieux. Le processus de recrutement men\u00e9 par la M\u00e9tropole, le D\u00e9partement, la R\u00e9gion et l&rsquo;\u00c9tat est en cours pour d\u00e9signer sa succession, qui devrait prendre ses fonctions d\u00e9but 2027.<br \/>\n<img loading=\"lazy\" decoding=\"async\" class=\"alignnone  wp-image-2037\" src=\"https:\/\/www.laurensoff.com\/wordpress\/wp-content\/uploads\/2026\/07\/Transat_Jacques_Vabre_2013_-_Charles_Berling_06-scaled.jpg\" alt=\"\" width=\"286\" height=\"429\" srcset=\"https:\/\/www.laurensoff.com\/wordpress\/wp-content\/uploads\/2026\/07\/Transat_Jacques_Vabre_2013_-_Charles_Berling_06-scaled.jpg 1707w, https:\/\/www.laurensoff.com\/wordpress\/wp-content\/uploads\/2026\/07\/Transat_Jacques_Vabre_2013_-_Charles_Berling_06-200x300.jpg 200w, https:\/\/www.laurensoff.com\/wordpress\/wp-content\/uploads\/2026\/07\/Transat_Jacques_Vabre_2013_-_Charles_Berling_06-683x1024.jpg 683w, https:\/\/www.laurensoff.com\/wordpress\/wp-content\/uploads\/2026\/07\/Transat_Jacques_Vabre_2013_-_Charles_Berling_06-768x1152.jpg 768w, https:\/\/www.laurensoff.com\/wordpress\/wp-content\/uploads\/2026\/07\/Transat_Jacques_Vabre_2013_-_Charles_Berling_06-1024x1536.jpg 1024w, https:\/\/www.laurensoff.com\/wordpress\/wp-content\/uploads\/2026\/07\/Transat_Jacques_Vabre_2013_-_Charles_Berling_06-1365x2048.jpg 1365w, https:\/\/www.laurensoff.com\/wordpress\/wp-content\/uploads\/2026\/07\/Transat_Jacques_Vabre_2013_-_Charles_Berling_06-600x900.jpg 600w\" sizes=\"auto, (max-width: 286px) 100vw, 286px\" \/><br \/>\nCh\u00e2teauvallon-Libert\u00e9, sc\u00e8ne nationale<\/p>\n","protected":false},"excerpt":{"rendered":"<p>Charles Berling au Th\u00e9\u00e2tre Libert\u00e9&#8230;Il a tant apport\u00e9 \u00e0 La sc\u00e8ne culturelle . Merci Charles&#8230;.<\/p>\n","protected":false},"author":1,"featured_media":2036,"comment_status":"open","ping_status":"closed","sticky":false,"template":"","format":"standard","meta":{"_jetpack_newsletter_access":"","_jetpack_dont_email_post_to_subs":false,"_jetpack_newsletter_tier_id":0,"_jetpack_memberships_contains_paywalled_content":false,"_jetpack_feature_clip_id":0,"_jetpack_memberships_contains_paid_content":false,"footnotes":"","jetpack_publicize_message":"","jetpack_publicize_feature_enabled":true,"jetpack_social_post_already_shared":true,"jetpack_social_options":{"image_generator_settings":{"template":"highway","default_image_id":0,"font":"","enabled":false},"version":2},"jetpack_post_was_ever_published":false},"categories":[741,819,344,767,5,10],"tags":[],"class_list":["post-2035","post","type-post","status-publish","format-standard","has-post-thumbnail","hentry","category-741","category-acteur","category-artiste","category-chateauvallon-liberte-toulon","category-cinema","category-theatre"],"jetpack_publicize_connections":[],"jetpack_sharing_enabled":true,"jetpack_featured_media_url":"https:\/\/www.laurensoff.com\/wordpress\/wp-content\/uploads\/2026\/07\/1783520041538.jpg","_links":{"self":[{"href":"https:\/\/www.laurensoff.com\/wordpress\/wp-json\/wp\/v2\/posts\/2035","targetHints":{"allow":["GET"]}}],"collection":[{"href":"https:\/\/www.laurensoff.com\/wordpress\/wp-json\/wp\/v2\/posts"}],"about":[{"href":"https:\/\/www.laurensoff.com\/wordpress\/wp-json\/wp\/v2\/types\/post"}],"author":[{"embeddable":true,"href":"https:\/\/www.laurensoff.com\/wordpress\/wp-json\/wp\/v2\/users\/1"}],"replies":[{"embeddable":true,"href":"https:\/\/www.laurensoff.com\/wordpress\/wp-json\/wp\/v2\/comments?post=2035"}],"version-history":[{"count":1,"href":"https:\/\/www.laurensoff.com\/wordpress\/wp-json\/wp\/v2\/posts\/2035\/revisions"}],"predecessor-version":[{"id":2038,"href":"https:\/\/www.laurensoff.com\/wordpress\/wp-json\/wp\/v2\/posts\/2035\/revisions\/2038"}],"wp:featuredmedia":[{"embeddable":true,"href":"https:\/\/www.laurensoff.com\/wordpress\/wp-json\/wp\/v2\/media\/2036"}],"wp:attachment":[{"href":"https:\/\/www.laurensoff.com\/wordpress\/wp-json\/wp\/v2\/media?parent=2035"}],"wp:term":[{"taxonomy":"category","embeddable":true,"href":"https:\/\/www.laurensoff.com\/wordpress\/wp-json\/wp\/v2\/categories?post=2035"},{"taxonomy":"post_tag","embeddable":true,"href":"https:\/\/www.laurensoff.com\/wordpress\/wp-json\/wp\/v2\/tags?post=2035"}],"curies":[{"name":"wp","href":"https:\/\/api.w.org\/{rel}","templated":true}]}}