{"id":2032,"date":"2026-07-13T12:27:27","date_gmt":"2026-07-13T11:27:27","guid":{"rendered":"https:\/\/www.laurensoff.com\/wordpress\/?p=2032"},"modified":"2026-07-13T12:27:27","modified_gmt":"2026-07-13T11:27:27","slug":"marseille-est-desormais-dote-dun-pole-dedie-au-cinema-et-aux-industries-de-limage-grace-au-projet-les-dames","status":"publish","type":"post","link":"https:\/\/www.laurensoff.com\/wordpress\/marseille-est-desormais-dote-dun-pole-dedie-au-cinema-et-aux-industries-de-limage-grace-au-projet-les-dames\/","title":{"rendered":"Marseille est d\u00e9sormais dot\u00e9 d\u2019un p\u00f4le d\u00e9di\u00e9 au cin\u00e9ma"},"content":{"rendered":"<div class=\"n module-type-text diyfeLiveArea \">\n<h2>Marseille est d\u00e9sormais dot\u00e9 d\u2019un p\u00f4le d\u00e9di\u00e9 au cin\u00e9ma et aux industries de l\u2019image gr\u00e2ce au projet \u00abLes Dames\u00bb qui a remport\u00e9 l\u2019appel \u00e0 projets municipal \u00ab Les P\u00e9pites Patrimoniales \u00bb.<\/h2>\n<\/div>\n<div class=\"n module-type-text diyfeLiveArea \">\n<p>L\u2019ambition de ce projet \u00e9tait de redonner vie \u00e0 l\u2019ancien si\u00e8ge de la compagnie Paquet, v\u00e9ritable joyau architectural Art d\u00e9co. Depuis plus de cinq ans, ce magnifique b\u00e2timent de 4.700 m2 r\u00e9partis sur 6 \u00e9tages au 90 boulevard des Dames \u00e9tait, en effet, laiss\u00e9 \u00e0 l\u2019abandon. Il est d\u00e9sormais en train de rena\u00eetre et de se m\u00e9tamorphoser en un p\u00f4le qui sera un lieu structurant et f\u00e9d\u00e9rateur d\u00e9di\u00e9 au cin\u00e9ma, \u00e0 l\u2019audiovisuel, aux industries cr\u00e9atives et \u00e0 tout l\u2019\u00e9cosyst\u00e8me gr\u00e2ce au Projet \u00ab Les Dames \u00bb \u00e9labor\u00e9 et d\u00e9fendu par \u00ab Marseille Devant \u00bb, Adim Provence et Rougerie+Tangram. Les travaux ne sont pas encore effectu\u00e9s mais le lieu fonctionne d\u00e9j\u00e0. L\u2019objectif pouvait para\u00eetre utopique mais force est de constater que le projet \u00e9tait viable, que le lieu vit et qu\u2019il re\u00e7oit d\u00e9j\u00e0 ses premiers occupants et ses premi\u00e8res productions .<\/p>\n<div id=\"emotion-header-title-bg\">lire la suite<\/div>\n<div class=\"notranslate\"><a href=\"https:\/\/www.lejouretlanuit.net\/\">Le\u00a0Jour\u00a0et\u00a0La\u00a0Nuit\u00a0Presse<\/a><\/div>\n<\/div>\n","protected":false},"excerpt":{"rendered":"<p>Marseille est d\u00e9sormais dot\u00e9 d\u2019un p\u00f4le d\u00e9di\u00e9 au cin\u00e9ma et aux industries de l\u2019image gr\u00e2ce&#8230;<\/p>\n","protected":false},"author":1,"featured_media":2033,"comment_status":"open","ping_status":"closed","sticky":false,"template":"","format":"standard","meta":{"_jetpack_newsletter_access":"","_jetpack_dont_email_post_to_subs":false,"_jetpack_newsletter_tier_id":0,"_jetpack_memberships_contains_paywalled_content":false,"_jetpack_feature_clip_id":0,"_jetpack_memberships_contains_paid_content":false,"footnotes":"","jetpack_publicize_message":"","jetpack_publicize_feature_enabled":true,"jetpack_social_post_already_shared":true,"jetpack_social_options":{"image_generator_settings":{"template":"highway","default_image_id":0,"font":"","enabled":false},"version":2},"jetpack_post_was_ever_published":false},"categories":[741,805,29,5,162,42],"tags":[],"class_list":["post-2032","post","type-post","status-publish","format-standard","has-post-thumbnail","hentry","category-741","category-805","category-architecture","category-cinema","category-entreprises","category-marseille"],"jetpack_publicize_connections":[],"jetpack_sharing_enabled":true,"jetpack_featured_media_url":"https:\/\/www.laurensoff.com\/wordpress\/wp-content\/uploads\/2026\/07\/cache_2497418815.jpeg","_links":{"self":[{"href":"https:\/\/www.laurensoff.com\/wordpress\/wp-json\/wp\/v2\/posts\/2032","targetHints":{"allow":["GET"]}}],"collection":[{"href":"https:\/\/www.laurensoff.com\/wordpress\/wp-json\/wp\/v2\/posts"}],"about":[{"href":"https:\/\/www.laurensoff.com\/wordpress\/wp-json\/wp\/v2\/types\/post"}],"author":[{"embeddable":true,"href":"https:\/\/www.laurensoff.com\/wordpress\/wp-json\/wp\/v2\/users\/1"}],"replies":[{"embeddable":true,"href":"https:\/\/www.laurensoff.com\/wordpress\/wp-json\/wp\/v2\/comments?post=2032"}],"version-history":[{"count":1,"href":"https:\/\/www.laurensoff.com\/wordpress\/wp-json\/wp\/v2\/posts\/2032\/revisions"}],"predecessor-version":[{"id":2034,"href":"https:\/\/www.laurensoff.com\/wordpress\/wp-json\/wp\/v2\/posts\/2032\/revisions\/2034"}],"wp:featuredmedia":[{"embeddable":true,"href":"https:\/\/www.laurensoff.com\/wordpress\/wp-json\/wp\/v2\/media\/2033"}],"wp:attachment":[{"href":"https:\/\/www.laurensoff.com\/wordpress\/wp-json\/wp\/v2\/media?parent=2032"}],"wp:term":[{"taxonomy":"category","embeddable":true,"href":"https:\/\/www.laurensoff.com\/wordpress\/wp-json\/wp\/v2\/categories?post=2032"},{"taxonomy":"post_tag","embeddable":true,"href":"https:\/\/www.laurensoff.com\/wordpress\/wp-json\/wp\/v2\/tags?post=2032"}],"curies":[{"name":"wp","href":"https:\/\/api.w.org\/{rel}","templated":true}]}}