{"id":2003,"date":"2026-07-12T15:34:47","date_gmt":"2026-07-12T14:34:47","guid":{"rendered":"https:\/\/www.laurensoff.com\/wordpress\/?p=2003"},"modified":"2026-07-12T15:34:47","modified_gmt":"2026-07-12T14:34:47","slug":"les-telephones-portables-certains-les-tolerent-dautres-les-interdisent-pendant-les-concerts-ou-certains-festivals","status":"publish","type":"post","link":"https:\/\/www.laurensoff.com\/wordpress\/les-telephones-portables-certains-les-tolerent-dautres-les-interdisent-pendant-les-concerts-ou-certains-festivals\/","title":{"rendered":"Les t\u00e9l\u00e9phones portables, certains les tol\u00e8rent, d\u2019autres les interdisent pendant les concerts ou certains festivals."},"content":{"rendered":"<p class=\"chapo typo-paragraph-subtitle-large svelte-3qaa0r\">Les t\u00e9l\u00e9phones portables, certains les tol\u00e8rent, d\u2019autres les interdisent pendant les concerts ou certains festivals. Ca fait des ann\u00e9es, par exemple, que Bob Dylan interdit les t\u00e9l\u00e9phones lors de ses concerts.<\/p>\n<div class=\"Body svelte-ha7jq7\">\n<div class=\"g-page-gap\">\n<p class=\"Paragraph typo-paragraph-text-large svelte-1jwh7qj\">Il y a deux ans, le chanteur Nick Cave, un poil exc\u00e9d\u00e9, avait gentiment exprim\u00e9 son m\u00e9contentement et demand\u00e9 \u00e0 ses fans de ranger leur t\u00e9l\u00e9phone\u2026<\/p>\n<div class=\"Embed youtube svelte-yzw7hi\">\n<div class=\"injected svelte-154d0a3\"><iframe class=\"youtube\" title=\"Nick Cave - &quot;\u2026 PUT YOUR F**KING PHONES AWAY! \u2026&quot; Krak\u00f3w\" src=\"https:\/\/www.youtube.com\/embed\/olJNpcikaeo?feature=oembed\" allowfullscreen=\"allowfullscreen\" data-mce-fragment=\"1\"><\/iframe><\/div>\n<\/div>\n<p class=\"Paragraph typo-paragraph-text-large svelte-1jwh7qj\">Et Nick Cave n&rsquo;est pas le seul! Le c\u00e9l\u00e8bre groupe de m\u00e9tal Iron Maiden qui sera en concert \u00e0 Paris le 22 juib prochain, a d\u00e9cid\u00e9 que les spectateurs en fosse ne pourraient pas utiliser leur t\u00e9l\u00e9phone. Celui-ci devra \u00eatre plac\u00e9 dans une pochette s\u00e9curis\u00e9e.<\/p>\n<p class=\"Paragraph typo-paragraph-text-large svelte-1jwh7qj\">Et vous, qu&rsquo;en pensez-vous ?<\/p>\n<p>@radio France<\/p>\n<\/div>\n<\/div>\n","protected":false},"excerpt":{"rendered":"<p>Les t\u00e9l\u00e9phones portables, certains les tol\u00e8rent, d\u2019autres les interdisent pendant les concerts ou certains festivals&#8230;.<\/p>\n","protected":false},"author":1,"featured_media":2004,"comment_status":"open","ping_status":"closed","sticky":false,"template":"","format":"standard","meta":{"_jetpack_newsletter_access":"","_jetpack_dont_email_post_to_subs":false,"_jetpack_newsletter_tier_id":0,"_jetpack_memberships_contains_paywalled_content":false,"_jetpack_feature_clip_id":0,"_jetpack_memberships_contains_paid_content":false,"footnotes":"","jetpack_publicize_message":"","jetpack_publicize_feature_enabled":true,"jetpack_social_post_already_shared":true,"jetpack_social_options":{"image_generator_settings":{"template":"highway","default_image_id":0,"font":"","enabled":false},"version":2},"jetpack_post_was_ever_published":false},"categories":[741,991,993,622,483,992,990,989],"tags":[],"class_list":["post-2003","post","type-post","status-publish","format-standard","has-post-thumbnail","hentry","category-741","category-android","category-concert-agenda","category-discussion","category-documentaire","category-iphone","category-portable","category-telephone"],"jetpack_publicize_connections":[],"jetpack_sharing_enabled":true,"jetpack_featured_media_url":"https:\/\/www.laurensoff.com\/wordpress\/wp-content\/uploads\/2026\/07\/brandir-ou-ne-pas-brandir-son-telephone-pendant-les-concerts-telle-est-la-question-photo-stephane-guiochon-1744731425-e1783866830161.jpg","_links":{"self":[{"href":"https:\/\/www.laurensoff.com\/wordpress\/wp-json\/wp\/v2\/posts\/2003","targetHints":{"allow":["GET"]}}],"collection":[{"href":"https:\/\/www.laurensoff.com\/wordpress\/wp-json\/wp\/v2\/posts"}],"about":[{"href":"https:\/\/www.laurensoff.com\/wordpress\/wp-json\/wp\/v2\/types\/post"}],"author":[{"embeddable":true,"href":"https:\/\/www.laurensoff.com\/wordpress\/wp-json\/wp\/v2\/users\/1"}],"replies":[{"embeddable":true,"href":"https:\/\/www.laurensoff.com\/wordpress\/wp-json\/wp\/v2\/comments?post=2003"}],"version-history":[{"count":1,"href":"https:\/\/www.laurensoff.com\/wordpress\/wp-json\/wp\/v2\/posts\/2003\/revisions"}],"predecessor-version":[{"id":2005,"href":"https:\/\/www.laurensoff.com\/wordpress\/wp-json\/wp\/v2\/posts\/2003\/revisions\/2005"}],"wp:featuredmedia":[{"embeddable":true,"href":"https:\/\/www.laurensoff.com\/wordpress\/wp-json\/wp\/v2\/media\/2004"}],"wp:attachment":[{"href":"https:\/\/www.laurensoff.com\/wordpress\/wp-json\/wp\/v2\/media?parent=2003"}],"wp:term":[{"taxonomy":"category","embeddable":true,"href":"https:\/\/www.laurensoff.com\/wordpress\/wp-json\/wp\/v2\/categories?post=2003"},{"taxonomy":"post_tag","embeddable":true,"href":"https:\/\/www.laurensoff.com\/wordpress\/wp-json\/wp\/v2\/tags?post=2003"}],"curies":[{"name":"wp","href":"https:\/\/api.w.org\/{rel}","templated":true}]}}