{"id":200,"date":"2025-08-17T15:36:29","date_gmt":"2025-08-17T15:36:29","guid":{"rendered":"https:\/\/www.laurensoff.com\/wordpress\/?p=200"},"modified":"2025-08-17T15:37:49","modified_gmt":"2025-08-17T15:37:49","slug":"quand-luc-besson-parle-de-lacteur-bruce-willis","status":"publish","type":"post","link":"https:\/\/www.laurensoff.com\/wordpress\/quand-luc-besson-parle-de-lacteur-bruce-willis\/","title":{"rendered":"Quand le producteur est r\u00e9alisateur Luc Besson parle de l&rsquo;acteur Bruce Willis il est plus que triste."},"content":{"rendered":"<p>Alors que son dernier film \u00ab Dracula \u00bb continue sa carri\u00e8re au box-office, c\u2019est l\u2019occasion de revenir sur la contribution de Luc Besson au cin\u00e9ma fran\u00e7ais et international en tant que r\u00e9alisateur, sc\u00e9nariste et producteur. Adul\u00e9 par certains, critiqu\u00e9 par d\u2019autres, Luc Besson a fa\u00e7onn\u00e9 un cin\u00e9ma audacieux et visuellement spectaculaire. Pour le restant du mois d\u2019ao\u00fbt, rendons \u00e0 Besson ce qui appartient \u00e0 Besson.<br \/>\n#tvsudcine<\/p>\n<figure id=\"attachment_201\" aria-describedby=\"caption-attachment-201\" style=\"width: 300px\" class=\"wp-caption alignnone\"><img loading=\"lazy\" decoding=\"async\" class=\"size-medium wp-image-201\" src=\"https:\/\/www.laurensoff.com\/wordpress\/wp-content\/uploads\/2025\/08\/GettyImages-829918118-copy-300x200.jpg\" alt=\"\" width=\"300\" height=\"200\" srcset=\"https:\/\/www.laurensoff.com\/wordpress\/wp-content\/uploads\/2025\/08\/GettyImages-829918118-copy-300x200.jpg 300w, https:\/\/www.laurensoff.com\/wordpress\/wp-content\/uploads\/2025\/08\/GettyImages-829918118-copy-1024x682.jpg 1024w, https:\/\/www.laurensoff.com\/wordpress\/wp-content\/uploads\/2025\/08\/GettyImages-829918118-copy-768x512.jpg 768w, https:\/\/www.laurensoff.com\/wordpress\/wp-content\/uploads\/2025\/08\/GettyImages-829918118-copy-1536x1024.jpg 1536w, https:\/\/www.laurensoff.com\/wordpress\/wp-content\/uploads\/2025\/08\/GettyImages-829918118-copy-600x400.jpg 600w, https:\/\/www.laurensoff.com\/wordpress\/wp-content\/uploads\/2025\/08\/GettyImages-829918118-copy.jpg 2000w\" sizes=\"auto, (max-width: 300px) 100vw, 300px\" \/><figcaption id=\"caption-attachment-201\" class=\"wp-caption-text\">Actor Bruce Willis (right) and director Luc Besson , during this morning&rsquo;s photocall for \u00ab\u00a0The Fifth Element\u00a0\u00bb, which Premieres tonight during the 50th Cannes Film Festival. (Photo by Neil Munns &#8211; PA Images\/PA Images via Getty Images)<\/figcaption><\/figure>\n<p><img loading=\"lazy\" decoding=\"async\" class=\"alignnone size-medium wp-image-202\" src=\"https:\/\/www.laurensoff.com\/wordpress\/wp-content\/uploads\/2025\/08\/FB_IMG_1755444521979-300x210.jpg\" alt=\"\" width=\"300\" height=\"210\" srcset=\"https:\/\/www.laurensoff.com\/wordpress\/wp-content\/uploads\/2025\/08\/FB_IMG_1755444521979-300x210.jpg 300w, https:\/\/www.laurensoff.com\/wordpress\/wp-content\/uploads\/2025\/08\/FB_IMG_1755444521979-1024x716.jpg 1024w, https:\/\/www.laurensoff.com\/wordpress\/wp-content\/uploads\/2025\/08\/FB_IMG_1755444521979-768x537.jpg 768w, https:\/\/www.laurensoff.com\/wordpress\/wp-content\/uploads\/2025\/08\/FB_IMG_1755444521979-600x420.jpg 600w, https:\/\/www.laurensoff.com\/wordpress\/wp-content\/uploads\/2025\/08\/FB_IMG_1755444521979.jpg 1098w\" sizes=\"auto, (max-width: 300px) 100vw, 300px\" \/> <img loading=\"lazy\" decoding=\"async\" class=\"alignnone size-medium wp-image-203\" src=\"https:\/\/www.laurensoff.com\/wordpress\/wp-content\/uploads\/2025\/08\/FB_IMG_1755444519427-216x300.jpg\" alt=\"\" width=\"216\" height=\"300\" srcset=\"https:\/\/www.laurensoff.com\/wordpress\/wp-content\/uploads\/2025\/08\/FB_IMG_1755444519427-216x300.jpg 216w, https:\/\/www.laurensoff.com\/wordpress\/wp-content\/uploads\/2025\/08\/FB_IMG_1755444519427-738x1024.jpg 738w, https:\/\/www.laurensoff.com\/wordpress\/wp-content\/uploads\/2025\/08\/FB_IMG_1755444519427-768x1066.jpg 768w, https:\/\/www.laurensoff.com\/wordpress\/wp-content\/uploads\/2025\/08\/FB_IMG_1755444519427-1107x1536.jpg 1107w, https:\/\/www.laurensoff.com\/wordpress\/wp-content\/uploads\/2025\/08\/FB_IMG_1755444519427-600x833.jpg 600w, https:\/\/www.laurensoff.com\/wordpress\/wp-content\/uploads\/2025\/08\/FB_IMG_1755444519427.jpg 1200w\" sizes=\"auto, (max-width: 216px) 100vw, 216px\" \/> <img loading=\"lazy\" decoding=\"async\" class=\"alignnone size-medium wp-image-204\" src=\"https:\/\/www.laurensoff.com\/wordpress\/wp-content\/uploads\/2025\/08\/FB_IMG_1755444516569-300x201.jpg\" alt=\"\" width=\"300\" height=\"201\" srcset=\"https:\/\/www.laurensoff.com\/wordpress\/wp-content\/uploads\/2025\/08\/FB_IMG_1755444516569-300x201.jpg 300w, https:\/\/www.laurensoff.com\/wordpress\/wp-content\/uploads\/2025\/08\/FB_IMG_1755444516569.jpg 580w\" sizes=\"auto, (max-width: 300px) 100vw, 300px\" \/> <img loading=\"lazy\" decoding=\"async\" class=\"alignnone size-medium wp-image-205\" src=\"https:\/\/www.laurensoff.com\/wordpress\/wp-content\/uploads\/2025\/08\/FB_IMG_1755444513729-300x228.jpg\" alt=\"\" width=\"300\" height=\"228\" srcset=\"https:\/\/www.laurensoff.com\/wordpress\/wp-content\/uploads\/2025\/08\/FB_IMG_1755444513729-300x228.jpg 300w, https:\/\/www.laurensoff.com\/wordpress\/wp-content\/uploads\/2025\/08\/FB_IMG_1755444513729.jpg 598w\" sizes=\"auto, (max-width: 300px) 100vw, 300px\" \/>\u00a0#picoftheday<\/p>\n","protected":false},"excerpt":{"rendered":"<p>Alors que son dernier film \u00ab Dracula \u00bb continue sa carri\u00e8re au box-office, c\u2019est l\u2019occasion&#8230;<\/p>\n","protected":false},"author":1,"featured_media":201,"comment_status":"open","ping_status":"closed","sticky":false,"template":"","format":"standard","meta":{"_bbp_topic_count":0,"_bbp_reply_count":0,"_bbp_total_topic_count":0,"_bbp_total_reply_count":0,"_bbp_voice_count":0,"_bbp_anonymous_reply_count":0,"_bbp_topic_count_hidden":0,"_bbp_reply_count_hidden":0,"_bbp_forum_subforum_count":0,"_crdt_document":"","_jetpack_memberships_contains_paid_content":false,"footnotes":"","jetpack_publicize_message":"","jetpack_publicize_feature_enabled":true,"jetpack_social_post_already_shared":false,"jetpack_social_options":{"image_generator_settings":{"template":"highway","default_image_id":0,"font":"","enabled":false},"version":2}},"categories":[5],"tags":[],"class_list":["post-200","post","type-post","status-publish","format-standard","has-post-thumbnail","hentry","category-cinema"],"jetpack_publicize_connections":[],"jetpack_featured_media_url":"https:\/\/www.laurensoff.com\/wordpress\/wp-content\/uploads\/2025\/08\/GettyImages-829918118-copy.jpg","jetpack_sharing_enabled":true,"_links":{"self":[{"href":"https:\/\/www.laurensoff.com\/wordpress\/wp-json\/wp\/v2\/posts\/200","targetHints":{"allow":["GET"]}}],"collection":[{"href":"https:\/\/www.laurensoff.com\/wordpress\/wp-json\/wp\/v2\/posts"}],"about":[{"href":"https:\/\/www.laurensoff.com\/wordpress\/wp-json\/wp\/v2\/types\/post"}],"author":[{"embeddable":true,"href":"https:\/\/www.laurensoff.com\/wordpress\/wp-json\/wp\/v2\/users\/1"}],"replies":[{"embeddable":true,"href":"https:\/\/www.laurensoff.com\/wordpress\/wp-json\/wp\/v2\/comments?post=200"}],"version-history":[{"count":3,"href":"https:\/\/www.laurensoff.com\/wordpress\/wp-json\/wp\/v2\/posts\/200\/revisions"}],"predecessor-version":[{"id":208,"href":"https:\/\/www.laurensoff.com\/wordpress\/wp-json\/wp\/v2\/posts\/200\/revisions\/208"}],"wp:featuredmedia":[{"embeddable":true,"href":"https:\/\/www.laurensoff.com\/wordpress\/wp-json\/wp\/v2\/media\/201"}],"wp:attachment":[{"href":"https:\/\/www.laurensoff.com\/wordpress\/wp-json\/wp\/v2\/media?parent=200"}],"wp:term":[{"taxonomy":"category","embeddable":true,"href":"https:\/\/www.laurensoff.com\/wordpress\/wp-json\/wp\/v2\/categories?post=200"},{"taxonomy":"post_tag","embeddable":true,"href":"https:\/\/www.laurensoff.com\/wordpress\/wp-json\/wp\/v2\/tags?post=200"}],"curies":[{"name":"wp","href":"https:\/\/api.w.org\/{rel}","templated":true}]}}