{"id":1999,"date":"2026-07-10T13:09:46","date_gmt":"2026-07-10T12:09:46","guid":{"rendered":"https:\/\/www.laurensoff.com\/wordpress\/?p=1999"},"modified":"2026-07-10T13:11:06","modified_gmt":"2026-07-10T12:11:06","slug":"complot-la-realite-historique-vs-le-fantasme-et-une-inversion-de-la-logique-avec-le-complotisme","status":"publish","type":"post","link":"https:\/\/www.laurensoff.com\/wordpress\/complot-la-realite-historique-vs-le-fantasme-et-une-inversion-de-la-logique-avec-le-complotisme\/","title":{"rendered":"Complot La r\u00e9alit\u00e9 historique vs le fantasme et Une inversion de la logique avec le complotisme"},"content":{"rendered":"<div class=\"container\">\n<div id=\"model-response-message-contentr_36e6dac6a32f9542\" class=\"markdown markdown-main-panel enable-luminous-fast-follows enable-updated-hr-color stronger\" dir=\"ltr\" aria-busy=\"false\" aria-live=\"polite\">\n<p data-path-to-node=\"0\">La diff\u00e9rence entre un comploteur r\u00e9sistant et un complotiste \/ C&rsquo;est une excellente question qui permet de faire une distinction fondamentale entre deux concepts qui utilisent le m\u00eame mot racine (\u00ab\u00a0complot\u00a0\u00bb), mais qui n&rsquo;ont strictement rien \u00e0 voir dans les faits.<\/p>\n<p data-path-to-node=\"1\">Voici pourquoi on ne peut pas qualifier les r\u00e9sistants ou les saboteurs de \u00ab\u00a0complotistes\u00a0\u00bb :<\/p>\n<h3 data-path-to-node=\"2\">1. La r\u00e9alit\u00e9 historique vs le fantasme<\/h3>\n<ul data-path-to-node=\"3\">\n<li>\n<p data-path-to-node=\"3,0,0\"><b data-path-to-node=\"3,0,0\" data-index-in-node=\"0\">Les r\u00e9sistants (Seconde Guerre mondiale) \/ Les r\u00e9seaux souterrains (Premi\u00e8re Guerre mondiale) :<\/b> Ils participaient \u00e0 de <i data-path-to-node=\"3,0,0\" data-index-in-node=\"119\">vraies<\/i> conspirations. Ils se r\u00e9unissaient en secret, utilisaient des codes et pr\u00e9paraient des actions clandestines (sabotages, faux papiers, r\u00e9seaux d&rsquo;\u00e9vasion) contre un <b data-path-to-node=\"3,0,0\" data-index-in-node=\"289\">envahisseur bien r\u00e9el, visible et arm\u00e9<\/b>. C&rsquo;est ce qu&rsquo;on appelle une action clandestine ou de la r\u00e9sistance \u00e9conomique, militaire et politique.<\/p>\n<\/li>\n<li>\n<p data-path-to-node=\"3,1,0\"><b data-path-to-node=\"3,1,0\" data-index-in-node=\"0\">Les complotistes (ou partisans de la th\u00e9orie du complot) :<\/b> Ils imaginent des machinations secr\u00e8tes orchestr\u00e9es par des forces invisibles, omnipotentes et souvent farfelues (des \u00e9lites mondiales cach\u00e9es, des soci\u00e9t\u00e9s secr\u00e8tes mystiques, etc.) pour expliquer la marche du monde. Le complotiste attribue une intention malveillante cach\u00e9e \u00e0 des \u00e9v\u00e9nements qui rel\u00e8vent souvent du hasard, de la politique publique ou de crises sanitaires\/\u00e9conomiques.<\/p>\n<\/li>\n<\/ul>\n<h3 data-path-to-node=\"4\">2. Une inversion de la logique<\/h3>\n<ul data-path-to-node=\"5\">\n<li>\n<p data-path-to-node=\"5,0,0\"><b data-path-to-node=\"5,0,0\" data-index-in-node=\"0\">Le r\u00e9sistant fait le secret pour agir :<\/b> Il se cache des autorit\u00e9s d&rsquo;occupation pour lib\u00e9rer son pays. Son but est une action concr\u00e8te face \u00e0 un danger av\u00e9r\u00e9.<\/p>\n<\/li>\n<li>\n<p data-path-to-node=\"5,1,0\"><b data-path-to-node=\"5,1,0\" data-index-in-node=\"0\">Le complotiste croit que le secret l&rsquo;entoure :<\/b> Il est persuad\u00e9 de d\u00e9tenir une v\u00e9rit\u00e9 cach\u00e9e que le reste de la population ignore. Il ne lutte pas contre un envahisseur qui a install\u00e9 ses chars dans la rue, il combat une \u00ab\u00a0illusion\u00a0\u00bb ou un plan secret dont il pense avoir devin\u00e9 les contours.<\/p>\n<\/li>\n<\/ul>\n<blockquote data-path-to-node=\"7\"><p>En r\u00e9sum\u00e9 :<\/p>\n<h6 data-path-to-node=\"7,1,0,0\">Faire un complot contre un envahisseur r\u00e9el = De la r\u00e9sistance.<\/h6>\n<h6 style=\"text-align: left;\" data-path-to-node=\"7,1,1,0\">Croire qu&rsquo;un complot mondial r\u00e9git secr\u00e8tement chaque d\u00e9tail de notre vie = Du complotisme.<\/h6>\n<\/blockquote>\n<p data-path-to-node=\"8\">Les r\u00e9sistants de 14-18 ou de 39-45 \u00e9taient des acteurs de l&rsquo;Histoire qui luttaient courageusement, au p\u00e9ril de leur vie, contre une oppression concr\u00e8te. Les qualifier de \u00ab\u00a0complotistes\u00a0\u00bb serait un contre-sens historique majeur.<\/p>\n<p><b>TV SUD<\/b>\u00a0est votre m\u00e9dia local et culturel, qui met en lumi\u00e8re les talents, les \u00e9v\u00e9nements et le patrimoine de notre r\u00e9gion.<\/p>\n<p><a href=\"https:\/\/www.laurensoff.com\/wordpress\/boutique\/\">https:\/\/www.laurensoff.com\/wordpress\/boutique\/<\/a><\/p>\n<p>Chaque reportage, chaque interview, est r\u00e9alis\u00e9 avec passion pour vous offrir un regard unique sur ce qui nous entoure.<\/p>\n<p>Pour continuer \u00e0 vous proposer des contenus de qualit\u00e9 et \u00e0 faire vivre ce projet, nous avons besoin de votre soutien.<\/p>\n<p>En soutenant TV SUD\u00a0vous nous aidez \u00e0 :<\/p>\n<ul>\n<li>Financer la production de nouvelles \u00e9missions.<\/li>\n<li>Acqu\u00e9rir du mat\u00e9riel de tournage pour am\u00e9liorer la qualit\u00e9 de nos vid\u00e9os.<\/li>\n<li>Couvrir plus d\u2019\u00e9v\u00e9nements et d\u2019initiatives locales.<\/li>\n<li><a href=\"https:\/\/www.laurensoff.com\/wordpress\/boutique\/\">https:\/\/www.laurensoff.com\/wordpress\/boutique\/<\/a><\/li>\n<\/ul>\n<p>Votre contribution, m\u00eame modeste, est essentielle. Elle nous permet de rester ind\u00e9pendants et de continuer \u00e0 promouvoir la richesse culturelle de notre territoire.<\/p>\n<p><a href=\"https:\/\/www.laurensoff.com\/wordpress\/boutique\/\">https:\/\/www.laurensoff.com\/wordpress\/boutique\/<\/a><\/p>\n<\/div>\n<\/div>\n","protected":false},"excerpt":{"rendered":"<p>La diff\u00e9rence entre un comploteur r\u00e9sistant et un complotiste \/ C&rsquo;est une excellente question qui&#8230;<\/p>\n","protected":false},"author":1,"featured_media":2000,"comment_status":"open","ping_status":"closed","sticky":false,"template":"","format":"standard","meta":{"_jetpack_newsletter_access":"","_jetpack_dont_email_post_to_subs":false,"_jetpack_newsletter_tier_id":0,"_jetpack_memberships_contains_paywalled_content":false,"_jetpack_feature_clip_id":0,"_jetpack_memberships_contains_paid_content":false,"footnotes":"","jetpack_publicize_message":"","jetpack_publicize_feature_enabled":true,"jetpack_social_post_already_shared":true,"jetpack_social_options":{"image_generator_settings":{"template":"highway","default_image_id":0,"font":"","enabled":false},"version":2},"jetpack_post_was_ever_published":false},"categories":[741,988,483,200,890,894],"tags":[],"class_list":["post-1999","post","type-post","status-publish","format-standard","has-post-thumbnail","hentry","category-741","category-complots","category-documentaire","category-grokipedia","category-ideologie","category-wokisme"],"jetpack_publicize_connections":[],"jetpack_sharing_enabled":true,"jetpack_featured_media_url":"https:\/\/www.laurensoff.com\/wordpress\/wp-content\/uploads\/2026\/07\/etude-commandee-Milan-Presse-decrypte-raisons-linteret-adosles-enfants-adoscertaines-theories-complot_0.webp","_links":{"self":[{"href":"https:\/\/www.laurensoff.com\/wordpress\/wp-json\/wp\/v2\/posts\/1999","targetHints":{"allow":["GET"]}}],"collection":[{"href":"https:\/\/www.laurensoff.com\/wordpress\/wp-json\/wp\/v2\/posts"}],"about":[{"href":"https:\/\/www.laurensoff.com\/wordpress\/wp-json\/wp\/v2\/types\/post"}],"author":[{"embeddable":true,"href":"https:\/\/www.laurensoff.com\/wordpress\/wp-json\/wp\/v2\/users\/1"}],"replies":[{"embeddable":true,"href":"https:\/\/www.laurensoff.com\/wordpress\/wp-json\/wp\/v2\/comments?post=1999"}],"version-history":[{"count":2,"href":"https:\/\/www.laurensoff.com\/wordpress\/wp-json\/wp\/v2\/posts\/1999\/revisions"}],"predecessor-version":[{"id":2002,"href":"https:\/\/www.laurensoff.com\/wordpress\/wp-json\/wp\/v2\/posts\/1999\/revisions\/2002"}],"wp:featuredmedia":[{"embeddable":true,"href":"https:\/\/www.laurensoff.com\/wordpress\/wp-json\/wp\/v2\/media\/2000"}],"wp:attachment":[{"href":"https:\/\/www.laurensoff.com\/wordpress\/wp-json\/wp\/v2\/media?parent=1999"}],"wp:term":[{"taxonomy":"category","embeddable":true,"href":"https:\/\/www.laurensoff.com\/wordpress\/wp-json\/wp\/v2\/categories?post=1999"},{"taxonomy":"post_tag","embeddable":true,"href":"https:\/\/www.laurensoff.com\/wordpress\/wp-json\/wp\/v2\/tags?post=1999"}],"curies":[{"name":"wp","href":"https:\/\/api.w.org\/{rel}","templated":true}]}}