{"id":1990,"date":"2026-07-07T11:21:26","date_gmt":"2026-07-07T10:21:26","guid":{"rendered":"https:\/\/www.laurensoff.com\/wordpress\/?p=1990"},"modified":"2026-07-07T11:22:47","modified_gmt":"2026-07-07T10:22:47","slug":"comment-une-seule-erreur-a-cause-la-perte-de-pastis-berger-a-marseille","status":"publish","type":"post","link":"https:\/\/www.laurensoff.com\/wordpress\/comment-une-seule-erreur-a-cause-la-perte-de-pastis-berger-a-marseille\/","title":{"rendered":"Comment une seule erreur a caus\u00e9 la perte de Pastis Berger de Marseille"},"content":{"rendered":"<p><strong><span class=\"ytAttributedStringHost ytAttributedStringWhiteSpacePreWrap\" dir=\"auto\" role=\"text\"><span class=\"ytAttributedStringLinkInheritColor\" dir=\"auto\">Histoire du Pastis de Marseille<\/span><\/span><\/strong><\/p>\n<p><span class=\"ytAttributedStringHost ytAttributedStringWhiteSpacePreWrap\" dir=\"auto\" role=\"text\"><span class=\"ytAttributedStringLinkInheritColor\" dir=\"auto\">Au c\u0153ur de Marseille, sous le soleil br\u00fblant du Sud, il existait un empire de l&rsquo;anis si puissant, si profond\u00e9ment ancr\u00e9 dans la vie quotidienne des Fran\u00e7ais, qu&rsquo;il semblait aussi \u00e9ternel que les caf\u00e9s qui le servaient.<\/span><\/span><\/p>\n<p><span class=\"ytAttributedStringHost ytAttributedStringWhiteSpacePreWrap\" dir=\"auto\" role=\"text\"><span class=\"ytAttributedStringLinkInheritColor\" dir=\"auto\">Les c\u00e9l\u00e8bres carafes jaunes du Berger 45 tr\u00f4naient sur absolument chaque table en terrasse du pays, du petit bar de village jusqu&rsquo;aux brasseries bond\u00e9es des grandes villes. La marque parrainait le Tour de France, habillait les comptoirs, et incarnait avec une fiert\u00e9 solaire tout ce que repr\u00e9sentait la classe ouvri\u00e8re du Midi.<\/span><\/span><\/p>\n<p><span class=\"ytAttributedStringHost ytAttributedStringWhiteSpacePreWrap\" dir=\"auto\" role=\"text\"><span class=\"ytAttributedStringLinkInheritColor\" dir=\"auto\">\u00c0 son apog\u00e9e, Pastis Berger n&rsquo;\u00e9tait pas simplement un concurrent de Ricard \u2014 c&rsquo;\u00e9tait son \u00e9gal, son rival le plus redoutable, et pour beaucoup, la boisson m\u00eame de la France populaire. Mais derri\u00e8re la fa\u00e7ade ensoleill\u00e9e se cachait une erreur strat\u00e9gique fatale, lente et silencieuse, qui allait tout d\u00e9vorer.<\/span><\/span><\/p>\n<p><img loading=\"lazy\" decoding=\"async\" class=\"alignnone wp-image-1992\" src=\"https:\/\/www.laurensoff.com\/wordpress\/wp-content\/uploads\/2026\/07\/chateau-berger-villa-castellamar.jpg\" alt=\"\" width=\"430\" height=\"242\" srcset=\"https:\/\/www.laurensoff.com\/wordpress\/wp-content\/uploads\/2026\/07\/chateau-berger-villa-castellamar.jpg 800w, https:\/\/www.laurensoff.com\/wordpress\/wp-content\/uploads\/2026\/07\/chateau-berger-villa-castellamar-300x169.jpg 300w, https:\/\/www.laurensoff.com\/wordpress\/wp-content\/uploads\/2026\/07\/chateau-berger-villa-castellamar-768x432.jpg 768w, https:\/\/www.laurensoff.com\/wordpress\/wp-content\/uploads\/2026\/07\/chateau-berger-villa-castellamar-600x338.jpg 600w\" sizes=\"auto, (max-width: 430px) 100vw, 430px\" \/><\/p>\n<p><span class=\"ytAttributedStringHost ytAttributedStringWhiteSpacePreWrap\" dir=\"auto\" role=\"text\"><span class=\"ytAttributedStringLinkInheritColor\" dir=\"auto\">Pendant que Paul Ricard construisait m\u00e9thodiquement son propre r\u00e9seau de distribution, \u00e9crasant bar apr\u00e8s bar avec une modernit\u00e9 impitoyable, la famille Berger s&rsquo;enlisait dans les querelles internes et s&rsquo;en remettait avec arrogance \u00e0 des distributeurs tiers qu&rsquo;elle ne contr\u00f4lait pas. Ricard monopolisait les \u00e9tablissements, les caves, les habitudes \u2014 et Berger saignait, trimestre apr\u00e8s trimestre, sans jamais comprendre que la guerre se gagnait non pas dans les distilleries, mais dans les camions de livraison et les contrats sign\u00e9s \u00e0 l&rsquo;arri\u00e8re des caf\u00e9s. Ce qui restait de l&#8217;empire fut finalement absorb\u00e9 par le groupe Marie Brizard, les usines historiques de Marseille et de Lieusaint brutalement ferm\u00e9es, et le nom l\u00e9gendaire r\u00e9duit \u00e0 une vulgaire marque de bas de rayon que personne ne r\u00e9clame vraiment. C&rsquo;est l&rsquo;histoire de comment une grande fiert\u00e9 industrielle fran\u00e7aise s&rsquo;est transform\u00e9e en fant\u00f4me de supermarch\u00e9 \u2014 et ce que cette chute vertigineuse r\u00e9v\u00e8le sur le prix de l&rsquo;arrogance familiale face \u00e0 la guerre commerciale moderne.<\/span><\/span><\/p>\n<p><strong>Source<\/strong> <a href=\"https:\/\/www.youtube.com\/@EmpireIndustriel\">https:\/\/www.youtube.com\/@EmpireIndustriel<\/a><\/p>\n<p><iframe loading=\"lazy\" title=\"Comment une seule erreur a caus\u00e9 la perte de Pastis Berger\" src=\"https:\/\/www.youtube.com\/embed\/uFBn2ufRcDg\" width=\"480\" height=\"240\" frameborder=\"0\" allowfullscreen=\"allowfullscreen\"><span style=\"display: inline-block; width: 0px; overflow: hidden; line-height: 0;\" data-mce-type=\"bookmark\" class=\"mce_SELRES_start\">\ufeff<\/span><\/iframe><\/p>\n","protected":false},"excerpt":{"rendered":"<p>Histoire du Pastis de Marseille Au c\u0153ur de Marseille, sous le soleil br\u00fblant du Sud,&#8230;<\/p>\n","protected":false},"author":1,"featured_media":1991,"comment_status":"open","ping_status":"closed","sticky":false,"template":"","format":"standard","meta":{"_jetpack_newsletter_access":"","_jetpack_dont_email_post_to_subs":false,"_jetpack_newsletter_tier_id":0,"_jetpack_memberships_contains_paywalled_content":false,"_jetpack_feature_clip_id":0,"_jetpack_memberships_contains_paid_content":false,"footnotes":"","jetpack_publicize_message":"","jetpack_publicize_feature_enabled":true,"jetpack_social_post_already_shared":true,"jetpack_social_options":{"image_generator_settings":{"template":"highway","default_image_id":0,"font":"","enabled":false},"version":2},"jetpack_post_was_ever_published":false},"categories":[852,83,42,981],"tags":[983,984,986,34,982,985,987,753],"class_list":["post-1990","post","type-post","status-publish","format-standard","has-post-thumbnail","hentry","category-70s","category-histoire","category-marseille","category-pastis","tag-berger","tag-histoire","tag-jaune","tag-marseille","tag-pastis","tag-pichet","tag-publicite","tag-suisse"],"jetpack_publicize_connections":[],"jetpack_sharing_enabled":true,"jetpack_featured_media_url":"https:\/\/www.laurensoff.com\/wordpress\/wp-content\/uploads\/2026\/07\/Photoroom_20260204_165420-min-e1783419144643.jpeg","_links":{"self":[{"href":"https:\/\/www.laurensoff.com\/wordpress\/wp-json\/wp\/v2\/posts\/1990","targetHints":{"allow":["GET"]}}],"collection":[{"href":"https:\/\/www.laurensoff.com\/wordpress\/wp-json\/wp\/v2\/posts"}],"about":[{"href":"https:\/\/www.laurensoff.com\/wordpress\/wp-json\/wp\/v2\/types\/post"}],"author":[{"embeddable":true,"href":"https:\/\/www.laurensoff.com\/wordpress\/wp-json\/wp\/v2\/users\/1"}],"replies":[{"embeddable":true,"href":"https:\/\/www.laurensoff.com\/wordpress\/wp-json\/wp\/v2\/comments?post=1990"}],"version-history":[{"count":2,"href":"https:\/\/www.laurensoff.com\/wordpress\/wp-json\/wp\/v2\/posts\/1990\/revisions"}],"predecessor-version":[{"id":1994,"href":"https:\/\/www.laurensoff.com\/wordpress\/wp-json\/wp\/v2\/posts\/1990\/revisions\/1994"}],"wp:featuredmedia":[{"embeddable":true,"href":"https:\/\/www.laurensoff.com\/wordpress\/wp-json\/wp\/v2\/media\/1991"}],"wp:attachment":[{"href":"https:\/\/www.laurensoff.com\/wordpress\/wp-json\/wp\/v2\/media?parent=1990"}],"wp:term":[{"taxonomy":"category","embeddable":true,"href":"https:\/\/www.laurensoff.com\/wordpress\/wp-json\/wp\/v2\/categories?post=1990"},{"taxonomy":"post_tag","embeddable":true,"href":"https:\/\/www.laurensoff.com\/wordpress\/wp-json\/wp\/v2\/tags?post=1990"}],"curies":[{"name":"wp","href":"https:\/\/api.w.org\/{rel}","templated":true}]}}