{"id":1968,"date":"2026-06-28T12:29:23","date_gmt":"2026-06-28T11:29:23","guid":{"rendered":"https:\/\/www.laurensoff.com\/wordpress\/?p=1968"},"modified":"2026-06-28T12:35:45","modified_gmt":"2026-06-28T11:35:45","slug":"des-1967-la-ville-de-marseille-engage-des-etudes-importantes-pour-doter-sa-ville-de-plages-et-de-loisirs-balneaires","status":"publish","type":"post","link":"https:\/\/www.laurensoff.com\/wordpress\/des-1967-la-ville-de-marseille-engage-des-etudes-importantes-pour-doter-sa-ville-de-plages-et-de-loisirs-balneaires\/","title":{"rendered":"D\u00e8s 1967, la ville de Marseille engage des \u00e9tudes importantes pour doter sa ville de plages et de loisirs baln\u00e9aires"},"content":{"rendered":"<p><span class=\"ytAttributedStringHost ytAttributedStringWhiteSpacePreWrap\" dir=\"auto\" role=\"text\"><span class=\"ytAttributedStringLinkInheritColor\" dir=\"auto\">D\u00e8s 1967, la ville de Marseille engage des \u00e9tudes importantes pour doter sa ville de plages et de loisirs baln\u00e9aires. Une enqu\u00eate aupr\u00e8s de la population, r\u00e9alis\u00e9e en 1972, confirme que celle-ci ressent vivement l&rsquo;absence de lieux de baignade et de d\u00e9tente li\u00e9s \u00e0 la plage. Ce film retrace la gen\u00e8se de ce grand \u00e9quipement, \u00e9voque le d\u00e9but des travaux en 1974, jusqu&rsquo;\u00e0 la mise en activit\u00e9 de la premi\u00e8re tranche des r\u00e9alisations en 1977. Production : VILLE DE MARSEILLE, AREC, ATELIER 9, SOGREAH Date de production : 1977 Fonds documentaire : AGAM Dur\u00e9e : 25 minutes<\/span><\/span><iframe loading=\"lazy\" title=\"La plage du Prado - film de 1977\" src=\"https:\/\/www.youtube.com\/embed\/h31GSuYIrOM\" width=\"978\" height=\"544\" frameborder=\"0\" allowfullscreen=\"allowfullscreen\"><\/iframe><\/p>\n","protected":false},"excerpt":{"rendered":"<p>D\u00e8s 1967, la ville de Marseille engage des \u00e9tudes importantes pour doter sa ville de&#8230;<\/p>\n","protected":false},"author":1,"featured_media":1969,"comment_status":"open","ping_status":"closed","sticky":false,"template":"","format":"standard","meta":{"_jetpack_newsletter_access":"","_jetpack_dont_email_post_to_subs":false,"_jetpack_newsletter_tier_id":0,"_jetpack_memberships_contains_paywalled_content":false,"_jetpack_feature_clip_id":0,"_jetpack_memberships_contains_paid_content":false,"footnotes":"","jetpack_publicize_message":"","jetpack_publicize_feature_enabled":true,"jetpack_social_post_already_shared":true,"jetpack_social_options":{"image_generator_settings":{"template":"highway","default_image_id":0,"font":"","enabled":false},"version":2},"jetpack_post_was_ever_published":false},"categories":[852,483,3,42],"tags":[],"class_list":["post-1968","post","type-post","status-publish","format-standard","has-post-thumbnail","hentry","category-70s","category-documentaire","category-film","category-marseille"],"jetpack_publicize_connections":[],"jetpack_sharing_enabled":true,"jetpack_featured_media_url":"https:\/\/www.laurensoff.com\/wordpress\/wp-content\/uploads\/2026\/06\/Capture-decran-2026-06-28-132629.png","_links":{"self":[{"href":"https:\/\/www.laurensoff.com\/wordpress\/wp-json\/wp\/v2\/posts\/1968","targetHints":{"allow":["GET"]}}],"collection":[{"href":"https:\/\/www.laurensoff.com\/wordpress\/wp-json\/wp\/v2\/posts"}],"about":[{"href":"https:\/\/www.laurensoff.com\/wordpress\/wp-json\/wp\/v2\/types\/post"}],"author":[{"embeddable":true,"href":"https:\/\/www.laurensoff.com\/wordpress\/wp-json\/wp\/v2\/users\/1"}],"replies":[{"embeddable":true,"href":"https:\/\/www.laurensoff.com\/wordpress\/wp-json\/wp\/v2\/comments?post=1968"}],"version-history":[{"count":1,"href":"https:\/\/www.laurensoff.com\/wordpress\/wp-json\/wp\/v2\/posts\/1968\/revisions"}],"predecessor-version":[{"id":1970,"href":"https:\/\/www.laurensoff.com\/wordpress\/wp-json\/wp\/v2\/posts\/1968\/revisions\/1970"}],"wp:featuredmedia":[{"embeddable":true,"href":"https:\/\/www.laurensoff.com\/wordpress\/wp-json\/wp\/v2\/media\/1969"}],"wp:attachment":[{"href":"https:\/\/www.laurensoff.com\/wordpress\/wp-json\/wp\/v2\/media?parent=1968"}],"wp:term":[{"taxonomy":"category","embeddable":true,"href":"https:\/\/www.laurensoff.com\/wordpress\/wp-json\/wp\/v2\/categories?post=1968"},{"taxonomy":"post_tag","embeddable":true,"href":"https:\/\/www.laurensoff.com\/wordpress\/wp-json\/wp\/v2\/tags?post=1968"}],"curies":[{"name":"wp","href":"https:\/\/api.w.org\/{rel}","templated":true}]}}