{"id":196,"date":"2025-08-17T11:11:49","date_gmt":"2025-08-17T11:11:49","guid":{"rendered":"https:\/\/www.laurensoff.com\/wordpress\/?p=196"},"modified":"2025-08-17T11:11:49","modified_gmt":"2025-08-17T11:11:49","slug":"je-suis-laurens-realisateur-videaste-professionnel-chez-tv-sud","status":"publish","type":"post","link":"https:\/\/www.laurensoff.com\/wordpress\/je-suis-laurens-realisateur-videaste-professionnel-chez-tv-sud\/","title":{"rendered":"Je suis Laurens R\u00e9alisateur vid\u00e9aste professionnel CHEZ TV SUD"},"content":{"rendered":"<p dir=\"ltr\">Je suis Laurens R\u00e9alisateur vid\u00e9aste professionnel CHEZ TV SUD et je vous propose des reportages de qualit\u00e9, des rushes vid\u00e9o bruts et des captations soign\u00e9es pour un prix attractif. Mes tarifs varient en fonction de la dur\u00e9e et de la complexit\u00e9 du projet, mais je suis s\u00fbre qu&rsquo;on peut trouver un arrangement qui convient \u00e0 votre budget. Contactez-moi pour discuter de vos besoins !\u00a0\u00bb<\/p>\n<p dir=\"ltr\"><img loading=\"lazy\" decoding=\"async\" class=\"alignnone size-medium wp-image-197\" src=\"https:\/\/www.laurensoff.com\/wordpress\/wp-content\/uploads\/2025\/08\/IMG-20250723-WA0004-227x300.jpg\" alt=\"\" width=\"227\" height=\"300\" srcset=\"https:\/\/www.laurensoff.com\/wordpress\/wp-content\/uploads\/2025\/08\/IMG-20250723-WA0004-227x300.jpg 227w, https:\/\/www.laurensoff.com\/wordpress\/wp-content\/uploads\/2025\/08\/IMG-20250723-WA0004-775x1024.jpg 775w, https:\/\/www.laurensoff.com\/wordpress\/wp-content\/uploads\/2025\/08\/IMG-20250723-WA0004-768x1015.jpg 768w, https:\/\/www.laurensoff.com\/wordpress\/wp-content\/uploads\/2025\/08\/IMG-20250723-WA0004-1162x1536.jpg 1162w, https:\/\/www.laurensoff.com\/wordpress\/wp-content\/uploads\/2025\/08\/IMG-20250723-WA0004-600x793.jpg 600w, https:\/\/www.laurensoff.com\/wordpress\/wp-content\/uploads\/2025\/08\/IMG-20250723-WA0004.jpg 1549w\" sizes=\"auto, (max-width: 227px) 100vw, 227px\" \/><\/p>\n<p dir=\"ltr\">M&rsquo;envoyer un mail <a href=\"mailto:tvfsud@gmail.com\">tvfsud@gmail.com<\/a><\/p>\n","protected":false},"excerpt":{"rendered":"<p>Je suis Laurens R\u00e9alisateur vid\u00e9aste professionnel CHEZ TV SUD et je vous propose des reportages&#8230;<\/p>\n","protected":false},"author":1,"featured_media":198,"comment_status":"open","ping_status":"closed","sticky":false,"template":"","format":"standard","meta":{"_bbp_topic_count":0,"_bbp_reply_count":0,"_bbp_total_topic_count":0,"_bbp_total_reply_count":0,"_bbp_voice_count":0,"_bbp_anonymous_reply_count":0,"_bbp_topic_count_hidden":0,"_bbp_reply_count_hidden":0,"_bbp_forum_subforum_count":0,"_crdt_document":"","_jetpack_memberships_contains_paid_content":false,"footnotes":"","jetpack_publicize_message":"","jetpack_publicize_feature_enabled":true,"jetpack_social_post_already_shared":false,"jetpack_social_options":{"image_generator_settings":{"template":"highway","default_image_id":0,"font":"","enabled":false},"version":2}},"categories":[3,23,7],"tags":[],"class_list":["post-196","post","type-post","status-publish","format-standard","has-post-thumbnail","hentry","category-film","category-presse","category-television"],"jetpack_publicize_connections":[],"jetpack_featured_media_url":"https:\/\/www.laurensoff.com\/wordpress\/wp-content\/uploads\/2025\/08\/IMG-20250723-WA0002.jpg","jetpack_sharing_enabled":true,"_links":{"self":[{"href":"https:\/\/www.laurensoff.com\/wordpress\/wp-json\/wp\/v2\/posts\/196","targetHints":{"allow":["GET"]}}],"collection":[{"href":"https:\/\/www.laurensoff.com\/wordpress\/wp-json\/wp\/v2\/posts"}],"about":[{"href":"https:\/\/www.laurensoff.com\/wordpress\/wp-json\/wp\/v2\/types\/post"}],"author":[{"embeddable":true,"href":"https:\/\/www.laurensoff.com\/wordpress\/wp-json\/wp\/v2\/users\/1"}],"replies":[{"embeddable":true,"href":"https:\/\/www.laurensoff.com\/wordpress\/wp-json\/wp\/v2\/comments?post=196"}],"version-history":[{"count":1,"href":"https:\/\/www.laurensoff.com\/wordpress\/wp-json\/wp\/v2\/posts\/196\/revisions"}],"predecessor-version":[{"id":199,"href":"https:\/\/www.laurensoff.com\/wordpress\/wp-json\/wp\/v2\/posts\/196\/revisions\/199"}],"wp:featuredmedia":[{"embeddable":true,"href":"https:\/\/www.laurensoff.com\/wordpress\/wp-json\/wp\/v2\/media\/198"}],"wp:attachment":[{"href":"https:\/\/www.laurensoff.com\/wordpress\/wp-json\/wp\/v2\/media?parent=196"}],"wp:term":[{"taxonomy":"category","embeddable":true,"href":"https:\/\/www.laurensoff.com\/wordpress\/wp-json\/wp\/v2\/categories?post=196"},{"taxonomy":"post_tag","embeddable":true,"href":"https:\/\/www.laurensoff.com\/wordpress\/wp-json\/wp\/v2\/tags?post=196"}],"curies":[{"name":"wp","href":"https:\/\/api.w.org\/{rel}","templated":true}]}}