{"id":1949,"date":"2026-06-26T14:01:10","date_gmt":"2026-06-26T13:01:10","guid":{"rendered":"https:\/\/www.laurensoff.com\/wordpress\/?p=1949"},"modified":"2026-06-26T14:01:10","modified_gmt":"2026-06-26T13:01:10","slug":"marseille-construction-du-tunnel-sous-le-vieux-port","status":"publish","type":"post","link":"https:\/\/www.laurensoff.com\/wordpress\/marseille-construction-du-tunnel-sous-le-vieux-port\/","title":{"rendered":"Marseille &#8211; Construction du Tunnel sous le Vieux Port"},"content":{"rendered":"<p><span class=\"ytAttributedStringHost ytAttributedStringWhiteSpacePreWrap\" dir=\"auto\"><span class=\"ytAttributedStringLinkInheritColor\" dir=\"auto\">Dans les ann\u00e9es 1960, Marseille conna\u00eet d\u00e9j\u00e0 d&rsquo;interminables embouteillages. La municipalit\u00e9 de Gaston Deferre imagine alors la construction d\u2019un tunnel sous le vieux port pour d\u00e9sengorger la circulation. Les travaux d\u00e9butent en 1964 et le tunnel est ouvert \u00e0 la circulation fin 1967. Le toit du tunnel se situe \u00e0 7 m\u00e8tres sous la surface de la mer pour ne pas g\u00eaner la circulation maritime. Films 8 mm \u00ab\u00a0amateur\u00a0\u00bb en couleurs, num\u00e9ris\u00e9s et restaur\u00e9s, appartenant \u00e0 la famille Creisson.<\/span><\/span><iframe loading=\"lazy\" width=\"826\" height=\"464\" src=\"https:\/\/www.youtube.com\/embed\/j-hJvXujtz4\" title=\"Marseille  - Construction du Tunnel sous le Vieux Port\" frameborder=\"0\" allow=\"accelerometer; autoplay; clipboard-write; encrypted-media; gyroscope; picture-in-picture; web-share\" referrerpolicy=\"strict-origin-when-cross-origin\" allowfullscreen><\/iframe><\/p>\n","protected":false},"excerpt":{"rendered":"<p>Dans les ann\u00e9es 1960, Marseille conna\u00eet d\u00e9j\u00e0 d&rsquo;interminables embouteillages. La municipalit\u00e9 de Gaston Deferre imagine&#8230;<\/p>\n","protected":false},"author":1,"featured_media":1950,"comment_status":"open","ping_status":"closed","sticky":false,"template":"","format":"standard","meta":{"_jetpack_newsletter_access":"","_jetpack_dont_email_post_to_subs":false,"_jetpack_newsletter_tier_id":0,"_jetpack_memberships_contains_paywalled_content":false,"_jetpack_feature_clip_id":0,"_jetpack_memberships_contains_paid_content":false,"footnotes":"","jetpack_publicize_message":"","jetpack_publicize_feature_enabled":true,"jetpack_social_post_already_shared":true,"jetpack_social_options":{"image_generator_settings":{"template":"highway","default_image_id":0,"font":"","enabled":false},"version":2},"jetpack_post_was_ever_published":false},"categories":[45],"tags":[963],"class_list":["post-1949","post","type-post","status-publish","format-standard","has-post-thumbnail","hentry","category-evenements","tag-marseille-construction-du-tunnel-sous-le-vieux-port"],"jetpack_publicize_connections":[],"jetpack_sharing_enabled":true,"jetpack_featured_media_url":"https:\/\/www.laurensoff.com\/wordpress\/wp-content\/uploads\/2026\/06\/Capture-decran-2026-06-26-145952.png","_links":{"self":[{"href":"https:\/\/www.laurensoff.com\/wordpress\/wp-json\/wp\/v2\/posts\/1949","targetHints":{"allow":["GET"]}}],"collection":[{"href":"https:\/\/www.laurensoff.com\/wordpress\/wp-json\/wp\/v2\/posts"}],"about":[{"href":"https:\/\/www.laurensoff.com\/wordpress\/wp-json\/wp\/v2\/types\/post"}],"author":[{"embeddable":true,"href":"https:\/\/www.laurensoff.com\/wordpress\/wp-json\/wp\/v2\/users\/1"}],"replies":[{"embeddable":true,"href":"https:\/\/www.laurensoff.com\/wordpress\/wp-json\/wp\/v2\/comments?post=1949"}],"version-history":[{"count":1,"href":"https:\/\/www.laurensoff.com\/wordpress\/wp-json\/wp\/v2\/posts\/1949\/revisions"}],"predecessor-version":[{"id":1951,"href":"https:\/\/www.laurensoff.com\/wordpress\/wp-json\/wp\/v2\/posts\/1949\/revisions\/1951"}],"wp:featuredmedia":[{"embeddable":true,"href":"https:\/\/www.laurensoff.com\/wordpress\/wp-json\/wp\/v2\/media\/1950"}],"wp:attachment":[{"href":"https:\/\/www.laurensoff.com\/wordpress\/wp-json\/wp\/v2\/media?parent=1949"}],"wp:term":[{"taxonomy":"category","embeddable":true,"href":"https:\/\/www.laurensoff.com\/wordpress\/wp-json\/wp\/v2\/categories?post=1949"},{"taxonomy":"post_tag","embeddable":true,"href":"https:\/\/www.laurensoff.com\/wordpress\/wp-json\/wp\/v2\/tags?post=1949"}],"curies":[{"name":"wp","href":"https:\/\/api.w.org\/{rel}","templated":true}]}}