{"id":1922,"date":"2026-06-22T17:39:00","date_gmt":"2026-06-22T16:39:00","guid":{"rendered":"https:\/\/www.laurensoff.com\/wordpress\/?p=1922"},"modified":"2026-06-22T17:39:00","modified_gmt":"2026-06-22T16:39:00","slug":"la-chanteuse-guesch-patti-est-decedee-a-lage-de-80-ans","status":"publish","type":"post","link":"https:\/\/www.laurensoff.com\/wordpress\/la-chanteuse-guesch-patti-est-decedee-a-lage-de-80-ans\/","title":{"rendered":"La chanteuse Guesch Patti est d\u00e9c\u00e9d\u00e9e \u00e0 l&rsquo;\u00e2ge de 80 ans."},"content":{"rendered":"<p><span class=\"x193iq5w xeuugli x13faqbe x1vvkbs x1xmvt09 x1lliihq x1s928wv xhkezso x1gmr53x x1cpjm7i x1fgarty x1943h6x xudqn12 x3x7a5m x6prxxf xvq8zen xo1l8bm xzsf02u x1yc453h\" dir=\"auto\">RIP \/ <span class=\"html-span xexx8yu xyri2b x18d9i69 x1c1uobl x1hl2dhg x16tdsg8 x1vvkbs x3nfvp2 x1j61x8r x1fcty0u xdj266r xat24cr xm2jcoa x1mpyi22 xxymvpz xlup9mm x1kky2od\"><img loading=\"lazy\" decoding=\"async\" class=\"xz74otr x15mokao x1ga7v0g x16uus16 xbiv7yw\" src=\"https:\/\/static.xx.fbcdn.net\/images\/emoji.php\/v9\/t7e\/1\/16\/1f3a4.png\" alt=\"\ud83c\udfa4\" width=\"16\" height=\"16\" \/><\/span><span class=\"html-span xexx8yu xyri2b x18d9i69 x1c1uobl x1hl2dhg x16tdsg8 x1vvkbs x3nfvp2 x1j61x8r x1fcty0u xdj266r xat24cr xm2jcoa x1mpyi22 xxymvpz xlup9mm x1kky2od\"><img loading=\"lazy\" decoding=\"async\" class=\"xz74otr x15mokao x1ga7v0g x16uus16 xbiv7yw\" src=\"https:\/\/static.xx.fbcdn.net\/images\/emoji.php\/v9\/t40\/1\/16\/1f62d.png\" alt=\"\ud83d\ude2d\" width=\"16\" height=\"16\" \/><\/span><span class=\"html-span xexx8yu xyri2b x18d9i69 x1c1uobl x1hl2dhg x16tdsg8 x1vvkbs x3nfvp2 x1j61x8r x1fcty0u xdj266r xat24cr xm2jcoa x1mpyi22 xxymvpz xlup9mm x1kky2od\"><img loading=\"lazy\" decoding=\"async\" class=\"xz74otr x15mokao x1ga7v0g x16uus16 xbiv7yw\" src=\"https:\/\/static.xx.fbcdn.net\/images\/emoji.php\/v9\/t40\/1\/16\/1f62d.png\" alt=\"\ud83d\ude2d\" width=\"16\" height=\"16\" \/><\/span><span class=\"html-span xexx8yu xyri2b x18d9i69 x1c1uobl x1hl2dhg x16tdsg8 x1vvkbs x3nfvp2 x1j61x8r x1fcty0u xdj266r xat24cr xm2jcoa x1mpyi22 xxymvpz xlup9mm x1kky2od\"><img loading=\"lazy\" decoding=\"async\" class=\"xz74otr x15mokao x1ga7v0g x16uus16 xbiv7yw\" src=\"https:\/\/static.xx.fbcdn.net\/images\/emoji.php\/v9\/t40\/1\/16\/1f62d.png\" alt=\"\ud83d\ude2d\" width=\"16\" height=\"16\" \/><\/span>La chanteuse Guesch Patti est d\u00e9c\u00e9d\u00e9e \u00e0 l&rsquo;\u00e2ge de 80 ans. Connue pour son immense tube \u00ab\u00a0Etienne\u00a0\u00bb, elle avait marqu\u00e9 les ann\u00e9es 80 avec son style unique, sa voix reconnaissable et son univers artistique hors normes. <span class=\"html-span xdj266r x14z9mp xat24cr x1lziwak xexx8yu xyri2b x18d9i69 x1c1uobl x1hl2dhg x16tdsg8 x1vvkbs\"><a class=\"x1i10hfl xjbqb8w x1ejq31n x18oe1m7 x1sy0etr xstzfhl x972fbf x10w94by x1qhh985 x14e42zd x9f619 x1ypdohk xt0psk2 x3ct3a4 xdj266r x14z9mp xat24cr x1lziwak xexx8yu xyri2b x18d9i69 x1c1uobl x16tdsg8 x1hl2dhg xggy1nq x1a2a7pz xkrqix3 x1sur9pj x1fey0fg x1s688f\" tabindex=\"0\" role=\"link\" href=\"https:\/\/www.youtube.com\/watch?v=3JqUKktTY6s&amp;fbclid=IwZXh0bgNhZW0CMTAAYnJpZBEwcUdaUGF3M0xuN0FSVk1NQXNydGMGYXBwX2lkEDIyMjAzOTE3ODgyMDA4OTIAAR60cRW0GQIeLQOAx6EZ6brmzOaOJDFDbQ3HAr_by7iVhv_spNQzW685qQqv0w_aem_eiV_F7_J1ksPaVelQXjAPQ\" target=\"_blank\" rel=\"nofollow noopener noreferrer\">https:\/\/www.youtube.com\/watch?v=3JqUKktTY6s<\/a><\/span> <\/span><\/p>\n<div class=\"kXPUVc wp-ms\">\n<div class=\"sz3HNe PJI6ge adDDi\"><span class=\"mgAbYb RES9jf IFnjPb JGD2rd\" role=\"heading\" aria-level=\"2\">Paroles<\/span><\/div>\n<\/div>\n<div>\n<div class=\"wDYxhc NFQFxe\" data-attrid=\"kc:\/music\/recording_cluster:lyrics\" data-md=\"113\">\n<div class=\"wGduib\" data-hveid=\"CB8QAA\" data-ved=\"2ahUKEwiDgJqmpJuVAxUOWqQEHfdWBlAQsEx6BAgfEAA\">\n<div class=\"Z1hOCe\">\n<div class=\"PZPZlf zloOqf\" data-lyricid=\"Musixmatch2358998\">\n<div class=\"ooz73 u5PNAc\">\n<div><\/div>\n<div>\n<div class=\"ujudUb\">\u00c9tienne, \u00c9tienne, \u00c9tienne<br aria-hidden=\"true\" \/>Oh, tiens le bien<br aria-hidden=\"true\" \/>Baisers sal\u00e9s, salis<br aria-hidden=\"true\" \/>Tomb\u00e9 le long du lit<br aria-hidden=\"true\" \/>De l&rsquo;in\u00e9dit<br aria-hidden=\"true\" \/>Il aime \u00e0 la folie<br aria-hidden=\"true\" \/>Au ralenti<br aria-hidden=\"true\" \/>Je soul\u00e8ve les interdits, ah<\/div>\n<div class=\"ujudUb\">\u00c9tienne, \u00c9tienne, \u00c9tienne<br aria-hidden=\"true\" \/>Hmmm, tiens le bien<br aria-hidden=\"true\" \/>Affol\u00e9, affolant<br aria-hidden=\"true\" \/>Il glisse comme un gant<br aria-hidden=\"true\" \/>Pas de limite<br aria-hidden=\"true\" \/>Au go\u00fbt de l&rsquo;after beat<br aria-hidden=\"true\" \/>Reste allong\u00e9<br aria-hidden=\"true\" \/>Je vais te rallumer<br aria-hidden=\"true\" \/>A\u00efe, \u00c9tienne<\/div>\n<div class=\"ujudUb\">Ouh-ouh-ouh-ouh-ouh-ouh<br aria-hidden=\"true\" \/>Na-na, na, na-na-na<br aria-hidden=\"true\" \/>Na-na, na, na-na-na<br aria-hidden=\"true\" \/>Ouh-ouh-ouh-ouh-ouh-ouh<\/div>\n<div class=\"ujudUb\">\u00c9tienne, \u00c9tienne, \u00c9tienne<br aria-hidden=\"true\" \/>Oh, tiens le bien<br aria-hidden=\"true\" \/>All\u00e9ch\u00e9, mal l\u00e9ch\u00e9<br aria-hidden=\"true\" \/>Ou accol\u00e9, tout coll\u00e9<br aria-hidden=\"true\" \/>Reste alangui<br aria-hidden=\"true\" \/>Je me sens \u00e9tourdie<br aria-hidden=\"true\" \/>Toute alourdie<br aria-hidden=\"true\" \/>Mais un tr\u00e8s grand app\u00e9tit<\/div>\n<div class=\"ujudUb\">\u00c9tienne, \u00c9tienne, \u00c9tienne<br aria-hidden=\"true\" \/>Oh, tiens le bien<br aria-hidden=\"true\" \/>D\u00e9lass\u00e9s, d\u00e9laiss\u00e9s<br aria-hidden=\"true\" \/>Enlac\u00e9s, \u00e9lanc\u00e9s<br aria-hidden=\"true\" \/>Si je te mords<br aria-hidden=\"true\" \/>Et encore, et encore<br aria-hidden=\"true\" \/>Pendant le dos<br aria-hidden=\"true\" \/>Je souffle le mot<\/div>\n<div class=\"ujudUb\">Oh, \u00c9tienne<br aria-hidden=\"true\" \/>Oh<br aria-hidden=\"true\" \/>Na-na-na-na-na-na-na<br aria-hidden=\"true\" \/>Na-na, na, na-na-na<br aria-hidden=\"true\" \/>\u00c9tienne, \u00c9tienne, \u00c9tienne<br aria-hidden=\"true\" \/>Oh, tiens le bien<br aria-hidden=\"true\" \/>Na-na, na, na-na-na<br aria-hidden=\"true\" \/>\u00c9tienne, \u00c9tienne, \u00c9tienne<br aria-hidden=\"true\" \/>Oh, tiens le bien<\/div>\n<div class=\"ujudUb\">Baisers sal\u00e9s, salis<br aria-hidden=\"true\" \/>Tomb\u00e9 le long du lit<br aria-hidden=\"true\" \/>De l&rsquo;in\u00e9dit<br aria-hidden=\"true\" \/>Il aime \u00e0 la folie<br aria-hidden=\"true\" \/>Au ralenti<br aria-hidden=\"true\" \/>Je soul\u00e8ve les interdits<br aria-hidden=\"true\" \/>\u00c9tienne, \u00c9tienne, \u00c9tienne<br aria-hidden=\"true\" \/>Oh, tiens le bien<\/div>\n<div class=\"ujudUb\">Affol\u00e9, affolant<br aria-hidden=\"true\" \/>Il glisse comme un gant<br aria-hidden=\"true\" \/>Pas de limite<br aria-hidden=\"true\" \/>Au go\u00fbt de l&rsquo;after beat<br aria-hidden=\"true\" \/>Reste allong\u00e9<br aria-hidden=\"true\" \/>Je vais te rallumer<\/div>\n<div class=\"ujudUb WRZytc\">\u00c9tienne, \u00c9tienne, \u00c9tienne<br aria-hidden=\"true\" \/>Oh, tiens le bien<br aria-hidden=\"true\" \/>Na-na-na-na-na-na<br aria-hidden=\"true\" \/>Na-na-na-na-na-na<br aria-hidden=\"true\" \/>Na-na-na-na-na-na<br aria-hidden=\"true\" \/>\u00c9tienne<br aria-hidden=\"true\" \/>Na-na-na-na-na-na<br aria-hidden=\"true\" \/>Na-na-na-na-na-na<\/div>\n<\/div>\n<\/div>\n<div class=\"f41I7 ai4HXb j04ED\">Source\u00a0:\u00a0<span class=\"S4TQId\">Musixmatch<\/span><\/div>\n<div class=\"f41I7 ai4HXb\" data-ved=\"2ahUKEwiDgJqmpJuVAxUOWqQEHfdWBlAQycMBKAB6BAgfEAM\">\n<div class=\"auw0zb\">Paroliers\u00a0: Vincent Bruley \/ Guesch Patti<\/div>\n<div class=\"auw0zb\">Paroles de Etienne, Etienne \u00a9 Francis Day Publications, Comotion Bccm<\/div>\n<\/div>\n<\/div>\n<\/div>\n<\/div>\n<\/div>\n<\/div>\n","protected":false},"excerpt":{"rendered":"<p>RIP \/ La chanteuse Guesch Patti est d\u00e9c\u00e9d\u00e9e \u00e0 l&rsquo;\u00e2ge de 80 ans. Connue pour&#8230;<\/p>\n","protected":false},"author":1,"featured_media":1923,"comment_status":"open","ping_status":"closed","sticky":false,"template":"","format":"standard","meta":{"_jetpack_newsletter_access":"","_jetpack_dont_email_post_to_subs":false,"_jetpack_newsletter_tier_id":0,"_jetpack_memberships_contains_paywalled_content":false,"_jetpack_feature_clip_id":0,"_jetpack_memberships_contains_paid_content":false,"footnotes":"","jetpack_publicize_message":"","jetpack_publicize_feature_enabled":true,"jetpack_social_post_already_shared":true,"jetpack_social_options":{"image_generator_settings":{"template":"highway","default_image_id":0,"font":"","enabled":false},"version":2},"jetpack_post_was_ever_published":false},"categories":[741,344,377,11],"tags":[948,950,949,947],"class_list":["post-1922","post","type-post","status-publish","format-standard","has-post-thumbnail","hentry","category-741","category-artiste","category-disparition","category-musique","tag-dcd","tag-etienne","tag-guesch-patti","tag-rip"],"jetpack_publicize_connections":[],"jetpack_sharing_enabled":true,"jetpack_featured_media_url":"https:\/\/www.laurensoff.com\/wordpress\/wp-content\/uploads\/2026\/06\/61K4sKvHiL._UF8941000_QL80_.jpg","_links":{"self":[{"href":"https:\/\/www.laurensoff.com\/wordpress\/wp-json\/wp\/v2\/posts\/1922","targetHints":{"allow":["GET"]}}],"collection":[{"href":"https:\/\/www.laurensoff.com\/wordpress\/wp-json\/wp\/v2\/posts"}],"about":[{"href":"https:\/\/www.laurensoff.com\/wordpress\/wp-json\/wp\/v2\/types\/post"}],"author":[{"embeddable":true,"href":"https:\/\/www.laurensoff.com\/wordpress\/wp-json\/wp\/v2\/users\/1"}],"replies":[{"embeddable":true,"href":"https:\/\/www.laurensoff.com\/wordpress\/wp-json\/wp\/v2\/comments?post=1922"}],"version-history":[{"count":1,"href":"https:\/\/www.laurensoff.com\/wordpress\/wp-json\/wp\/v2\/posts\/1922\/revisions"}],"predecessor-version":[{"id":1924,"href":"https:\/\/www.laurensoff.com\/wordpress\/wp-json\/wp\/v2\/posts\/1922\/revisions\/1924"}],"wp:featuredmedia":[{"embeddable":true,"href":"https:\/\/www.laurensoff.com\/wordpress\/wp-json\/wp\/v2\/media\/1923"}],"wp:attachment":[{"href":"https:\/\/www.laurensoff.com\/wordpress\/wp-json\/wp\/v2\/media?parent=1922"}],"wp:term":[{"taxonomy":"category","embeddable":true,"href":"https:\/\/www.laurensoff.com\/wordpress\/wp-json\/wp\/v2\/categories?post=1922"},{"taxonomy":"post_tag","embeddable":true,"href":"https:\/\/www.laurensoff.com\/wordpress\/wp-json\/wp\/v2\/tags?post=1922"}],"curies":[{"name":"wp","href":"https:\/\/api.w.org\/{rel}","templated":true}]}}