{"id":1918,"date":"2026-06-22T07:38:59","date_gmt":"2026-06-22T06:38:59","guid":{"rendered":"https:\/\/www.laurensoff.com\/wordpress\/?p=1918"},"modified":"2026-06-22T07:38:59","modified_gmt":"2026-06-22T06:38:59","slug":"concert-voix-passions-sophie-pondjiclis-site-pablo-picasso-auditorium","status":"publish","type":"post","link":"https:\/\/www.laurensoff.com\/wordpress\/concert-voix-passions-sophie-pondjiclis-site-pablo-picasso-auditorium\/","title":{"rendered":"CONCERT \/ VOIX &#038; PASSIONS Sophie PONDJICLIS\/ Site Pablo Picasso Auditorium"},"content":{"rendered":"<p>CONCERT \/ VOIX &amp; PASSIONS \/ <span class=\"xv78j7m\" spellcheck=\"false\">#Sophie<\/span> <span class=\"xv78j7m\" spellcheck=\"false\">#PONDJICLIS<\/span><\/p>\n<p>Mezzo-soprano colorature de renomm\u00e9e internationale, salu\u00e9e pour l\u2019excellence de ses interpr\u00e9tations et nomm\u00e9e Chevalier des Arts et des Lettres, Sophie PONDJICLIS est une artiste au r\u00e9pertoire riche de 80 r\u00f4les, de l\u2019op\u00e9ra baroque aux \u0153uvres contemporaines.<br \/>\n<img loading=\"lazy\" decoding=\"async\" class=\"alignnone size-full wp-image-1920\" src=\"https:\/\/www.laurensoff.com\/wordpress\/wp-content\/uploads\/2026\/06\/Capture-decran-2026-06-21-163023.png\" alt=\"\" width=\"361\" height=\"540\" srcset=\"https:\/\/www.laurensoff.com\/wordpress\/wp-content\/uploads\/2026\/06\/Capture-decran-2026-06-21-163023.png 361w, https:\/\/www.laurensoff.com\/wordpress\/wp-content\/uploads\/2026\/06\/Capture-decran-2026-06-21-163023-201x300.png 201w\" sizes=\"auto, (max-width: 361px) 100vw, 361px\" \/><br \/>\n\ud83d\uded1 Site Pablo Picasso Auditorium<br \/>\nAll\u00e9e Pablo Picasso Route du port de Lav\u00e9ra 13500 Martigues<br \/>\nLyrique en Provence &#8211; Les Amis de l&rsquo;acad\u00e9mie international d&rsquo;art lyrique <a class=\"x1fey0fg xmper1u x1edh9d7\" href=\"https:\/\/www.helloasso.com\/associations\/les-amis-de-l-academie-internationale-d-art-lyrique\/evenements\/concert-passion-voix\">https:\/\/www.helloasso.com\/associations\/les-amis-de-l-academie-internationale-d-art-lyrique\/evenements\/concert-passion-voix<\/a><\/p>\n","protected":false},"excerpt":{"rendered":"<p>CONCERT \/ VOIX &amp; PASSIONS \/ #Sophie #PONDJICLIS Mezzo-soprano colorature de renomm\u00e9e internationale, salu\u00e9e pour&#8230;<\/p>\n","protected":false},"author":1,"featured_media":1919,"comment_status":"open","ping_status":"closed","sticky":false,"template":"","format":"standard","meta":{"_jetpack_newsletter_access":"","_jetpack_dont_email_post_to_subs":false,"_jetpack_newsletter_tier_id":0,"_jetpack_memberships_contains_paywalled_content":false,"_jetpack_feature_clip_id":0,"_jetpack_memberships_contains_paid_content":false,"footnotes":"","jetpack_publicize_message":"","jetpack_publicize_feature_enabled":true,"jetpack_social_post_already_shared":true,"jetpack_social_options":{"image_generator_settings":{"template":"highway","default_image_id":0,"font":"","enabled":false},"version":2},"jetpack_post_was_ever_published":false},"categories":[741,643,344,45,942,11],"tags":[943,946,944,945],"class_list":["post-1918","post","type-post","status-publish","format-standard","has-post-thumbnail","hentry","category-741","category-agenda","category-artiste","category-evenements","category-martigues-ville","category-musique","tag-martigues","tag-pablo-picasso","tag-sophie-pondjiclis","tag-voix-passions"],"jetpack_publicize_connections":[],"jetpack_sharing_enabled":true,"jetpack_featured_media_url":"https:\/\/www.laurensoff.com\/wordpress\/wp-content\/uploads\/2026\/06\/728503519_1322576890047049_8390740586649772950_n.jpg","_links":{"self":[{"href":"https:\/\/www.laurensoff.com\/wordpress\/wp-json\/wp\/v2\/posts\/1918","targetHints":{"allow":["GET"]}}],"collection":[{"href":"https:\/\/www.laurensoff.com\/wordpress\/wp-json\/wp\/v2\/posts"}],"about":[{"href":"https:\/\/www.laurensoff.com\/wordpress\/wp-json\/wp\/v2\/types\/post"}],"author":[{"embeddable":true,"href":"https:\/\/www.laurensoff.com\/wordpress\/wp-json\/wp\/v2\/users\/1"}],"replies":[{"embeddable":true,"href":"https:\/\/www.laurensoff.com\/wordpress\/wp-json\/wp\/v2\/comments?post=1918"}],"version-history":[{"count":1,"href":"https:\/\/www.laurensoff.com\/wordpress\/wp-json\/wp\/v2\/posts\/1918\/revisions"}],"predecessor-version":[{"id":1921,"href":"https:\/\/www.laurensoff.com\/wordpress\/wp-json\/wp\/v2\/posts\/1918\/revisions\/1921"}],"wp:featuredmedia":[{"embeddable":true,"href":"https:\/\/www.laurensoff.com\/wordpress\/wp-json\/wp\/v2\/media\/1919"}],"wp:attachment":[{"href":"https:\/\/www.laurensoff.com\/wordpress\/wp-json\/wp\/v2\/media?parent=1918"}],"wp:term":[{"taxonomy":"category","embeddable":true,"href":"https:\/\/www.laurensoff.com\/wordpress\/wp-json\/wp\/v2\/categories?post=1918"},{"taxonomy":"post_tag","embeddable":true,"href":"https:\/\/www.laurensoff.com\/wordpress\/wp-json\/wp\/v2\/tags?post=1918"}],"curies":[{"name":"wp","href":"https:\/\/api.w.org\/{rel}","templated":true}]}}