{"id":1915,"date":"2026-06-21T15:08:54","date_gmt":"2026-06-21T14:08:54","guid":{"rendered":"https:\/\/www.laurensoff.com\/wordpress\/?p=1915"},"modified":"2026-06-21T15:08:54","modified_gmt":"2026-06-21T14:08:54","slug":"enorme-succes-musique-le-tenor-naestro-en-concert-au-domaine-pieracci-a-saint-cyr-sur-mer-dans-le-var","status":"publish","type":"post","link":"https:\/\/www.laurensoff.com\/wordpress\/enorme-succes-musique-le-tenor-naestro-en-concert-au-domaine-pieracci-a-saint-cyr-sur-mer-dans-le-var\/","title":{"rendered":"\u00c9norme succ\u00e8s Musique Le T\u00e9nor Naestro en concert au Domaine Pieracci \u00e0 Saint-Cyr-sur-Mer dans le Var"},"content":{"rendered":"<p>\ud83c\udfa5\u00c9norme succ\u00e8s\ud83c\udfa4Musique \/ Le #T\u00e9nor Naestro en #concert au Domaine Pieracci \u00e0 Saint-Cyr-sur-Mer dans le #Var (83)<\/p>\n<p><iframe loading=\"lazy\" title=\"Musique \/ Le T\u00e9nor NAESTRO en concert au Domaine PIERACCI \u00e0 Saint-Cyr-sur-Mer dans le Var (83)\" src=\"https:\/\/www.youtube.com\/embed\/2tKM3evra34\" width=\"650\" height=\"300\" frameborder=\"0\" allowfullscreen=\"allowfullscreen\"><span style=\"display: inline-block; width: 0px; overflow: hidden; line-height: 0;\" data-mce-type=\"bookmark\" class=\"mce_SELRES_start\">\ufeff<\/span><\/iframe><\/p>\n","protected":false},"excerpt":{"rendered":"<p>\ud83c\udfa5\u00c9norme succ\u00e8s\ud83c\udfa4Musique \/ Le #T\u00e9nor Naestro en #concert au Domaine Pieracci \u00e0 Saint-Cyr-sur-Mer dans le&#8230;<\/p>\n","protected":false},"author":1,"featured_media":1916,"comment_status":"open","ping_status":"closed","sticky":false,"template":"","format":"standard","meta":{"_jetpack_newsletter_access":"","_jetpack_dont_email_post_to_subs":false,"_jetpack_newsletter_tier_id":0,"_jetpack_memberships_contains_paywalled_content":false,"_jetpack_feature_clip_id":0,"_jetpack_memberships_contains_paid_content":false,"footnotes":"","jetpack_publicize_message":"","jetpack_publicize_feature_enabled":true,"jetpack_social_post_already_shared":true,"jetpack_social_options":{"image_generator_settings":{"template":"highway","default_image_id":0,"font":"","enabled":false},"version":2},"jetpack_post_was_ever_published":false},"categories":[741,344,11,257],"tags":[99,940,941],"class_list":["post-1915","post","type-post","status-publish","format-standard","has-post-thumbnail","hentry","category-741","category-artiste","category-musique","category-saint-cyr-sur-mer","tag-concert","tag-naestro","tag-opera"],"jetpack_publicize_connections":[],"jetpack_sharing_enabled":true,"jetpack_featured_media_url":"https:\/\/www.laurensoff.com\/wordpress\/wp-content\/uploads\/2026\/06\/nab.jpg","_links":{"self":[{"href":"https:\/\/www.laurensoff.com\/wordpress\/wp-json\/wp\/v2\/posts\/1915","targetHints":{"allow":["GET"]}}],"collection":[{"href":"https:\/\/www.laurensoff.com\/wordpress\/wp-json\/wp\/v2\/posts"}],"about":[{"href":"https:\/\/www.laurensoff.com\/wordpress\/wp-json\/wp\/v2\/types\/post"}],"author":[{"embeddable":true,"href":"https:\/\/www.laurensoff.com\/wordpress\/wp-json\/wp\/v2\/users\/1"}],"replies":[{"embeddable":true,"href":"https:\/\/www.laurensoff.com\/wordpress\/wp-json\/wp\/v2\/comments?post=1915"}],"version-history":[{"count":1,"href":"https:\/\/www.laurensoff.com\/wordpress\/wp-json\/wp\/v2\/posts\/1915\/revisions"}],"predecessor-version":[{"id":1917,"href":"https:\/\/www.laurensoff.com\/wordpress\/wp-json\/wp\/v2\/posts\/1915\/revisions\/1917"}],"wp:featuredmedia":[{"embeddable":true,"href":"https:\/\/www.laurensoff.com\/wordpress\/wp-json\/wp\/v2\/media\/1916"}],"wp:attachment":[{"href":"https:\/\/www.laurensoff.com\/wordpress\/wp-json\/wp\/v2\/media?parent=1915"}],"wp:term":[{"taxonomy":"category","embeddable":true,"href":"https:\/\/www.laurensoff.com\/wordpress\/wp-json\/wp\/v2\/categories?post=1915"},{"taxonomy":"post_tag","embeddable":true,"href":"https:\/\/www.laurensoff.com\/wordpress\/wp-json\/wp\/v2\/tags?post=1915"}],"curies":[{"name":"wp","href":"https:\/\/api.w.org\/{rel}","templated":true}]}}