{"id":1908,"date":"2026-06-17T15:28:17","date_gmt":"2026-06-17T14:28:17","guid":{"rendered":"https:\/\/www.laurensoff.com\/wordpress\/?p=1908"},"modified":"2026-06-17T16:02:09","modified_gmt":"2026-06-17T15:02:09","slug":"le-18-juin-1940-est-veritablement-lacte-fondateur-de-la-france-libre","status":"publish","type":"post","link":"https:\/\/www.laurensoff.com\/wordpress\/le-18-juin-1940-est-veritablement-lacte-fondateur-de-la-france-libre\/","title":{"rendered":"Le 18 juin 1940 est v\u00e9ritablement l&rsquo;acte fondateur de la France Libre."},"content":{"rendered":"<p> Pour bien comprendre ce qui s&rsquo;est pass\u00e9 ce jour-l\u00e0 dans les studios de la BBC \u00e0 Londres, il faut se replonger dans l&rsquo;urgence de cette folle journ\u00e9e.<\/p>\n<p>Voici le d\u00e9roulement et les coulisses de cet \u00e9v\u00e9nement historique :<br \/>\nLe contexte imm\u00e9diat : un pays au bord du gouffre<\/p>\n<p>La veille, le 17 juin, le mar\u00e9chal P\u00e9tain, tout juste nomm\u00e9 chef du gouvernement fran\u00e7ais, a prononc\u00e9 un discours radiophonique dramatique annon\u00e7ant qu&rsquo;il fallait \u00ab cesser le combat \u00bb et demander l&rsquo;armistice.<\/p>\n<p>Refusant cette capitulation, le g\u00e9n\u00e9ral de Gaulle, alors sous-secr\u00e9taire d&rsquo;\u00c9tat \u00e0 la Guerre, quitte la France le matin m\u00eame \u00e0 bord d&rsquo;un avion britannique pour rejoindre Londres. Son objectif : obtenir le soutien du Premier ministre britannique, Winston Churchill, pour poursuivre la guerre.<br \/>\nLa journ\u00e9e du 18 juin 1940<\/p>\n<p>    Le feu vert de Churchill : D\u00e8s son arriv\u00e9e, de Gaulle rencontre Churchill. Le Premier ministre britannique accepte de mettre les micros de la BBC \u00e0 la disposition du g\u00e9n\u00e9ral fran\u00e7ais, malgr\u00e9 les r\u00e9ticences de certains membres de son propre gouvernement qui esp\u00e8rent encore n\u00e9gocier avec le futur gouvernement de Vichy.<\/p>\n<p>    La r\u00e9daction du texte : Dans l&rsquo;apr\u00e8s-midi, install\u00e9 dans un petit appartement londonien au 41 du quai Seymour, de Gaulle r\u00e9dige son discours. C&rsquo;est un texte court, cisel\u00e9, pes\u00e9 mot par mot.<\/p>\n<p>    L&rsquo;enregistrement (18h00) : De Gaulle se rend aux studios de la BBC \u00e0 Broadcasting House. Vers 18h00, il s&rsquo;assied devant le micro. Bien qu&rsquo;il soit un inconnu pour la grande majorit\u00e9 des Fran\u00e7ais, sa voix r\u00e9sonne pour la premi\u00e8re fois sur les ondes \u00e0 22h00 ce soir-l\u00e0.<\/p>\n<p>Les grands axes de l&rsquo;Appel<\/p>\n<p>Le discours repose sur une vision g\u00e9opolitique et militaire extr\u00eamement lucide :<\/p>\n<p>    Reconna\u00eetre la d\u00e9faite pr\u00e9sente, mais refuser la d\u00e9faite finale : Il admet que la France a \u00e9t\u00e9 submerg\u00e9e par la force m\u00e9canique et la tactique allemande.<\/p>\n<p>    Une guerre mondiale : C&rsquo;est l&rsquo;argument cl\u00e9. De Gaulle rappelle que la France n&rsquo;est pas seule. Elle dispose d&rsquo;un vaste empire colonial, peut s&rsquo;allier avec l&rsquo;Empire britannique qui domine les mers, et anticipe l&rsquo;apport immense de l&rsquo;industrie des \u00c9tats-Unis. Pour lui, ce conflit est une guerre mondiale, pas un simple duel franco-allemand.<\/p>\n<p>    La flamme de la r\u00e9sistance : C&rsquo;est la phrase rest\u00e9e grav\u00e9e dans les m\u00e9moires :<\/p>\n<p>        \u00ab Quoi qu&rsquo;il arrive, la flamme de la r\u00e9sistance fran\u00e7aise ne doit pas s&rsquo;\u00e9teindre et ne s&rsquo;\u00e9teindra pas. \u00bb<\/p>\n<p>Ce que l&rsquo;on oublie souvent (les petites histoires de la Grande)<\/p>\n<p>    Le discours a \u00e9t\u00e9 censur\u00e9&#8230; par les Britanniques : Dans sa premi\u00e8re version \u00e9crite, de Gaulle se montrait tr\u00e8s dur envers le gouvernement P\u00e9tain. Pour des raisons diplomatiques, le cabinet britannique a exig\u00e9 qu&rsquo;il adoucisse ses propos. De Gaulle a accept\u00e9 de modifier les premi\u00e8res lignes, ne voulant pas rompre d\u00e9finitivement les ponts avec Bordeaux (o\u00f9 si\u00e9geait le gouvernement fran\u00e7ais) avant de voir comment la situation \u00e9voluait.<\/p>\n<p>    Il n&rsquo;existe aucun enregistrement audio : Contrairement \u00e0 une id\u00e9e re\u00e7ue, le discours du 18 juin n&rsquo;a pas \u00e9t\u00e9 enregistr\u00e9 par la BBC (on ne stockait pas syst\u00e9matiquement les voix \u00e0 l&rsquo;\u00e9poque). La bande sonore que l&rsquo;on entend partout aujourd&rsquo;hui est en r\u00e9alit\u00e9 celle de l&rsquo;appel du 22 juin 1940.<\/p>\n<p>    Un impact imm\u00e9diat tr\u00e8s faible : Tr\u00e8s peu de Fran\u00e7ais ont entendu l&rsquo;appel en direct ce soir-l\u00e0. Les gens \u00e9taient sur les routes de l&rsquo;exode ou n&rsquo;\u00e9coutaient pas la radio anglaise. C&rsquo;est la presse r\u00e9gionale fran\u00e7aise, le lendemain et les jours suivants, qui va largement relayer le texte et lui donner sa port\u00e9e historique.<\/p>\n","protected":false},"excerpt":{"rendered":"<p>Pour bien comprendre ce qui s&rsquo;est pass\u00e9 ce jour-l\u00e0 dans les studios de la BBC&#8230;<\/p>\n","protected":false},"author":1,"featured_media":1909,"comment_status":"open","ping_status":"closed","sticky":false,"template":"","format":"standard","meta":{"_jetpack_newsletter_access":"","_jetpack_dont_email_post_to_subs":false,"_jetpack_newsletter_tier_id":0,"_jetpack_memberships_contains_paywalled_content":false,"_jetpack_feature_clip_id":0,"_jetpack_memberships_contains_paid_content":false,"footnotes":"","jetpack_publicize_message":"","jetpack_publicize_feature_enabled":true,"jetpack_social_post_already_shared":true,"jetpack_social_options":{"image_generator_settings":{"template":"highway","default_image_id":0,"font":"","enabled":false},"version":2},"jetpack_post_was_ever_published":false},"categories":[936,278,188,358,164],"tags":[],"class_list":["post-1908","post","type-post","status-publish","format-standard","has-post-thumbnail","hentry","category-40s","category-liberte","category-londres","category-world","category-ww2"],"jetpack_publicize_connections":[],"jetpack_sharing_enabled":true,"jetpack_featured_media_url":"https:\/\/www.laurensoff.com\/wordpress\/wp-content\/uploads\/2026\/06\/481073764_2308770769510147_9189313908419302996_n.jpg","_links":{"self":[{"href":"https:\/\/www.laurensoff.com\/wordpress\/wp-json\/wp\/v2\/posts\/1908","targetHints":{"allow":["GET"]}}],"collection":[{"href":"https:\/\/www.laurensoff.com\/wordpress\/wp-json\/wp\/v2\/posts"}],"about":[{"href":"https:\/\/www.laurensoff.com\/wordpress\/wp-json\/wp\/v2\/types\/post"}],"author":[{"embeddable":true,"href":"https:\/\/www.laurensoff.com\/wordpress\/wp-json\/wp\/v2\/users\/1"}],"replies":[{"embeddable":true,"href":"https:\/\/www.laurensoff.com\/wordpress\/wp-json\/wp\/v2\/comments?post=1908"}],"version-history":[{"count":1,"href":"https:\/\/www.laurensoff.com\/wordpress\/wp-json\/wp\/v2\/posts\/1908\/revisions"}],"predecessor-version":[{"id":1910,"href":"https:\/\/www.laurensoff.com\/wordpress\/wp-json\/wp\/v2\/posts\/1908\/revisions\/1910"}],"wp:featuredmedia":[{"embeddable":true,"href":"https:\/\/www.laurensoff.com\/wordpress\/wp-json\/wp\/v2\/media\/1909"}],"wp:attachment":[{"href":"https:\/\/www.laurensoff.com\/wordpress\/wp-json\/wp\/v2\/media?parent=1908"}],"wp:term":[{"taxonomy":"category","embeddable":true,"href":"https:\/\/www.laurensoff.com\/wordpress\/wp-json\/wp\/v2\/categories?post=1908"},{"taxonomy":"post_tag","embeddable":true,"href":"https:\/\/www.laurensoff.com\/wordpress\/wp-json\/wp\/v2\/tags?post=1908"}],"curies":[{"name":"wp","href":"https:\/\/api.w.org\/{rel}","templated":true}]}}