{"id":1899,"date":"2026-06-16T08:31:21","date_gmt":"2026-06-16T07:31:21","guid":{"rendered":"https:\/\/www.laurensoff.com\/wordpress\/?p=1899"},"modified":"2026-06-16T08:31:21","modified_gmt":"2026-06-16T07:31:21","slug":"joe-dassin-by-julien-dassin-odeon-saint-victoret-saint-victoret","status":"publish","type":"post","link":"https:\/\/www.laurensoff.com\/wordpress\/joe-dassin-by-julien-dassin-odeon-saint-victoret-saint-victoret\/","title":{"rendered":"JOE DASSIN BY JULIEN DASSIN  ODEON SAINT VICTORET (SAINT VICTORET)"},"content":{"rendered":"<h1>JOE DASSIN BY JULIEN DASSIN<\/h1>\n<p class=\"EventDescription__TextGray-sc-kfgwiu-3 laCEvi small m0\">ODEON SAINT VICTORET (SAINT VICTORET)<\/p>\n<table class=\"table table-striped\">\n<tbody>\n<tr>\n<td><b>JOE DASSIN STORY<\/b><\/td>\n<td><b>19\/06\/2026<\/b><\/td>\n<td>Saint-Victoret<\/td>\n<td>Salle Od\u00e9on<\/td>\n<td><b>20h30<\/b><\/td>\n<td><\/td>\n<\/tr>\n<\/tbody>\n<\/table>\n<p><a href=\"https:\/\/www.samuelducros.com\/nos-spectacles\/joe-dassin-story-1\/22\">https:\/\/www.samuelducros.com\/nos-spectacles\/joe-dassin-story-1\/22<\/a><\/p>\n<div class=\"EventDescription__Overview-sc-kfgwiu-2 gozIvb\">\n<p>Fils du l\u00e9gendaire Joe Dassin, Julien Dassin perp\u00e9tue la tradition artistique familiale avec passion et talent. Avec son nouveau show, Joe Dassin Story, Julien Dassin fera revivre les plus belles chansons de son p\u00e8re avec ses musiciens : L\u2019Am\u00e9rique, L\u2019\u00e9t\u00e9 indien, \u00c0 toi, Dans les yeux d\u2019Emilie, etc.<\/p>\n<\/div>\n","protected":false},"excerpt":{"rendered":"<p>JOE DASSIN BY JULIEN DASSIN ODEON SAINT VICTORET (SAINT VICTORET) JOE DASSIN STORY 19\/06\/2026 Saint-Victoret&#8230;<\/p>\n","protected":false},"author":1,"featured_media":1900,"comment_status":"open","ping_status":"closed","sticky":false,"template":"","format":"standard","meta":{"_jetpack_newsletter_access":"","_jetpack_dont_email_post_to_subs":false,"_jetpack_newsletter_tier_id":0,"_jetpack_memberships_contains_paywalled_content":false,"_jetpack_feature_clip_id":0,"_jetpack_memberships_contains_paid_content":false,"footnotes":"","jetpack_publicize_message":"","jetpack_publicize_feature_enabled":true,"jetpack_social_post_already_shared":true,"jetpack_social_options":{"image_generator_settings":{"template":"highway","default_image_id":0,"font":"","enabled":false},"version":2},"jetpack_post_was_ever_published":false},"categories":[741,928],"tags":[107,929,930],"class_list":["post-1899","post","type-post","status-publish","format-standard","has-post-thumbnail","hentry","category-741","category-odeon-saint-victoret","tag-joe-dassin","tag-julien-dassin","tag-odeon-saint-victoret"],"jetpack_publicize_connections":[],"jetpack_sharing_enabled":true,"jetpack_featured_media_url":"https:\/\/www.laurensoff.com\/wordpress\/wp-content\/uploads\/2026\/06\/500-500.webp","_links":{"self":[{"href":"https:\/\/www.laurensoff.com\/wordpress\/wp-json\/wp\/v2\/posts\/1899","targetHints":{"allow":["GET"]}}],"collection":[{"href":"https:\/\/www.laurensoff.com\/wordpress\/wp-json\/wp\/v2\/posts"}],"about":[{"href":"https:\/\/www.laurensoff.com\/wordpress\/wp-json\/wp\/v2\/types\/post"}],"author":[{"embeddable":true,"href":"https:\/\/www.laurensoff.com\/wordpress\/wp-json\/wp\/v2\/users\/1"}],"replies":[{"embeddable":true,"href":"https:\/\/www.laurensoff.com\/wordpress\/wp-json\/wp\/v2\/comments?post=1899"}],"version-history":[{"count":1,"href":"https:\/\/www.laurensoff.com\/wordpress\/wp-json\/wp\/v2\/posts\/1899\/revisions"}],"predecessor-version":[{"id":1901,"href":"https:\/\/www.laurensoff.com\/wordpress\/wp-json\/wp\/v2\/posts\/1899\/revisions\/1901"}],"wp:featuredmedia":[{"embeddable":true,"href":"https:\/\/www.laurensoff.com\/wordpress\/wp-json\/wp\/v2\/media\/1900"}],"wp:attachment":[{"href":"https:\/\/www.laurensoff.com\/wordpress\/wp-json\/wp\/v2\/media?parent=1899"}],"wp:term":[{"taxonomy":"category","embeddable":true,"href":"https:\/\/www.laurensoff.com\/wordpress\/wp-json\/wp\/v2\/categories?post=1899"},{"taxonomy":"post_tag","embeddable":true,"href":"https:\/\/www.laurensoff.com\/wordpress\/wp-json\/wp\/v2\/tags?post=1899"}],"curies":[{"name":"wp","href":"https:\/\/api.w.org\/{rel}","templated":true}]}}