{"id":1893,"date":"2026-06-16T07:58:31","date_gmt":"2026-06-16T06:58:31","guid":{"rendered":"https:\/\/www.laurensoff.com\/wordpress\/?p=1893"},"modified":"2026-06-16T08:05:06","modified_gmt":"2026-06-16T07:05:06","slug":"dimanche-21-juin-fete-de-la-musique-a-la-ciotat","status":"publish","type":"post","link":"https:\/\/www.laurensoff.com\/wordpress\/dimanche-21-juin-fete-de-la-musique-a-la-ciotat\/","title":{"rendered":"dimanche 21 juin, f\u00eate de la musique \u00e0 La Ciotat,"},"content":{"rendered":"<div id=\"uOz6nd\" class=\"A6K0A z4oRIf\" data-rpos=\"3\" data-rrhs=\"1\">\n<div class=\"focusSentinel\" tabindex=\"0\" aria-hidden=\"true\">\n<div class=\"sheet-global-motto\">\n<h1 class=\"intro-title\"><span class=\"ezstring-field\">Historique de la F\u00eate de la musique<\/span><\/h1>\n<p class=\"fr-text--lead\">En octobre 1981, Jack Lang, ministre de la Culture, nomme Maurice Fleuret au poste de directeur de la musique et de la danse. Maurice Fleuret applique ses r\u00e9flexions sur la pratique musicale et son \u00e9volution et pose les fondements d\u2019une nouvelle conception : \u00ab La musique sera partout et le concert nulle part \u00bb ! Il \u00e9voque une \u00ab r\u00e9volution \u00bb dans le domaine de la musique, qui tend \u00e0 faire se rencontrer toutes les musiques \u2013 sans hi\u00e9rarchie de genre ni d\u2019origine \u2013 dans une commune recherche de ce qu\u2019il appelle \u00ab une lib\u00e9ration sonore, une ivresse, un vertige qui sont plus authentiques, plus intimes, plus \u00e9loquents que l\u2019art \u00bb.<\/p>\n<p><strong>L&rsquo;\u00e9dition 2026 de la F\u00eate de la Musique r\u00e9serve de belles surprises avec la participation de groupes reconnus et ravira tous les m\u00e9lomanes. Tous les styles musicaux seront repr\u00e9sent\u00e9s.<\/strong><\/div>\n<div class=\"sheet-global-description marg-top-sm\">\n<div class=\"description\">La F\u00eate de la Musique sera l&rsquo;occasion de d\u00e9couvrir une cinquantaine de groupes locaux r\u00e9partis sur sc\u00e8nes de la ville. Programmation riche et vari\u00e9e. Port vieux \u2013 Quai Ganteaume 18h30 : Jazz Effet\u2019mer Quintet &#8211; Standards Jazz 20h00 : Putsch Street Band \u2013 Street Brass Band Jazz Blues 21h30 : Vinyl Acoustic Rock &#8211; Pop Rock 22h30 : Amandine et J\u00e9rome &#8211; Pop Rock Escaliers de l\u2019\u00c9glise Notre Dame de l&rsquo;Assomption \u2013 Port vieux 18h30 : June &#8211; Rock 20h00 : Outsiders \u2013 Pop Rock, Rock 21h30 : Komdab \u2013 Pop Rock 22h30 : The Picky\u2019z &#8211; Rock 00h00 : Baia J\u00f2ia \u2013 Batucada Quai Fran\u00e7ois Mitterrand 17h \u00e0 18h30 : Sur les barquettes des Calfats de l\u2019Escalet avec les musiciens de l\u2019orchestre d\u2019Harmonie. Rond-Point des Messageries Maritimes 18h00 : Interplays Jazz-4tet &#8211; Jazz standards et Bossa Nova 19h30 : Starling Band \u2013 Reprise Pop Rock 21h00 : Acad\u00e9mie des Etoiles -Vari\u00e9t\u00e9 fran\u00e7aise et internationale 22h30 : J\u2019EM \u2013 Rock fran\u00e7ais anglais Place de l\u2019Escalet \u2013 sous la grue 18h00 : E=LV2 \u2013 Pop Rock international 19h30 : One Again \u2013 Rock 21h00 : Les Impertinents \u2013 Rock fran\u00e7ais anglais 22h30 : Ph\u00e9nix \u2013 Pop Rock Square Bouissou 16h00 : Chant Maison Ritt &#8211; Tous styles 18h00 : Ensemble de clarinettes, direction David Cerutti -Classique, traditionnel 18h45 : Nadine Kuhm, Maison Ritt &#8211; Classique, vari\u00e9t\u00e9, traditionnel, jazz 20h00 : KLS L\u00e9ana Star \u2013 Vari\u00e9t\u00e9 fran\u00e7aise et internationale 21h30 : DJ Raphou \u2013 Composition Place Evariste Gras 17h30 : Chorale Le Ch\u0153ur de l\u2019Escolo &#8211; R\u00e9pertoire proven\u00e7al et vari\u00e9t\u00e9 18h30 : La\u00e9li &#8211; Pop 19h30 : Zoizo &#8211; Compo, chansons fran\u00e7aise musique du monde 20h30 : Space Oddity \u2013 Pop Rock Jazz 21h30 : M\u00e9lody-Show avec Melosi Henry &#8211; Vari\u00e9t\u00e9 fran\u00e7aise des ann\u00e9es 60 \u00e0 nos jours &#8211; et Antoine Santiago \u2013 Vari\u00e9t\u00e9, rock fran\u00e7ais Esplanade Langlois 18h30 : Dad\u2019s \u2013 Pop Rock 19h30 : Four of us \u2013 Pop Rock 21h00 : Ecole de chant EVI &#8211; Musique actuelle 22h30 : Smog \u2013 Pop Rock, Soul Plage Cyrnos 18h00 \u00e0 minuit : Wind and Sound \u2013 Pop Rock Covers Place Toche 16h00 : Audrey Music \u2013 Vari\u00e9t\u00e9 fran\u00e7aise et internationale 19h00 : Mandihy \u2013 Doumdoum percussions et danse 20h00 : Sing and Shine &#8211; Pop Rock, vari\u00e9t\u00e9 fran\u00e7aise et internationale Plage des Capucins 18h00 : Baia J\u00f2ia \u2013 Batucada 19h00 : Venus and Mars Acoustic Band \u2013 Pop Rock 20h00 : Ora Xam \u2013 Indie Pop Alternatif 21h00 : Lart Sanam \u2013 Melodic Techno house 22h00 : Ka Project Artist \u2013 Rap, vari\u00e9t\u00e9, micro ouvert Esplanade du 8 Mai 1945 17h45 : Chorale Maison Ritt \u2013 Rock 18h30 : Alegria de Triana &#8211; Flamenco, danse s\u00e9villane, chant guitare 19h30 : Chorale Vocaliz \u2013 Vari\u00e9t\u00e9 fran\u00e7aise et internationale 20h15 : Les Placides Anim\u00e9s &#8211; Chanson fran\u00e7aise, Rock fran\u00e7ais 21h45 : Frozen Yellow Spot \u2013 Rock Stoner Parvis du mus\u00e9e Ciotaden 19h30 : Keep On \u2013 Rock et Pop Rock 22h00 : DJ Anthony \u2013 Musique ambiance Parvis de la mairie 19h00 : Midlife \u2013 Pop Rock Place Esquiros 19h00 : Les Gars Bians \u2013 Pop Rock, Funk Place Gambetta 18h30 : Chorale Ch\u0153ur \u00e0 C\u0153ur \u2013 Vari\u00e9t\u00e9 fran\u00e7aise<\/div>\n<\/div>\n<\/div>\n<div class=\"focusSentinel\" tabindex=\"0\" aria-hidden=\"true\"><\/div>\n<div class=\"focusSentinel\" tabindex=\"0\" aria-hidden=\"true\"><\/div>\n<div class=\"focusSentinel\" tabindex=\"0\" aria-hidden=\"true\"><\/div>\n<\/div>\n<div id=\"uLEOKb\" class=\"A6K0A z4oRIf\" data-rpos=\"4\" data-rrhs=\"1\">\n<div class=\"focusSentinel\" tabindex=\"0\" aria-hidden=\"true\"><\/div>\n<div class=\"focusSentinel\" tabindex=\"0\" aria-hidden=\"true\"><\/div>\n<div class=\"focusSentinel\" tabindex=\"0\" aria-hidden=\"true\"><\/div>\n<div class=\"focusSentinel\" tabindex=\"0\" aria-hidden=\"true\"><\/div>\n<div class=\"pxiwBd EyBRub\" data-kpid=\"vise:\/m\/037s3z\" data-hveid=\"CA0QAA\" data-ved=\"2ahUKEwi28vSll4uVAxUXKvsDHQ5_Ff4Q37gJKAB6BAgNEAA\">\n<div class=\"caNvfd\" data-sd-cp=\"caNvfd\">\n<div id=\"_1_MwavaqJ5fU7M8Pjv7V8A8_43\" class=\"e8Ck0d CYJS5e MXhHSe eN5DFc qgXkqf\" role=\"complementary\" data-ccm=\"2COL\" data-ly=\"\/vise\/finalizer_updated_layout\" data-rfcl2=\"2\" aria-label=\"S\u00e9lection de r\u00e9sultats\" data-nmc=\"2\">\n<div class=\"VNzqVe\">\n<div class=\"e6hL7d\">\n<div class=\"CYJS5e W0urI GHMsie o6dXvc\" data-minw=\"270\" data-vdb=\"1\" data-ved=\"2ahUKEwi28vSll4uVAxUXKvsDHQ5_Ff4QkooLKAB6BAgNEAE\" data-nohu=\"1\">\n<div class=\"v0UHue\" data-nohu=\"1\" data-sds-expandable=\"\" data-hveid=\"CA0QAg\" data-ved=\"2ahUKEwi28vSll4uVAxUXKvsDHQ5_Ff4QziB6BAgNEAI\">\n<div class=\"VelOt\">\n<div class=\"ISATce VmgTu QAokWb PZPZlf\" data-attrid=\"VisualDigestDescription\">\n<div id=\"_1_MwavaqJ5fU7M8Pjv7V8A8_56\" class=\"G0maxb zpzIMb pOOWX GFuwIf d5wodd\" data-a=\"0\" data-owe=\"true\"><\/div>\n<\/div>\n<\/div>\n<\/div>\n<\/div>\n<\/div>\n<\/div>\n<\/div>\n<\/div>\n<\/div>\n<\/div>\n","protected":false},"excerpt":{"rendered":"<p>Historique de la F\u00eate de la musique En octobre 1981, Jack Lang, ministre de la&#8230;<\/p>\n","protected":false},"author":1,"featured_media":1894,"comment_status":"open","ping_status":"closed","sticky":false,"template":"","format":"standard","meta":{"_jetpack_newsletter_access":"","_jetpack_dont_email_post_to_subs":false,"_jetpack_newsletter_tier_id":0,"_jetpack_memberships_contains_paywalled_content":false,"_jetpack_feature_clip_id":0,"_jetpack_memberships_contains_paid_content":false,"footnotes":"","jetpack_publicize_message":"","jetpack_publicize_feature_enabled":true,"jetpack_social_post_already_shared":true,"jetpack_social_options":{"image_generator_settings":{"template":"highway","default_image_id":0,"font":"","enabled":false},"version":2},"jetpack_post_was_ever_published":false},"categories":[741,228,926,925,11],"tags":[927],"class_list":["post-1893","post","type-post","status-publish","format-standard","has-post-thumbnail","hentry","category-741","category-concert","category-fete","category-fete-de-la-musique","category-musique","tag-fete-de-la-musique"],"jetpack_publicize_connections":[],"jetpack_sharing_enabled":true,"jetpack_featured_media_url":"https:\/\/www.laurensoff.com\/wordpress\/wp-content\/uploads\/2026\/06\/723240601_27072768762373756_7006178217869478348_n.jpg","_links":{"self":[{"href":"https:\/\/www.laurensoff.com\/wordpress\/wp-json\/wp\/v2\/posts\/1893","targetHints":{"allow":["GET"]}}],"collection":[{"href":"https:\/\/www.laurensoff.com\/wordpress\/wp-json\/wp\/v2\/posts"}],"about":[{"href":"https:\/\/www.laurensoff.com\/wordpress\/wp-json\/wp\/v2\/types\/post"}],"author":[{"embeddable":true,"href":"https:\/\/www.laurensoff.com\/wordpress\/wp-json\/wp\/v2\/users\/1"}],"replies":[{"embeddable":true,"href":"https:\/\/www.laurensoff.com\/wordpress\/wp-json\/wp\/v2\/comments?post=1893"}],"version-history":[{"count":4,"href":"https:\/\/www.laurensoff.com\/wordpress\/wp-json\/wp\/v2\/posts\/1893\/revisions"}],"predecessor-version":[{"id":1898,"href":"https:\/\/www.laurensoff.com\/wordpress\/wp-json\/wp\/v2\/posts\/1893\/revisions\/1898"}],"wp:featuredmedia":[{"embeddable":true,"href":"https:\/\/www.laurensoff.com\/wordpress\/wp-json\/wp\/v2\/media\/1894"}],"wp:attachment":[{"href":"https:\/\/www.laurensoff.com\/wordpress\/wp-json\/wp\/v2\/media?parent=1893"}],"wp:term":[{"taxonomy":"category","embeddable":true,"href":"https:\/\/www.laurensoff.com\/wordpress\/wp-json\/wp\/v2\/categories?post=1893"},{"taxonomy":"post_tag","embeddable":true,"href":"https:\/\/www.laurensoff.com\/wordpress\/wp-json\/wp\/v2\/tags?post=1893"}],"curies":[{"name":"wp","href":"https:\/\/api.w.org\/{rel}","templated":true}]}}