{"id":1890,"date":"2026-06-14T14:52:29","date_gmt":"2026-06-14T13:52:29","guid":{"rendered":"https:\/\/www.laurensoff.com\/wordpress\/?p=1890"},"modified":"2026-06-14T14:52:29","modified_gmt":"2026-06-14T13:52:29","slug":"culture-et-securite-le-salvador-est-le-pays-le-plus-securise-du-monde","status":"publish","type":"post","link":"https:\/\/www.laurensoff.com\/wordpress\/culture-et-securite-le-salvador-est-le-pays-le-plus-securise-du-monde\/","title":{"rendered":"La culture et la s\u00e9curit\u00e9 le Salvador est le \u00ab pays le plus s\u00e9curis\u00e9 du monde \u00bb"},"content":{"rendered":"<p data-path-to-node=\"0\">Dire que le Salvador est le \u00ab pays le plus s\u00e9curis\u00e9 du monde \u00bb est une affirmation <b data-path-to-node=\"0\" data-index-in-node=\"83\">exag\u00e9r\u00e9e<\/b>, mais elle repose sur un virage historique bien r\u00e9el.<\/p>\n<p data-path-to-node=\"1\"><span class=\"citation-47 citation-end-47\">Il y a encore quelques ann\u00e9es, le Salvador affichait l&rsquo;un des taux d&rsquo;homicide les plus \u00e9lev\u00e9s de la plan\u00e8te hors zone de guerre.<\/span> <span class=\"citation-46\">Aujourd&rsquo;hui, les statistiques ont radicalement chut\u00e9, transformant le pays en l&rsquo;une des zones les plus s\u00fbres <\/span><i data-path-to-node=\"1\" data-index-in-node=\"238\"><span class=\"citation-46\">des Am\u00e9riques<\/span><\/i><span class=\"citation-46 citation-end-46\">, au coude-\u00e0-coude avec le Canada.<\/span><\/p>\n<div class=\"source-inline-chip-container luminous-sources hide-from-message-actions ng-star-inserted\">\n<div class=\"source-label-container gds-body-s ng-star-inserted\" dir=\"ltr\"><bdi class=\"source-title\">Wikip\u00e9dia<\/bdi><span class=\"source-count ng-star-inserted\" dir=\"ltr\">+\u00a01<\/span><\/div>\n<\/div>\n<p data-path-to-node=\"2\">Cependant, \u00e0 l&rsquo;\u00e9chelle mondiale, des pays comme le Japon, Singapour ou l&rsquo;Islande restent loin devant en mati\u00e8re de s\u00e9curit\u00e9 globale et de stabilit\u00e9. Au-del\u00e0 des chiffres, cette transformation salvadorienne s&rsquo;est faite \u00e0 un prix politique et humain tr\u00e8s lourd.<\/p>\n<h2 data-path-to-node=\"4\"><span class=\"citation-45 citation-end-45\">Une chute spectaculaire de la criminalit\u00e9<\/span><\/h2>\n<p data-path-to-node=\"5\">Sous la pr\u00e9sidence de Nayib Bukele (\u00e9lu en 2019), le gouvernement a d\u00e9clar\u00e9 une guerre totale aux <i data-path-to-node=\"5\" data-index-in-node=\"98\">maras<\/i> (les gangs ultra-violents MS-13 et Barrio 18 qui contr\u00f4laient le pays).<\/p>\n<ul data-path-to-node=\"6\">\n<li>\n<p data-path-to-node=\"6,0,0\"><b data-path-to-node=\"6,0,0\" data-index-in-node=\"0\">L&rsquo;effondrement des homicides :<\/b> Le taux d&rsquo;homicides est pass\u00e9 de plus de 87 pour 100 000 habitants en 2015 \u00e0 moins de 3 pour 100 000 ces derni\u00e8res ann\u00e9es.<\/p>\n<\/li>\n<li>\n<p data-path-to-node=\"6,1,0\"><b data-path-to-node=\"6,1,0\" data-index-in-node=\"0\">Le quotidien transform\u00e9 :<\/b> Le racket g\u00e9n\u00e9ralis\u00e9 a presque disparu. Les habitants des quartiers populaires et les commer\u00e7ants, qui vivaient sous la terreur constante et l&rsquo;extorsion, peuvent \u00e0 nouveau marcher dans la rue et ouvrir leurs boutiques sans craindre pour leur vie. Le tourisme est d&rsquo;ailleurs en pleine expansion.<\/p>\n<\/li>\n<\/ul>\n<h2 data-path-to-node=\"7\">L&rsquo;envers du d\u00e9cor : le prix des libert\u00e9s<\/h2>\n<p data-path-to-node=\"8\">Si le sentiment de s\u00e9curit\u00e9 est ind\u00e9niable, qualifier le pays de \u00ab havre de paix \u00bb occulte la m\u00e9thode employ\u00e9e, qualifi\u00e9e d&rsquo;autoritaire par les observateurs internationaux :<\/p>\n<ul data-path-to-node=\"9\">\n<li>\n<p data-path-to-node=\"9,0,0\"><b data-path-to-node=\"9,0,0\" data-index-in-node=\"0\"><span class=\"citation-44 citation-end-44\">L&rsquo;\u00e9tat d&rsquo;exception permanent :<\/span><\/b> <span class=\"citation-43 citation-end-43\">Depuis mars 2022, le pays vit sous un r\u00e9gime d&rsquo;exception qui suspend plusieurs droits constitutionnels.<\/span> <span class=\"citation-42 citation-end-42\">Les forces de l&rsquo;ordre peuvent arr\u00eater n&rsquo;importe qui sans mandat et prolonger la garde \u00e0 vue sans l&rsquo;intervention d&rsquo;un juge.<\/span><\/p>\n<div class=\"source-inline-chip-container luminous-sources hide-from-message-actions ng-star-inserted\">\n<div class=\"source-label-container gds-body-s ng-star-inserted\" dir=\"ltr\"><bdi class=\"source-title\">France Diplomatie<\/bdi><span class=\"source-count ng-star-inserted\" dir=\"ltr\">+\u00a01<\/span><\/div>\n<\/div>\n<\/li>\n<li>\n<p data-path-to-node=\"9,1,0\"><b data-path-to-node=\"9,1,0\" data-index-in-node=\"0\"><span class=\"citation-41 citation-end-41\">Le record du monde des prisons :<\/span><\/b> <span class=\"citation-40 citation-end-40\">Plus de 80 000 personnes ont \u00e9t\u00e9 incarc\u00e9r\u00e9es.<\/span> Environ 2 % de la population adulte du pays se trouve aujourd&rsquo;hui derri\u00e8re les barreaux, souvent dans des m\u00e9ga-prisons de haute s\u00e9curit\u00e9 (comme le CECOT).<\/p>\n<div class=\"source-inline-chip-container luminous-sources hide-from-message-actions ng-star-inserted\">\n<div class=\"source-label-container gds-body-s ng-star-inserted\" dir=\"ltr\"><bdi class=\"source-title\">YouTube<\/bdi><span class=\"source-count ng-star-inserted\" dir=\"ltr\">+\u00a01<\/span><\/div>\n<\/div>\n<\/li>\n<li>\n<p data-path-to-node=\"9,2,0\"><b data-path-to-node=\"9,2,0\" data-index-in-node=\"0\"><span class=\"citation-39 citation-end-39\">Des d\u00e9rives majeures :<\/span><\/b> <span class=\"citation-38 citation-end-38\">Les ONG (Amnesty International, Human Rights Watch) d\u00e9noncent des milliers d&rsquo;arrestations arbitraires de citoyens innocents, des proc\u00e8s de masse sans v\u00e9ritable droit \u00e0 la d\u00e9fense, des cas de torture et des d\u00e9c\u00e8s suspects en d\u00e9tention.<\/span><\/p>\n<div class=\"source-inline-chip-container luminous-sources hide-from-message-actions ng-star-inserted\">\n<div class=\"source-label-container gds-body-s ng-star-inserted\" dir=\"ltr\"><bdi class=\"source-title\">Blogue CORIM<\/bdi><span class=\"source-count ng-star-inserted\" dir=\"ltr\">+\u00a01<\/span><\/div>\n<\/div>\n<\/li>\n<\/ul>\n<h2 data-path-to-node=\"10\"><span class=\"citation-37 citation-end-37\">Ce qu&rsquo;il faut en retenir<\/span><\/h2>\n<p data-path-to-node=\"11\">Le Salvador a r\u00e9ussi \u00e0 \u00e9radiquer la violence des gangs \u00e0 une vitesse in\u00e9dite, ce qui en fait aujourd&rsquo;hui un pays <b data-path-to-node=\"11\" data-index-in-node=\"113\">hautement s\u00e9curis\u00e9 sur le plan de la criminalit\u00e9 de rue<\/b>.<\/p>\n<p data-path-to-node=\"12\"><span class=\"citation-36 citation-end-36\">Pour autant, il n&rsquo;est pas le pays le plus s\u00fbr du monde.<\/span> Les minist\u00e8res des Affaires \u00e9trang\u00e8res occidentaux (dont la France ou le Canada) invitent toujours les voyageurs \u00e0 une grande prudence, non plus \u00e0 cause des gangs, mais en raison du risque de d\u00e9linquance opportuniste (vols) et, surtout, d&rsquo;une <b data-path-to-node=\"12\" data-index-in-node=\"299\">application arbitraire de la loi<\/b> par les autorit\u00e9s.<\/p>\n<div class=\"source-inline-chip-container luminous-sources hide-from-message-actions ng-star-inserted\">\n<div class=\"source-label-container gds-body-s ng-star-inserted\" dir=\"ltr\"><bdi class=\"source-title\">YouTube<\/bdi><\/div>\n<\/div>\n<p data-path-to-node=\"14\">Pour mieux comprendre les m\u00e9canismes de cette politique et l&rsquo;impact direct sur la population locale, vous pouvez regarder ce <a class=\"ng-star-inserted\" href=\"https:\/\/www.youtube.com\/watch?v=cIk7Kc53dnA\" target=\"_blank\" rel=\"noopener\" data-hveid=\"0\" data-ved=\"0CAAQ_4QMahgKEwivkOPv7oaVAxUAAAAAHQAAAAAQoAE\">Reportage d&rsquo;ARTE sur le mod\u00e8le s\u00e9curitaire du Salvador<\/a>. Cette enqu\u00eate explore le quotidien des habitants, le fonctionnement des m\u00e9ga-prisons et les d\u00e9rives li\u00e9es \u00e0 l&rsquo;absence d&rsquo;\u00c9tat de droit.<\/p>\n<p data-path-to-node=\"1\">Voici les chiffres et donn\u00e9es cl\u00e9s pour mieux situer le Salvador. C&rsquo;est un pays qui d\u00e9tient plusieurs particularit\u00e9s g\u00e9ographiques et \u00e9conomiques uniques en Am\u00e9rique centrale.<\/p>\n<div class=\"attachment-container search-images\"><\/div>\n<p>&nbsp;<\/p>\n<h2 data-path-to-node=\"3\"><span class=\"citation-147 citation-end-147\">\ud83d\udccd Situation g\u00e9og<\/span>raphique<\/h2>\n<p data-path-to-node=\"4\">Le Salvador se trouve en <b data-path-to-node=\"4\" data-index-in-node=\"25\">Am\u00e9rique centrale<\/b>. Comme on peut le voir sur la carte, il est coinc\u00e9 dans une position tr\u00e8s sp\u00e9cifique :<\/p>\n<ul data-path-to-node=\"5\">\n<li>\n<p data-path-to-node=\"5,0,0\"><b data-path-to-node=\"5,0,0\" data-index-in-node=\"0\">Limites :<\/b> Il poss\u00e8de une fronti\u00e8re avec le <b data-path-to-node=\"5,0,0\" data-index-in-node=\"43\">Guatemala<\/b> \u00e0 l&rsquo;ouest\/nord-ouest, et avec l&rsquo;<b data-path-to-node=\"5,0,0\" data-index-in-node=\"85\">Honduras<\/b> au nord et \u00e0 l&rsquo;est.<\/p>\n<\/li>\n<li>\n<p id=\"p-rc_88ece5af59e7c829-48\" data-path-to-node=\"5,1,0\"><b data-path-to-node=\"5,1,0\" data-index-in-node=\"0\">Fa\u00e7ade maritime :<\/b> C&rsquo;est le <b data-path-to-node=\"5,1,0\" data-index-in-node=\"27\">seul pays d&rsquo;Am\u00e9rique centrale \u00e0 ne pas avoir d&rsquo;acc\u00e8s \u00e0 la mer des Cara\u00efbes<\/b>. Il s&rsquo;ouvre exclusivement, sur<span class=\"citation-146 citation-end-146\"> toute sa c\u00f4te sud, sur l&rsquo;<\/span><b data-path-to-node=\"5,1,0\" data-index-in-node=\"158\">oc\u00e9an Pacifique<\/b>.<\/p>\n<\/li>\n<\/ul>\n<h2 data-path-to-node=\"7\">\ud83d\udcd0 Dimensions et territoire<\/h2>\n<p id=\"p-rc_88ece5af59e7c829-49\" data-path-to-node=\"8\">C\u2019est un <span class=\"citation-145 citation-end-145\">\u00ab\u00a0poche\u00a0\u00bb de terre <\/span>\u00e0<span class=\"citation-144 citation-end-144\"> l&rsquo;\u00e9chelle du co<\/span>ntinent am\u00e9ricain :<\/p>\n<ul data-path-to-node=\"9\">\n<li>\n<p id=\"p-rc_88ece5af59e7c829-50\" data-path-to-node=\"9,0,0\"><b data-path-to-node=\"9,0,0\" data-index-in-node=\"0\">Superficie :<\/b> <b data-path-to-node=\"9,0,0\" data-index-in-node=\"13\">20 720 <span class=\"math-inline\" data-math=\"km^2\" data-index-in-node=\"20\">$km^2$<\/span><\/b>. Pour vous donner une id\u00e9e, c\u2019est \u00e0 peine plus grand que la r\u00e9gion Provence<span class=\"citation-143 citation-end-143\">-Alpes-C\u00f4te d&rsquo;Azur, ou environ la taille de la Pi<\/span>cardie. C&rsquo;est le <b data-path-to-node=\"9,0,0\" data-index-in-node=\"166\"><span class=\"citation-142\">plus petit pays<\/span><\/b><span class=\"citation-142 citation-end-142\"> d&rsquo;Am\u00e9rique centrale.<\/span><\/p>\n<\/li>\n<li>\n<p id=\"p-rc_88ece5af59e7c829-51\" data-path-to-node=\"9,1,0\"><b data-path-to-node=\"9,1,0\" data-index-in-node=\"0\"><span class=\"citation-141\">Densit\u00e9 :<\/span><\/b><span class=\"citation-141 citation-end-141\"> En raison de sa petite taille, c&rsquo;est en revanche le pays le plus dens\u00e9ment peupl\u00e9<\/span> de sa r\u00e9gion, avec environ <b data-path-to-node=\"9,1,0\" data-index-in-node=\"119\">308 habitants<span class=\"citation-140 citation-end-140\"> au <\/span><span class=\"math-inline\" data-math=\"km^2\" data-index-in-node=\"136\">$km^2$<\/span><\/b><span class=\"citation-139 citation-end-139\">.<\/span><\/p>\n<\/li>\n<\/ul>\n<h2 data-path-to-node=\"11\"><span class=\"citation-138 citation-end-138\">\ud83d\udc65<\/span><span class=\"citation-137 citation-end-137\"> Population et d\u00e9mographie<\/span><\/h2>\n<ul data-path-to-node=\"12\">\n<li>\n<p id=\"p-rc_88ece5af59e7c829-52\" data-path-to-node=\"12,0,0\"><b data-path-to-node=\"12,0,0\" data-index-in-node=\"0\"><span class=\"citation-136\">Nombre d&rsquo;habitants :<\/span><\/b><span class=\"citation-136 citation-end-136\"> La popula<\/span>tio<span class=\"citation-135 citation-end-135\">n est estim\u00e9e \u00e0 <\/span>e<span class=\"citation-134\">nviron <\/span><b data-path-to-node=\"12,0,0\" data-index-in-node=\"57\"><span class=\"citation-134\">6,4 millions d&rsquo;habitants<\/span><\/b><span class=\"citation-134 citation-end-134\">.<\/span><\/p>\n<\/li>\n<li>\n<p id=\"p-rc_88ece5af59e7c829-53\" data-path-to-node=\"12,1,0\"><b data-path-to-node=\"12,1,0\" data-index-in-node=\"0\"><span class=\"citation-133 citation-end-133\">Urbani<\/span>sation :<\/b> La population est tr\u00e8s urbaine (plus de 80 %). La capitale et plus grande ville est <b data-path-to-node=\"12,1,0\" data-index-in-node=\"99\">San Salvador<\/b><span class=\"citation-132 citation-end-132\">, qui regroupe une<\/span> <span class=\"citation-131 citation-end-131\">part majeure de l&rsquo;activit\u00e9 du pays.<\/span><\/p>\n<\/li>\n<li>\n<p id=\"p-rc_88ece5af59e7c829-54\" data-path-to-node=\"12,2,0\"><b data-path-to-node=\"12,2,0\" data-index-in-node=\"0\"><span class=\"citation-130\">\u00c2ge m\u00e9dian :<\/span><\/b><span class=\"citation-130 citation-end-130\"> La population reste relativement jeune avec un \u00e2ge <\/span>m\u00e9dian de <b data-path-to-node=\"12,2,0\" data-index-in-node=\"74\">28,4 ans<\/b> (contre environ 42 ans en France).<\/p>\n<\/li>\n<\/ul>\n<h2 data-path-to-node=\"14\">\ud83d\udcb0 \u00c9conomie et particularit\u00e9s<\/h2>\n<p id=\"p-rc_88ece5af59e7c829-55\" data-path-to-node=\"15\">Le Salvador se <span class=\"citation-129 citation-end-129\">distingue<\/span> <span class=\"citation-128 citation-end-128\">par des choix \u00e9conomiques tr\u00e8s singuliers :<\/span><\/p>\n<ul data-path-to-node=\"16\">\n<li>\n<p id=\"p-rc_88ece5af59e7c829-56\" data-path-to-node=\"16,0,0\"><b data-path-to-node=\"16,0,0\" data-index-in-node=\"0\"><span class=\"citation-127\">PIB :<\/span><\/b><span class=\"citation-127\"> Son Produit Int\u00e9rieur Brut s&rsquo;\u00e9l\u00e8ve \u00e0 environ <\/span><b data-path-to-node=\"16,0,0\" data-index-in-node=\"51\"><span class=\"citation-127 citation-end-127\">39,8 milliards de dollars<\/span><\/b>, a<span class=\"citation-126 citation-end-126\">vec un PIB par habitant d&rsquo;envi<\/span>ron 6 200 dollars par an.<\/p>\n<\/li>\n<li>\n<p data-path-to-node=\"16,1,0\"><b data-path-to-node=\"16,1,0\" data-index-in-node=\"0\">Les monnaies officielles :<\/b> Le pays n&rsquo;a plus de monnaie nationale propre (le col\u00f3n a \u00e9t\u00e9 abandonn\u00e9). Il utilise le <b data-path-to-node=\"16,1,0\" data-index-in-node=\"114\">dollar am\u00e9ricain (USD)<\/b> comme monnaie l\u00e9gale. De plus, en 2021, le Salvador est devenu le tout premier pays au monde \u00e0 adopter le <b data-path-to-node=\"16,1,0\" data-index-in-node=\"243\">Bitcoin<\/b> comme monnaie officielle aux c\u00f4t\u00e9s du dollar.<\/p>\n<\/li>\n<li>\n<p data-path-to-node=\"16,2,0\"><b data-path-to-node=\"16,2,0\" data-index-in-node=\"0\">L&rsquo;importance de la diaspora :<\/b> L&rsquo;\u00e9conomie d\u00e9pend \u00e9norm\u00e9ment des <i data-path-to-node=\"16,2,0\" data-index-in-node=\"63\">remesas<\/i>, c&rsquo;est-\u00e0-dire l&rsquo;argent que les Salvadoriens expatri\u00e9s (notamment aux \u00c9tats-Unis) renvoient \u00e0 leur famille rest\u00e9e au pays. Cela repr\u00e9sente pr\u00e8s de <b data-path-to-node=\"16,2,0\" data-index-in-node=\"217\">24 % du PIB<\/b> national.<\/p>\n<\/li>\n<\/ul>\n","protected":false},"excerpt":{"rendered":"<p>Dire que le Salvador est le \u00ab pays le plus s\u00e9curis\u00e9 du monde \u00bb est&#8230;<\/p>\n","protected":false},"author":1,"featured_media":1891,"comment_status":"open","ping_status":"closed","sticky":false,"template":"","format":"standard","meta":{"_jetpack_newsletter_access":"","_jetpack_dont_email_post_to_subs":false,"_jetpack_newsletter_tier_id":0,"_jetpack_memberships_contains_paywalled_content":false,"_jetpack_feature_clip_id":0,"_jetpack_memberships_contains_paid_content":false,"footnotes":"","jetpack_publicize_message":"","jetpack_publicize_feature_enabled":true,"jetpack_social_post_already_shared":true,"jetpack_social_options":{"image_generator_settings":{"template":"highway","default_image_id":0,"font":"","enabled":false},"version":2},"jetpack_post_was_ever_published":false},"categories":[741,797,622,922,924,923],"tags":[],"class_list":["post-1890","post","type-post","status-publish","format-standard","has-post-thumbnail","hentry","category-741","category-alcool-","category-discussion","category-drogue","category-gangs","category-trafics"],"jetpack_publicize_connections":[],"jetpack_sharing_enabled":true,"jetpack_featured_media_url":"https:\/\/www.laurensoff.com\/wordpress\/wp-content\/uploads\/2026\/06\/images-2.jpg","_links":{"self":[{"href":"https:\/\/www.laurensoff.com\/wordpress\/wp-json\/wp\/v2\/posts\/1890","targetHints":{"allow":["GET"]}}],"collection":[{"href":"https:\/\/www.laurensoff.com\/wordpress\/wp-json\/wp\/v2\/posts"}],"about":[{"href":"https:\/\/www.laurensoff.com\/wordpress\/wp-json\/wp\/v2\/types\/post"}],"author":[{"embeddable":true,"href":"https:\/\/www.laurensoff.com\/wordpress\/wp-json\/wp\/v2\/users\/1"}],"replies":[{"embeddable":true,"href":"https:\/\/www.laurensoff.com\/wordpress\/wp-json\/wp\/v2\/comments?post=1890"}],"version-history":[{"count":1,"href":"https:\/\/www.laurensoff.com\/wordpress\/wp-json\/wp\/v2\/posts\/1890\/revisions"}],"predecessor-version":[{"id":1892,"href":"https:\/\/www.laurensoff.com\/wordpress\/wp-json\/wp\/v2\/posts\/1890\/revisions\/1892"}],"wp:featuredmedia":[{"embeddable":true,"href":"https:\/\/www.laurensoff.com\/wordpress\/wp-json\/wp\/v2\/media\/1891"}],"wp:attachment":[{"href":"https:\/\/www.laurensoff.com\/wordpress\/wp-json\/wp\/v2\/media?parent=1890"}],"wp:term":[{"taxonomy":"category","embeddable":true,"href":"https:\/\/www.laurensoff.com\/wordpress\/wp-json\/wp\/v2\/categories?post=1890"},{"taxonomy":"post_tag","embeddable":true,"href":"https:\/\/www.laurensoff.com\/wordpress\/wp-json\/wp\/v2\/tags?post=1890"}],"curies":[{"name":"wp","href":"https:\/\/api.w.org\/{rel}","templated":true}]}}