{"id":1709,"date":"2026-04-22T19:17:36","date_gmt":"2026-04-22T18:17:36","guid":{"rendered":"https:\/\/www.laurensoff.com\/wordpress\/?p=1709"},"modified":"2026-04-22T19:21:05","modified_gmt":"2026-04-22T18:21:05","slug":"il-y-a-35-ans-le-film-emblematique-thelma-et-louise-de-ridley-scott-etait-presente-en-avant-premiere-mondiale-a-cannes","status":"publish","type":"post","link":"https:\/\/www.laurensoff.com\/wordpress\/il-y-a-35-ans-le-film-emblematique-thelma-et-louise-de-ridley-scott-etait-presente-en-avant-premiere-mondiale-a-cannes\/","title":{"rendered":"Il y a 35 ans, le film embl\u00e9matique Thelma et Louise de Ridley Scott \u00e9tait pr\u00e9sent\u00e9 en avant-premi\u00e8re mondiale \u00e0 Cannes"},"content":{"rendered":"<div class=\"html-div xdj266r x14z9mp xat24cr x1lziwak xexx8yu xyri2b x18d9i69 x1c1uobl\">\n<div class=\"html-div xdj266r x14z9mp xat24cr x1lziwak xexx8yu xyri2b x18d9i69 x1c1uobl\" dir=\"auto\">\n<div class=\"html-div xdj266r x14z9mp xat24cr x1lziwak xexx8yu xyri2b x18d9i69 x1c1uobl\" data-ad-rendering-role=\"story_message\">\n<div class=\"x1l90r2v x1iorvi4 x1g0dm76 xpdmqnj\" data-ad-comet-preview=\"message\" data-ad-preview=\"message\">\n<div class=\"x78zum5 xdt5ytf xz62fqu x16ldp7u\">\n<div class=\"xu06os2 x1ok221b\">\n<div class=\"html-div xdj266r x14z9mp xat24cr x1lziwak xexx8yu xyri2b x18d9i69 x1c1uobl\">\n<div class=\"xdj266r x14z9mp xat24cr x1lziwak x1vvkbs x126k92a\">\n<div dir=\"auto\">Il y a 35 ans, le film embl\u00e9matique Thelma et Louise de Ridley Scott \u00e9tait pr\u00e9sent\u00e9 en avant-premi\u00e8re mondiale \u00e0 Cannes, le 20 mai 1991. Aujourd&rsquo;hui, Geena Davis et Susan Sarandon reviennent en h\u00e9ro\u00efnes de l&rsquo;affiche officielle.<\/div>\n<\/div>\n<div class=\"x14z9mp xat24cr x1lziwak x1vvkbs xtlvy1s x126k92a\">\n<div dir=\"auto\">Ces deux combattantes inoubliables ont renvers\u00e9 la table et fait voler en \u00e9clats quelques st\u00e9r\u00e9otypes cin\u00e9matographiques et politiques ; elles ont incarn\u00e9 la libert\u00e9 absolue et l\u2019amiti\u00e9 ind\u00e9fectible ; elles ont montr\u00e9 la voie de l\u2019\u00e9mancipation quand elle devient vitale. S\u2019en souvenir aujourd\u2019hui, c\u2019est c\u00e9l\u00e9brer le chemin parcouru, sans pour autant ignorer celui qu\u2019il reste \u00e0 faire.<\/div>\n<\/div>\n<div class=\"x14z9mp xat24cr x1lziwak x1vvkbs xtlvy1s x126k92a\">\n<div dir=\"auto\"><span class=\"html-span xexx8yu xyri2b x18d9i69 x1c1uobl x1hl2dhg x16tdsg8 x1vvkbs x3nfvp2 x1j61x8r x1fcty0u xdj266r xat24cr xm2jcoa x1mpyi22 xxymvpz xlup9mm x1kky2od\"><img loading=\"lazy\" decoding=\"async\" class=\"xz74otr x15mokao x1ga7v0g x16uus16 xbiv7yw\" src=\"https:\/\/static.xx.fbcdn.net\/images\/emoji.php\/v9\/t51\/1\/16\/1f449.png\" alt=\"\ud83d\udc49\" width=\"16\" height=\"16\" \/><\/span> Plus d&rsquo;infos juste ici : <span class=\"html-span xdj266r x14z9mp xat24cr x1lziwak xexx8yu xyri2b x18d9i69 x1c1uobl x1hl2dhg x16tdsg8 x1vvkbs\"><a class=\"x1i10hfl xjbqb8w x1ejq31n x18oe1m7 x1sy0etr xstzfhl x972fbf x10w94by x1qhh985 x14e42zd x9f619 x1ypdohk xt0psk2 x3ct3a4 xdj266r x14z9mp xat24cr x1lziwak xexx8yu xyri2b x18d9i69 x1c1uobl x16tdsg8 x1hl2dhg xggy1nq x1a2a7pz xkrqix3 x1sur9pj x1fey0fg x1s688f\" tabindex=\"0\" role=\"link\" href=\"https:\/\/f.mtr.cool\/mfcnzqivmw?fbclid=IwZXh0bgNhZW0CMTAAYnJpZBEwcUdaUGF3M0xuN0FSVk1NQXNydGMGYXBwX2lkEDIyMjAzOTE3ODgyMDA4OTIAAR6fyyEqrPYDn9HwdRRWlLcw-jdCDE4VAz2Ehi2D1GA9zge2Zh74dP3olwrCVA_aem_FQfgZsJxkSJ6MMRVUu84eA\" target=\"_blank\" rel=\"nofollow noopener noreferrer\">https:\/\/f.mtr.cool\/mfcnzqivmw<\/a><\/span><\/div>\n<div dir=\"auto\">&#8211;<\/div>\n<\/div>\n<div class=\"x14z9mp xat24cr x1lziwak x1vvkbs xtlvy1s x126k92a\">\n<div dir=\"auto\">35 years ago, the iconic film Thelma and Louise by Ridley Scott had its world premiere at Cannes on 20 May 1991. Today, Geena Davis and Susan Sarandon return as heroines of the official poster.<\/div>\n<\/div>\n<div class=\"x14z9mp xat24cr x1lziwak x1vvkbs xtlvy1s x126k92a\">\n<div dir=\"auto\">These two unforgettable fighters toppled the table and shattered some cinematic and political stereotypes; they embodied absolute freedom and unwavering friendship; they showed the way to emancipation when it becomes vital. To remember it today is to celebrate the progress made, without ignoring what remains to be done.<\/div>\n<\/div>\n<div class=\"x14z9mp xat24cr x1lziwak x1vvkbs xtlvy1s x126k92a\">\n<div dir=\"auto\"><span class=\"html-span xexx8yu xyri2b x18d9i69 x1c1uobl x1hl2dhg x16tdsg8 x1vvkbs x3nfvp2 x1j61x8r x1fcty0u xdj266r xat24cr xm2jcoa x1mpyi22 xxymvpz xlup9mm x1kky2od\"><img loading=\"lazy\" decoding=\"async\" class=\"xz74otr x15mokao x1ga7v0g x16uus16 xbiv7yw\" src=\"https:\/\/static.xx.fbcdn.net\/images\/emoji.php\/v9\/t51\/1\/16\/1f449.png\" alt=\"\ud83d\udc49\" width=\"16\" height=\"16\" \/><\/span> Learn more: <span class=\"html-span xdj266r x14z9mp xat24cr x1lziwak xexx8yu xyri2b x18d9i69 x1c1uobl x1hl2dhg x16tdsg8 x1vvkbs\"><a class=\"x1i10hfl xjbqb8w x1ejq31n x18oe1m7 x1sy0etr xstzfhl x972fbf x10w94by x1qhh985 x14e42zd x9f619 x1ypdohk xt0psk2 x3ct3a4 xdj266r x14z9mp xat24cr x1lziwak xexx8yu xyri2b x18d9i69 x1c1uobl x16tdsg8 x1hl2dhg xggy1nq x1a2a7pz xkrqix3 x1sur9pj x1fey0fg x1s688f\" tabindex=\"0\" role=\"link\" href=\"https:\/\/f.mtr.cool\/dnxmkbveoa?fbclid=IwZXh0bgNhZW0CMTAAYnJpZBEwcUdaUGF3M0xuN0FSVk1NQXNydGMGYXBwX2lkEDIyMjAzOTE3ODgyMDA4OTIAAR6aoaaOzKA2zY97diG7L0Nr9kznoEs_5onEnTxtAddIy2Q3W1bfW1QAFD9TWA_aem_ZbfaN-sVx9DBWiah41x2Aw\" target=\"_blank\" rel=\"nofollow noopener noreferrer\">https:\/\/f.mtr.cool\/dnxmkbveoa<\/a><\/span><\/div>\n<\/div>\n<div class=\"x14z9mp xat24cr x1lziwak x1vvkbs xtlvy1s x126k92a\">\n<div dir=\"auto\"><span class=\"html-span xexx8yu xyri2b x18d9i69 x1c1uobl x1hl2dhg x16tdsg8 x1vvkbs x3nfvp2 x1j61x8r x1fcty0u xdj266r xat24cr xm2jcoa x1mpyi22 xxymvpz xlup9mm x1kky2od\"><img loading=\"lazy\" decoding=\"async\" class=\"xz74otr x15mokao x1ga7v0g x16uus16 xbiv7yw\" src=\"https:\/\/static.xx.fbcdn.net\/images\/emoji.php\/v9\/t5d\/1\/16\/1f4f7.png\" alt=\"\ud83d\udcf7\" width=\"16\" height=\"16\" \/><\/span> Photo Roland Neveu, sur le plateau de Thelma et Louise (Ridley Scott, 1991) \u00a9 MGM Studios \/ Cr\u00e9ation graphique \u00a9 Hartland Villa<\/div>\n<\/div>\n<\/div>\n<\/div>\n<\/div>\n<\/div>\n<\/div>\n<\/div>\n<div class=\"html-div xdj266r x14z9mp xat24cr x1lziwak xexx8yu xyri2b x18d9i69 x1c1uobl x1n2onr6\">\n<div class=\"html-div xdj266r x14z9mp xat24cr x1lziwak xexx8yu xyri2b x18d9i69 x1c1uobl x1n2onr6\"><\/div>\n<div class=\"html-div xdj266r x14z9mp xat24cr x1lziwak xexx8yu xyri2b x18d9i69 x1c1uobl x6ikm8r x10wlt62\"><\/div>\n<\/div>\n<\/div>\n<div>\n<div class=\"xabvvm4 xeyy32k x1ia1hqs x1a2w583 x6ikm8r x10wlt62\" data-visualcompletion=\"ignore-dynamic\">\n<div>\n<div>\n<div>\n<div class=\"xn3w4p2 x1gslohp\">\n<div class=\"x9f619 x1ja2u2z x78zum5 x2lah0s x1n2onr6 x1qughib x6s0dn4 xozqiw3 x1q0g3np x11lfxj5 x135b78x x18d9i69 xexx8yu x4cne27 xifccgj\">\n<div class=\"x9f619 x1n2onr6 x1ja2u2z x78zum5 xdt5ytf x2lah0s x193iq5w xeuugli x10b6aqq x1yrsyyn\"><\/div>\n<div class=\"x9f619 x1n2onr6 x1ja2u2z x78zum5 xdt5ytf x2lah0s x193iq5w xeuugli x10b6aqq x1yrsyyn\"><\/div>\n<div class=\"x9f619 x1n2onr6 x1ja2u2z x78zum5 xdt5ytf x2lah0s x193iq5w xeuugli x10b6aqq x1yrsyyn\"><\/div>\n<\/div>\n<\/div>\n<\/div>\n<\/div>\n<\/div>\n<\/div>\n<\/div>\n","protected":false},"excerpt":{"rendered":"<p>Il y a 35 ans, le film embl\u00e9matique Thelma et Louise de Ridley Scott \u00e9tait&#8230;<\/p>\n","protected":false},"author":1,"featured_media":1710,"comment_status":"open","ping_status":"closed","sticky":false,"template":"","format":"standard","meta":{"_bbp_topic_count":0,"_bbp_reply_count":0,"_bbp_total_topic_count":0,"_bbp_total_reply_count":0,"_bbp_voice_count":0,"_bbp_anonymous_reply_count":0,"_bbp_topic_count_hidden":0,"_bbp_reply_count_hidden":0,"_bbp_forum_subforum_count":0,"_crdt_document":"","_jetpack_memberships_contains_paid_content":false,"footnotes":"","jetpack_publicize_message":"","jetpack_publicize_feature_enabled":true,"jetpack_social_post_already_shared":true,"jetpack_social_options":{"image_generator_settings":{"template":"highway","default_image_id":0,"font":"","enabled":false},"version":2}},"categories":[741,643,361,5,644,86],"tags":[],"class_list":["post-1709","post","type-post","status-publish","format-standard","has-post-thumbnail","hentry","category-741","category-agenda","category-cannes","category-cinema","category-culture","category-festival"],"jetpack_publicize_connections":[],"jetpack_featured_media_url":"https:\/\/www.laurensoff.com\/wordpress\/wp-content\/uploads\/2026\/04\/676078748_1519368056420720_3937780878471714902_n.jpg","jetpack_sharing_enabled":true,"_links":{"self":[{"href":"https:\/\/www.laurensoff.com\/wordpress\/wp-json\/wp\/v2\/posts\/1709","targetHints":{"allow":["GET"]}}],"collection":[{"href":"https:\/\/www.laurensoff.com\/wordpress\/wp-json\/wp\/v2\/posts"}],"about":[{"href":"https:\/\/www.laurensoff.com\/wordpress\/wp-json\/wp\/v2\/types\/post"}],"author":[{"embeddable":true,"href":"https:\/\/www.laurensoff.com\/wordpress\/wp-json\/wp\/v2\/users\/1"}],"replies":[{"embeddable":true,"href":"https:\/\/www.laurensoff.com\/wordpress\/wp-json\/wp\/v2\/comments?post=1709"}],"version-history":[{"count":1,"href":"https:\/\/www.laurensoff.com\/wordpress\/wp-json\/wp\/v2\/posts\/1709\/revisions"}],"predecessor-version":[{"id":1711,"href":"https:\/\/www.laurensoff.com\/wordpress\/wp-json\/wp\/v2\/posts\/1709\/revisions\/1711"}],"wp:featuredmedia":[{"embeddable":true,"href":"https:\/\/www.laurensoff.com\/wordpress\/wp-json\/wp\/v2\/media\/1710"}],"wp:attachment":[{"href":"https:\/\/www.laurensoff.com\/wordpress\/wp-json\/wp\/v2\/media?parent=1709"}],"wp:term":[{"taxonomy":"category","embeddable":true,"href":"https:\/\/www.laurensoff.com\/wordpress\/wp-json\/wp\/v2\/categories?post=1709"},{"taxonomy":"post_tag","embeddable":true,"href":"https:\/\/www.laurensoff.com\/wordpress\/wp-json\/wp\/v2\/tags?post=1709"}],"curies":[{"name":"wp","href":"https:\/\/api.w.org\/{rel}","templated":true}]}}