{"id":1705,"date":"2026-04-20T15:06:00","date_gmt":"2026-04-20T14:06:00","guid":{"rendered":"https:\/\/www.laurensoff.com\/wordpress\/?p=1705"},"modified":"2026-04-20T15:06:00","modified_gmt":"2026-04-20T14:06:00","slug":"tv-sud-medias-traditionnels-dinformation-a-marseille-et-region-sud-paca-corse-tvsud","status":"publish","type":"post","link":"https:\/\/www.laurensoff.com\/wordpress\/tv-sud-medias-traditionnels-dinformation-a-marseille-et-region-sud-paca-corse-tvsud\/","title":{"rendered":"TV SUD M\u00e9dias traditionnels dinformation \u00e0 Marseille et r\u00e9gion sud paca corse TVSUD"},"content":{"rendered":"<p><strong>T\u00e9l\u00e9visions et Web TV du coin 13 06 83 04 05 84.<\/strong><\/p>\n<ol>\n<li><strong>France 3 Provence-Alpes.<\/strong><\/li>\n<li><strong>TV SUD. <\/strong>sur les r\u00e9seaux sociaux. <a href=\"https:\/\/laurensoff.com\/\">https:\/\/laurensoff.com\/<\/a><\/li>\n<li><strong>BFMTV<\/strong>. Offres <em>Canal<\/em> sur Satellite, SFR sur le c\u00e2ble et Free par ADSL.<\/li>\n<li>R\u00e9ception des cha\u00eenes <strong>TNT<\/strong>.<\/li>\n<li><strong>Sites d\u2019\u00e9missions<\/strong>.\n<ol>\n<li><strong>La Grande \u00c9toile<\/strong>. <em>Simiane-Collongue<\/em>. TDF, multiplexes\u00a0R1,\u00a0R2,\u00a0R3,\u00a0R4,\u00a0R7\u00a0et Itas Tim, multiplex\u00a0R613.<\/li>\n<li><strong>\u00cele de\u00a0Pom\u00e8gues<\/strong>.\u00a0<em>Marseille<\/em> 1er. TDF, multiplexes\u00a0R1,\u00a0R2,\u00a0R3,\u00a0R4,\u00a0R7\u00a0et Itas Tim, multiplex\u00a0R7.<\/li>\n<li><strong>La Milli\u00e8re<\/strong>. <em>Marseille<\/em> <em>11\u00e8me<\/em>\u00a0(Est),\u00a0TDF, tous les multiplexes.<\/li>\n<li><strong>Super Rouvi\u00e8re<\/strong>. <em>Vaufr\u00e8ges<\/em>. Marseille 4\u00e8me\u00a0(Sud),\u00a0TDF, tous les multiplexes.<\/li>\n<\/ol>\n<\/li>\n<\/ol>\n<p><img loading=\"lazy\" decoding=\"async\" class=\"alignnone  wp-image-1421\" src=\"https:\/\/www.laurensoff.com\/wordpress\/wp-content\/uploads\/2026\/01\/610819465_865203516502469_6342128885940132889_n.jpg\" alt=\"\" width=\"277\" height=\"277\" srcset=\"https:\/\/www.laurensoff.com\/wordpress\/wp-content\/uploads\/2026\/01\/610819465_865203516502469_6342128885940132889_n.jpg 1024w, https:\/\/www.laurensoff.com\/wordpress\/wp-content\/uploads\/2026\/01\/610819465_865203516502469_6342128885940132889_n-300x300.jpg 300w, https:\/\/www.laurensoff.com\/wordpress\/wp-content\/uploads\/2026\/01\/610819465_865203516502469_6342128885940132889_n-150x150.jpg 150w, https:\/\/www.laurensoff.com\/wordpress\/wp-content\/uploads\/2026\/01\/610819465_865203516502469_6342128885940132889_n-768x768.jpg 768w, https:\/\/www.laurensoff.com\/wordpress\/wp-content\/uploads\/2026\/01\/610819465_865203516502469_6342128885940132889_n-600x600.jpg 600w, https:\/\/www.laurensoff.com\/wordpress\/wp-content\/uploads\/2026\/01\/610819465_865203516502469_6342128885940132889_n-100x100.jpg 100w\" sizes=\"auto, (max-width: 277px) 100vw, 277px\" \/><\/p>\n","protected":false},"excerpt":{"rendered":"<p>T\u00e9l\u00e9visions et Web TV du coin 13 06 83 04 05 84. France 3 Provence-Alpes&#8230;.<\/p>\n","protected":false},"author":1,"featured_media":1706,"comment_status":"open","ping_status":"closed","sticky":false,"template":"","format":"standard","meta":{"_bbp_topic_count":0,"_bbp_reply_count":0,"_bbp_total_topic_count":0,"_bbp_total_reply_count":0,"_bbp_voice_count":0,"_bbp_anonymous_reply_count":0,"_bbp_topic_count_hidden":0,"_bbp_reply_count_hidden":0,"_bbp_forum_subforum_count":0,"_crdt_document":"","_jetpack_memberships_contains_paid_content":false,"footnotes":"","jetpack_publicize_message":"","jetpack_publicize_feature_enabled":true,"jetpack_social_post_already_shared":true,"jetpack_social_options":{"image_generator_settings":{"template":"highway","default_image_id":0,"font":"","enabled":false},"version":2}},"categories":[741,643,622,483,619,6],"tags":[],"class_list":["post-1705","post","type-post","status-publish","format-standard","has-post-thumbnail","hentry","category-741","category-agenda","category-discussion","category-documentaire","category-tchat","category-tv"],"jetpack_publicize_connections":[],"jetpack_featured_media_url":"https:\/\/www.laurensoff.com\/wordpress\/wp-content\/uploads\/2026\/04\/banniere-radio-1536x838-1.jpg","jetpack_sharing_enabled":true,"_links":{"self":[{"href":"https:\/\/www.laurensoff.com\/wordpress\/wp-json\/wp\/v2\/posts\/1705","targetHints":{"allow":["GET"]}}],"collection":[{"href":"https:\/\/www.laurensoff.com\/wordpress\/wp-json\/wp\/v2\/posts"}],"about":[{"href":"https:\/\/www.laurensoff.com\/wordpress\/wp-json\/wp\/v2\/types\/post"}],"author":[{"embeddable":true,"href":"https:\/\/www.laurensoff.com\/wordpress\/wp-json\/wp\/v2\/users\/1"}],"replies":[{"embeddable":true,"href":"https:\/\/www.laurensoff.com\/wordpress\/wp-json\/wp\/v2\/comments?post=1705"}],"version-history":[{"count":1,"href":"https:\/\/www.laurensoff.com\/wordpress\/wp-json\/wp\/v2\/posts\/1705\/revisions"}],"predecessor-version":[{"id":1707,"href":"https:\/\/www.laurensoff.com\/wordpress\/wp-json\/wp\/v2\/posts\/1705\/revisions\/1707"}],"wp:featuredmedia":[{"embeddable":true,"href":"https:\/\/www.laurensoff.com\/wordpress\/wp-json\/wp\/v2\/media\/1706"}],"wp:attachment":[{"href":"https:\/\/www.laurensoff.com\/wordpress\/wp-json\/wp\/v2\/media?parent=1705"}],"wp:term":[{"taxonomy":"category","embeddable":true,"href":"https:\/\/www.laurensoff.com\/wordpress\/wp-json\/wp\/v2\/categories?post=1705"},{"taxonomy":"post_tag","embeddable":true,"href":"https:\/\/www.laurensoff.com\/wordpress\/wp-json\/wp\/v2\/tags?post=1705"}],"curies":[{"name":"wp","href":"https:\/\/api.w.org\/{rel}","templated":true}]}}