{"id":1698,"date":"2026-04-18T14:16:24","date_gmt":"2026-04-18T13:16:24","guid":{"rendered":"https:\/\/www.laurensoff.com\/wordpress\/?p=1698"},"modified":"2026-04-18T14:16:24","modified_gmt":"2026-04-18T13:16:24","slug":"nathalie-baye-mais-quelle-tristesse-aujourdhui-la-comedienne-sest-eteinte-vendredi-soir-a-lage-de-77-ans","status":"publish","type":"post","link":"https:\/\/www.laurensoff.com\/wordpress\/nathalie-baye-mais-quelle-tristesse-aujourdhui-la-comedienne-sest-eteinte-vendredi-soir-a-lage-de-77-ans\/","title":{"rendered":"Nathalie Baye mais quelle tristesse aujourd&rsquo;hui ! La com\u00e9dienne s&rsquo;est \u00e9teinte vendredi soir, \u00e0 l&rsquo;\u00e2ge de 77 ans."},"content":{"rendered":"<div class=\"xdj266r x14z9mp xat24cr x1lziwak x1vvkbs x126k92a\">\n<div dir=\"auto\"><span class=\"html-span xexx8yu xyri2b x18d9i69 x1c1uobl x1hl2dhg x16tdsg8 x1vvkbs x3nfvp2 x1j61x8r x1fcty0u xdj266r xat24cr xm2jcoa x1mpyi22 xxymvpz xlup9mm x1kky2od\"><img loading=\"lazy\" decoding=\"async\" class=\"xz74otr x15mokao x1ga7v0g x16uus16 xbiv7yw\" src=\"https:\/\/static.xx.fbcdn.net\/images\/emoji.php\/v9\/t40\/1\/16\/1f62d.png\" alt=\"\ud83d\ude2d\" width=\"16\" height=\"16\" \/><\/span><span class=\"html-span xexx8yu xyri2b x18d9i69 x1c1uobl x1hl2dhg x16tdsg8 x1vvkbs x3nfvp2 x1j61x8r x1fcty0u xdj266r xat24cr xm2jcoa x1mpyi22 xxymvpz xlup9mm x1kky2od\"><img loading=\"lazy\" decoding=\"async\" class=\"xz74otr x15mokao x1ga7v0g x16uus16 xbiv7yw\" src=\"https:\/\/static.xx.fbcdn.net\/images\/emoji.php\/v9\/t40\/1\/16\/1f62d.png\" alt=\"\ud83d\ude2d\" width=\"16\" height=\"16\" \/><\/span><span class=\"html-span xexx8yu xyri2b x18d9i69 x1c1uobl x1hl2dhg x16tdsg8 x1vvkbs x3nfvp2 x1j61x8r x1fcty0u xdj266r xat24cr xm2jcoa x1mpyi22 xxymvpz xlup9mm x1kky2od\"><img loading=\"lazy\" decoding=\"async\" class=\"xz74otr x15mokao x1ga7v0g x16uus16 xbiv7yw\" src=\"https:\/\/static.xx.fbcdn.net\/images\/emoji.php\/v9\/t40\/1\/16\/1f62d.png\" alt=\"\ud83d\ude2d\" width=\"16\" height=\"16\" \/><\/span><span class=\"html-span xexx8yu xyri2b x18d9i69 x1c1uobl x1hl2dhg x16tdsg8 x1vvkbs x3nfvp2 x1j61x8r x1fcty0u xdj266r xat24cr xm2jcoa x1mpyi22 xxymvpz xlup9mm x1kky2od\"><img loading=\"lazy\" decoding=\"async\" class=\"xz74otr x15mokao x1ga7v0g x16uus16 xbiv7yw\" src=\"https:\/\/static.xx.fbcdn.net\/images\/emoji.php\/v9\/tff\/1\/16\/1f3a5.png\" alt=\"\ud83c\udfa5\" width=\"16\" height=\"16\" \/><\/span>RIP Nathalie Baye mais quelle tristesse aujourd&rsquo;hui ! La com\u00e9dienne s&rsquo;est \u00e9teinte vendredi soir, \u00e0 l&rsquo;\u00e2ge de 77 ans. Maman de LAURA SMET toutes mes condol\u00e9ances \u00e0 la famille.<\/div>\n<div dir=\"auto\">Hauts les c\u0153urs la vie continue !!! les amis<\/div>\n<\/div>\n<div class=\"x14z9mp xat24cr x1lziwak x1vvkbs xtlvy1s x126k92a\">\n<div dir=\"auto\">Le 9 octobre 2013, l&rsquo;\u00c9den d\u00e9pliait \u00e0 nouveau son tapis rouge en pr\u00e9sence de Patrick Bor\u00e9, alors maire de La Ciotat, des repr\u00e9sentants des collectivit\u00e9s territoriales partenaires du projet financier et de nombreuses personnalit\u00e9s du monde du cin\u00e9ma dont Thierry Fr\u00e9maux, directeur de l&rsquo;Institut Lumi\u00e8re et d\u00e9l\u00e9gu\u00e9 g\u00e9n\u00e9ral du Festival de Cannes.<\/div>\n<div dir=\"auto\">Des monuments du cin\u00e9ma<\/div>\n<\/div>\n<div class=\"x14z9mp xat24cr x1lziwak x1vvkbs xtlvy1s x126k92a\">\n<div dir=\"auto\">\u00c9taient aussi pr\u00e9sents Serge Toubiana, ancien directeur de la Cin\u00e9math\u00e8que fran\u00e7aise, les r\u00e9alisateurs Yves Boisset et Olivier Dahan, parrain des Lumi\u00e8res de l&rsquo;\u00c9den, sans oublier les com\u00e9diennes Nathalie Baye, Anny Romand ou encore l&rsquo;acteur Pascal L\u00e9gitimus. En 2024, Michel Cornille et toute l&rsquo;\u00e9quipe des Lumi\u00e8res de l&rsquo;\u00c9den ont choisi de f\u00eater cet anniversaire en invitant Pascal Bonitzer<\/div>\n<\/div>\n","protected":false},"excerpt":{"rendered":"<p>RIP Nathalie Baye mais quelle tristesse aujourd&rsquo;hui ! La com\u00e9dienne s&rsquo;est \u00e9teinte vendredi soir, \u00e0&#8230;<\/p>\n","protected":false},"author":1,"featured_media":1699,"comment_status":"open","ping_status":"closed","sticky":false,"template":"","format":"standard","meta":{"_bbp_topic_count":0,"_bbp_reply_count":0,"_bbp_total_topic_count":0,"_bbp_total_reply_count":0,"_bbp_voice_count":0,"_bbp_anonymous_reply_count":0,"_bbp_topic_count_hidden":0,"_bbp_reply_count_hidden":0,"_bbp_forum_subforum_count":0,"_crdt_document":"","_jetpack_memberships_contains_paid_content":false,"footnotes":"","jetpack_publicize_message":"","jetpack_publicize_feature_enabled":true,"jetpack_social_post_already_shared":true,"jetpack_social_options":{"image_generator_settings":{"template":"highway","default_image_id":0,"font":"","enabled":false},"version":2}},"categories":[741,819,344,5,40],"tags":[],"class_list":["post-1698","post","type-post","status-publish","format-standard","has-post-thumbnail","hentry","category-741","category-acteur","category-artiste","category-cinema","category-hommage"],"jetpack_publicize_connections":[],"jetpack_featured_media_url":"https:\/\/www.laurensoff.com\/wordpress\/wp-content\/uploads\/2026\/04\/s.webp","jetpack_sharing_enabled":true,"_links":{"self":[{"href":"https:\/\/www.laurensoff.com\/wordpress\/wp-json\/wp\/v2\/posts\/1698","targetHints":{"allow":["GET"]}}],"collection":[{"href":"https:\/\/www.laurensoff.com\/wordpress\/wp-json\/wp\/v2\/posts"}],"about":[{"href":"https:\/\/www.laurensoff.com\/wordpress\/wp-json\/wp\/v2\/types\/post"}],"author":[{"embeddable":true,"href":"https:\/\/www.laurensoff.com\/wordpress\/wp-json\/wp\/v2\/users\/1"}],"replies":[{"embeddable":true,"href":"https:\/\/www.laurensoff.com\/wordpress\/wp-json\/wp\/v2\/comments?post=1698"}],"version-history":[{"count":1,"href":"https:\/\/www.laurensoff.com\/wordpress\/wp-json\/wp\/v2\/posts\/1698\/revisions"}],"predecessor-version":[{"id":1700,"href":"https:\/\/www.laurensoff.com\/wordpress\/wp-json\/wp\/v2\/posts\/1698\/revisions\/1700"}],"wp:featuredmedia":[{"embeddable":true,"href":"https:\/\/www.laurensoff.com\/wordpress\/wp-json\/wp\/v2\/media\/1699"}],"wp:attachment":[{"href":"https:\/\/www.laurensoff.com\/wordpress\/wp-json\/wp\/v2\/media?parent=1698"}],"wp:term":[{"taxonomy":"category","embeddable":true,"href":"https:\/\/www.laurensoff.com\/wordpress\/wp-json\/wp\/v2\/categories?post=1698"},{"taxonomy":"post_tag","embeddable":true,"href":"https:\/\/www.laurensoff.com\/wordpress\/wp-json\/wp\/v2\/tags?post=1698"}],"curies":[{"name":"wp","href":"https:\/\/api.w.org\/{rel}","templated":true}]}}