{"id":1679,"date":"2026-04-14T21:57:56","date_gmt":"2026-04-14T20:57:56","guid":{"rendered":"https:\/\/www.laurensoff.com\/wordpress\/?p=1679"},"modified":"2026-04-18T07:26:20","modified_gmt":"2026-04-18T06:26:20","slug":"nadia-fares-est-morte-a-lage-de-57-ans-des-suites-de-sa-noyade-qui-a-eu-lieu-il-y-a-quelques-jours","status":"publish","type":"post","link":"https:\/\/www.laurensoff.com\/wordpress\/nadia-fares-est-morte-a-lage-de-57-ans-des-suites-de-sa-noyade-qui-a-eu-lieu-il-y-a-quelques-jours\/","title":{"rendered":"L\u2019actrice Nadia Far\u00e8s, h\u00e9ro\u00efne des Rivi\u00e8res pourpres, dans un \u00e9tat grave apr\u00e8s un accident dans une piscine"},"content":{"rendered":"<div dir=\"auto\">Triste journ\u00e9e RIP <span class=\"html-span xexx8yu xyri2b x18d9i69 x1c1uobl x1hl2dhg x16tdsg8 x1vvkbs x3nfvp2 x1j61x8r x1fcty0u xdj266r xat24cr xm2jcoa x1mpyi22 xxymvpz xlup9mm x1kky2od\"><img loading=\"lazy\" decoding=\"async\" class=\"xz74otr x15mokao x1ga7v0g x16uus16 xbiv7yw\" src=\"https:\/\/static.xx.fbcdn.net\/images\/emoji.php\/v9\/te7\/1\/16\/1f494.png\" alt=\"\ud83d\udc94\" width=\"16\" height=\"16\" \/><\/span> <span class=\"html-span xexx8yu xyri2b x18d9i69 x1c1uobl x1hl2dhg x16tdsg8 x1vvkbs x3nfvp2 x1j61x8r x1fcty0u xdj266r xat24cr xm2jcoa x1mpyi22 xxymvpz xlup9mm x1kky2od\"><img loading=\"lazy\" decoding=\"async\" class=\"xz74otr x15mokao x1ga7v0g x16uus16 xbiv7yw\" src=\"https:\/\/static.xx.fbcdn.net\/images\/emoji.php\/v9\/t40\/1\/16\/1f62d.png\" alt=\"\ud83d\ude2d\" width=\"16\" height=\"16\" \/><\/span><span class=\"html-span xexx8yu xyri2b x18d9i69 x1c1uobl x1hl2dhg x16tdsg8 x1vvkbs x3nfvp2 x1j61x8r x1fcty0u xdj266r xat24cr xm2jcoa x1mpyi22 xxymvpz xlup9mm x1kky2od\"><img loading=\"lazy\" decoding=\"async\" class=\"xz74otr x15mokao x1ga7v0g x16uus16 xbiv7yw\" src=\"https:\/\/static.xx.fbcdn.net\/images\/emoji.php\/v9\/t40\/1\/16\/1f62d.png\" alt=\"\ud83d\ude2d\" width=\"16\" height=\"16\" \/><\/span>L\u2019actrice Nadia Far\u00e8s est morte \u00e0 l&rsquo;\u00e2ge de 57 ans des suites de sa noyade qui a eu lieu il y a quelques jours et m\u00eame si elle a \u00e9t\u00e9 plong\u00e9e dans un coma artificiel les m\u00e9decins n&rsquo;ont malheureusement pas pu la sauver <span class=\"html-span xexx8yu xyri2b x18d9i69 x1c1uobl x1hl2dhg x16tdsg8 x1vvkbs x3nfvp2 x1j61x8r x1fcty0u xdj266r xat24cr xm2jcoa x1mpyi22 xxymvpz xlup9mm x1kky2od\"><img loading=\"lazy\" decoding=\"async\" class=\"xz74otr x15mokao x1ga7v0g x16uus16 xbiv7yw\" src=\"https:\/\/static.xx.fbcdn.net\/images\/emoji.php\/v9\/t9b\/1\/16\/1f97a.png\" alt=\"\ud83e\udd7a\" width=\"16\" height=\"16\" \/><\/span><\/div>\n<div dir=\"auto\">Toutes nos condol\u00e9ances vont \u00e0 la famille et \u00e0 tous ses proches.<\/div>\n<p class=\"fig-headline fig-pagination__hidden\">Le drame a eu lieu samedi 11 avril aux alentours de 17 heures. L\u2019actrice\u00a0<a href=\"https:\/\/www.lefigaro.fr\/cinema\/2016\/12\/01\/03002-20161201ARTFIG00187--dalida-pourquoi-le-biopic-s-est-fait-sans-nadia-fares.php\" data-fig-type=\"Article\" data-gtm-custom-categorie=\"navigation\" data-gtm-custom-action=\"crossclick\" data-gtm-custom-label=\"Contextuel\" data-gtm-event=\"customEventSPE\" data-fig-domain=\"LEFIGARO\">Nadia Far\u00e8s<\/a>, connue pour son r\u00f4le dans<em> Les Rivi\u00e8res pourpres<\/em> de\u00a0<a href=\"http:\/\/www.lefigaro.fr\/vox\/culture\/eric-neuhoff-pourquoi-donne-t-on-la-parole-a-mathieu-kassovitz-et-autres-questions-idiotes-20250614\" data-fig-type=\"Article\" data-gtm-custom-categorie=\"navigation\" data-gtm-custom-action=\"crossclick\" data-gtm-custom-label=\"Contextuel\" data-gtm-event=\"customEventSPE\" data-fig-domain=\"LEFIGARO\">Mathieu Kassovitz<\/a>\u00a0en 2000, a \u00e9t\u00e9 retrouv\u00e9e inanim\u00e9e dans le fond d\u2019une piscine du complexe sportif Blanche, \u00e0 Paris. La com\u00e9dienne de 57 ans y effectuait des longueurs avec des palmes et une planche avant de subitement perdre connaissance et de plonger sous l\u2019eau pendant <em>\u00abtrois \u00e0 quatre minutes\u00bb<\/em>.<\/p>\n","protected":false},"excerpt":{"rendered":"<p>Triste journ\u00e9e RIP L\u2019actrice Nadia Far\u00e8s est morte \u00e0 l&rsquo;\u00e2ge de 57 ans des suites&#8230;<\/p>\n","protected":false},"author":1,"featured_media":1693,"comment_status":"open","ping_status":"closed","sticky":false,"template":"","format":"standard","meta":{"_bbp_topic_count":0,"_bbp_reply_count":0,"_bbp_total_topic_count":0,"_bbp_total_reply_count":0,"_bbp_voice_count":0,"_bbp_anonymous_reply_count":0,"_bbp_topic_count_hidden":0,"_bbp_reply_count_hidden":0,"_bbp_forum_subforum_count":0,"_crdt_document":"","_jetpack_memberships_contains_paid_content":false,"footnotes":"","jetpack_publicize_message":"","jetpack_publicize_feature_enabled":true,"jetpack_social_post_already_shared":true,"jetpack_social_options":{"image_generator_settings":{"template":"highway","default_image_id":0,"font":"","enabled":false},"version":2}},"categories":[741,724,344,5],"tags":[],"class_list":["post-1679","post","type-post","status-publish","format-standard","has-post-thumbnail","hentry","category-741","category-accident","category-artiste","category-cinema"],"jetpack_publicize_connections":[],"jetpack_featured_media_url":"https:\/\/www.laurensoff.com\/wordpress\/wp-content\/uploads\/2026\/04\/674125579_122333259032194697_4095030996057972838_n.jpg","jetpack_sharing_enabled":true,"_links":{"self":[{"href":"https:\/\/www.laurensoff.com\/wordpress\/wp-json\/wp\/v2\/posts\/1679","targetHints":{"allow":["GET"]}}],"collection":[{"href":"https:\/\/www.laurensoff.com\/wordpress\/wp-json\/wp\/v2\/posts"}],"about":[{"href":"https:\/\/www.laurensoff.com\/wordpress\/wp-json\/wp\/v2\/types\/post"}],"author":[{"embeddable":true,"href":"https:\/\/www.laurensoff.com\/wordpress\/wp-json\/wp\/v2\/users\/1"}],"replies":[{"embeddable":true,"href":"https:\/\/www.laurensoff.com\/wordpress\/wp-json\/wp\/v2\/comments?post=1679"}],"version-history":[{"count":3,"href":"https:\/\/www.laurensoff.com\/wordpress\/wp-json\/wp\/v2\/posts\/1679\/revisions"}],"predecessor-version":[{"id":1694,"href":"https:\/\/www.laurensoff.com\/wordpress\/wp-json\/wp\/v2\/posts\/1679\/revisions\/1694"}],"wp:featuredmedia":[{"embeddable":true,"href":"https:\/\/www.laurensoff.com\/wordpress\/wp-json\/wp\/v2\/media\/1693"}],"wp:attachment":[{"href":"https:\/\/www.laurensoff.com\/wordpress\/wp-json\/wp\/v2\/media?parent=1679"}],"wp:term":[{"taxonomy":"category","embeddable":true,"href":"https:\/\/www.laurensoff.com\/wordpress\/wp-json\/wp\/v2\/categories?post=1679"},{"taxonomy":"post_tag","embeddable":true,"href":"https:\/\/www.laurensoff.com\/wordpress\/wp-json\/wp\/v2\/tags?post=1679"}],"curies":[{"name":"wp","href":"https:\/\/api.w.org\/{rel}","templated":true}]}}