{"id":1675,"date":"2026-04-14T19:44:37","date_gmt":"2026-04-14T18:44:37","guid":{"rendered":"https:\/\/www.laurensoff.com\/wordpress\/?p=1675"},"modified":"2026-04-14T19:44:37","modified_gmt":"2026-04-14T18:44:37","slug":"dz-mafia-depuis-le-23-mars-six-accuses-dont-un-en-cavale-sont-juges-pour-un-double-assassinat-commis-en-aout-2019-sur-fond-de-narcotrafic","status":"publish","type":"post","link":"https:\/\/www.laurensoff.com\/wordpress\/dz-mafia-depuis-le-23-mars-six-accuses-dont-un-en-cavale-sont-juges-pour-un-double-assassinat-commis-en-aout-2019-sur-fond-de-narcotrafic\/","title":{"rendered":"DZ Mafia Depuis le 23 mars, six accus\u00e9s, dont un en cavale, sont jug\u00e9s pour un double assassinat commis en ao\u00fbt 2019, sur fond de narcotrafic."},"content":{"rendered":"<p>DZ Mafia<br \/>\nDepuis le 23 mars, six accus\u00e9s, dont un en cavale, sont jug\u00e9s pour un double assassinat commis en ao\u00fbt 2019, sur fond de narcotrafic.<br \/>\nDans le box, certains sont depuis d\u00e9sign\u00e9s par la police comme des cadres de la DZ Mafia. Le proc\u00e8s, sous haute s\u00e9curit\u00e9, a \u00e9t\u00e9 \u00e9maill\u00e9 d\u2019incidents.<br \/>\nGabriel Ory, dit \u00ab Gaby \u00bb, a \u00e9t\u00e9 condamn\u00e9 \u00e0 vingt-cinq ans de prison. Amine Oualane, dit \u00ab Mamine \u00bb, a \u00e9t\u00e9 acquitt\u00e9.<\/p>\n","protected":false},"excerpt":{"rendered":"<p>DZ Mafia Depuis le 23 mars, six accus\u00e9s, dont un en cavale, sont jug\u00e9s pour&#8230;<\/p>\n","protected":false},"author":1,"featured_media":1677,"comment_status":"open","ping_status":"closed","sticky":false,"template":"","format":"standard","meta":{"_bbp_topic_count":0,"_bbp_reply_count":0,"_bbp_total_topic_count":0,"_bbp_total_reply_count":0,"_bbp_voice_count":0,"_bbp_anonymous_reply_count":0,"_bbp_topic_count_hidden":0,"_bbp_reply_count_hidden":0,"_bbp_forum_subforum_count":0,"_crdt_document":"","_jetpack_memberships_contains_paid_content":false,"footnotes":"","jetpack_publicize_message":"","jetpack_publicize_feature_enabled":true,"jetpack_social_post_already_shared":true,"jetpack_social_options":{"image_generator_settings":{"template":"highway","default_image_id":0,"font":"","enabled":false},"version":2}},"categories":[741,640,838,278,42,249],"tags":[839],"class_list":["post-1675","post","type-post","status-publish","format-standard","has-post-thumbnail","hentry","category-741","category-anecdotes","category-dz-mafia","category-liberte","category-marseille","category-police","tag-dz-mafia"],"jetpack_publicize_connections":[],"jetpack_featured_media_url":"https:\/\/www.laurensoff.com\/wordpress\/wp-content\/uploads\/2026\/04\/ur-un-double-m.webp","jetpack_sharing_enabled":true,"_links":{"self":[{"href":"https:\/\/www.laurensoff.com\/wordpress\/wp-json\/wp\/v2\/posts\/1675","targetHints":{"allow":["GET"]}}],"collection":[{"href":"https:\/\/www.laurensoff.com\/wordpress\/wp-json\/wp\/v2\/posts"}],"about":[{"href":"https:\/\/www.laurensoff.com\/wordpress\/wp-json\/wp\/v2\/types\/post"}],"author":[{"embeddable":true,"href":"https:\/\/www.laurensoff.com\/wordpress\/wp-json\/wp\/v2\/users\/1"}],"replies":[{"embeddable":true,"href":"https:\/\/www.laurensoff.com\/wordpress\/wp-json\/wp\/v2\/comments?post=1675"}],"version-history":[{"count":1,"href":"https:\/\/www.laurensoff.com\/wordpress\/wp-json\/wp\/v2\/posts\/1675\/revisions"}],"predecessor-version":[{"id":1678,"href":"https:\/\/www.laurensoff.com\/wordpress\/wp-json\/wp\/v2\/posts\/1675\/revisions\/1678"}],"wp:featuredmedia":[{"embeddable":true,"href":"https:\/\/www.laurensoff.com\/wordpress\/wp-json\/wp\/v2\/media\/1677"}],"wp:attachment":[{"href":"https:\/\/www.laurensoff.com\/wordpress\/wp-json\/wp\/v2\/media?parent=1675"}],"wp:term":[{"taxonomy":"category","embeddable":true,"href":"https:\/\/www.laurensoff.com\/wordpress\/wp-json\/wp\/v2\/categories?post=1675"},{"taxonomy":"post_tag","embeddable":true,"href":"https:\/\/www.laurensoff.com\/wordpress\/wp-json\/wp\/v2\/tags?post=1675"}],"curies":[{"name":"wp","href":"https:\/\/api.w.org\/{rel}","templated":true}]}}