{"id":1503,"date":"2026-01-10T12:40:48","date_gmt":"2026-01-10T11:40:48","guid":{"rendered":"https:\/\/www.laurensoff.com\/wordpress\/?p=1503"},"modified":"2026-01-10T12:40:48","modified_gmt":"2026-01-10T11:40:48","slug":"apres-plus-de-20-ans-de-fermeture-la-main-jaune-club-iconique-et-indissociable-des-annees-80-va-re-ouvrir-au-printemps-2026","status":"publish","type":"post","link":"https:\/\/www.laurensoff.com\/wordpress\/apres-plus-de-20-ans-de-fermeture-la-main-jaune-club-iconique-et-indissociable-des-annees-80-va-re-ouvrir-au-printemps-2026\/","title":{"rendered":"Apr\u00e8s plus de 20 ans de fermeture, la Main Jaune, #club #iconique et indissociable des ann\u00e9es 80 va r\u00e9-ouvrir au #printemps #2026 !"},"content":{"rendered":"<p><span class=\"x1xsqp64 xiy17q3 x1o6pynw x19co3pv xdj266r xjn30re xat24cr x1hb08if x2b8uid\" data-testid=\"emoji\"><span class=\"xexx8yu xcaqkgz x18d9i69 xbwkkl7 x3jgonx x1bhl96m\">\ud83c\udfa5<\/span><\/span>AGENDA\/ CLUB \/ PARIS \/ LA BOOM ! ATTENTION YA LE P\u00c8RE DE VIC QUI ARRIVE ! lol<br \/>\nApr\u00e8s plus de 20 ans de fermeture, la Main Jaune, #club #iconique et indissociable des ann\u00e9es 80 va r\u00e9-ouvrir au #printemps #2026 ! Le lieu est notamment entr\u00e9 dans la l\u00e9gende gr\u00e2ce \u00e0 une #sc\u00e8ne culte de La Boum, avec Sophie Marceau sur la piste #roller disco.<br \/>\nRAPPELEZ VOUS ! cette sublime sc\u00e8ne !<br \/>\n<a class=\"x1fey0fg xmper1u x1edh9d7\" href=\"https:\/\/youtu.be\/R9-pX3VLeBA\">https:\/\/youtu.be\/R9-pX3VLeBA<\/a><\/p>\n","protected":false},"excerpt":{"rendered":"<p>\ud83c\udfa5AGENDA\/ CLUB \/ PARIS \/ LA BOOM ! ATTENTION YA LE P\u00c8RE DE VIC QUI&#8230;<\/p>\n","protected":false},"author":1,"featured_media":1504,"comment_status":"open","ping_status":"closed","sticky":false,"template":"","format":"standard","meta":{"_bbp_topic_count":0,"_bbp_reply_count":0,"_bbp_total_topic_count":0,"_bbp_total_reply_count":0,"_bbp_voice_count":0,"_bbp_anonymous_reply_count":0,"_bbp_topic_count_hidden":0,"_bbp_reply_count_hidden":0,"_bbp_forum_subforum_count":0,"_crdt_document":"","_jetpack_memberships_contains_paid_content":false,"footnotes":"","jetpack_publicize_message":"","jetpack_publicize_feature_enabled":true,"jetpack_social_post_already_shared":true,"jetpack_social_options":{"image_generator_settings":{"template":"highway","default_image_id":0,"font":"","enabled":false},"version":2}},"categories":[741,643,644,777,162,3],"tags":[783,784,785,781,779,780,782,778],"class_list":["post-1503","post","type-post","status-publish","format-standard","has-post-thumbnail","hentry","category-741","category-agenda","category-culture","category-discotheque","category-entreprises","category-film","tag-annees-80s","tag-brigitte-fossey","tag-claude-brasseur","tag-disco","tag-la-boom","tag-la-main-jaune","tag-roller","tag-sophie-marceau"],"jetpack_publicize_connections":[],"jetpack_featured_media_url":"https:\/\/www.laurensoff.com\/wordpress\/wp-content\/uploads\/2026\/01\/614017852_1316810120492172_3440348773052190894_n.jpg","jetpack_sharing_enabled":true,"_links":{"self":[{"href":"https:\/\/www.laurensoff.com\/wordpress\/wp-json\/wp\/v2\/posts\/1503","targetHints":{"allow":["GET"]}}],"collection":[{"href":"https:\/\/www.laurensoff.com\/wordpress\/wp-json\/wp\/v2\/posts"}],"about":[{"href":"https:\/\/www.laurensoff.com\/wordpress\/wp-json\/wp\/v2\/types\/post"}],"author":[{"embeddable":true,"href":"https:\/\/www.laurensoff.com\/wordpress\/wp-json\/wp\/v2\/users\/1"}],"replies":[{"embeddable":true,"href":"https:\/\/www.laurensoff.com\/wordpress\/wp-json\/wp\/v2\/comments?post=1503"}],"version-history":[{"count":1,"href":"https:\/\/www.laurensoff.com\/wordpress\/wp-json\/wp\/v2\/posts\/1503\/revisions"}],"predecessor-version":[{"id":1505,"href":"https:\/\/www.laurensoff.com\/wordpress\/wp-json\/wp\/v2\/posts\/1503\/revisions\/1505"}],"wp:featuredmedia":[{"embeddable":true,"href":"https:\/\/www.laurensoff.com\/wordpress\/wp-json\/wp\/v2\/media\/1504"}],"wp:attachment":[{"href":"https:\/\/www.laurensoff.com\/wordpress\/wp-json\/wp\/v2\/media?parent=1503"}],"wp:term":[{"taxonomy":"category","embeddable":true,"href":"https:\/\/www.laurensoff.com\/wordpress\/wp-json\/wp\/v2\/categories?post=1503"},{"taxonomy":"post_tag","embeddable":true,"href":"https:\/\/www.laurensoff.com\/wordpress\/wp-json\/wp\/v2\/tags?post=1503"}],"curies":[{"name":"wp","href":"https:\/\/api.w.org\/{rel}","templated":true}]}}