{"id":1500,"date":"2026-01-10T12:17:47","date_gmt":"2026-01-10T11:17:47","guid":{"rendered":"https:\/\/www.laurensoff.com\/wordpress\/?p=1500"},"modified":"2026-01-10T12:17:47","modified_gmt":"2026-01-10T11:17:47","slug":"tv-sud-exposition-louis-de-funes-par-stephan-guerard-en-presence-de-daniele-thompson-a-la-chapelle-de-penitents-bleus-et-diffusion-de-la-grande-vadrouille-au-cinema-eden-theatre-la-ciotat","status":"publish","type":"post","link":"https:\/\/www.laurensoff.com\/wordpress\/tv-sud-exposition-louis-de-funes-par-stephan-guerard-en-presence-de-daniele-thompson-a-la-chapelle-de-penitents-bleus-et-diffusion-de-la-grande-vadrouille-au-cinema-eden-theatre-la-ciotat\/","title":{"rendered":"TV SUD \/ EXPOSITION | Louis de Fun\u00e8s, par St\u00e9phan Gu\u00e9rard en pr\u00e9sence de Dani\u00e8le Thompson \u00e0 La chapelle de p\u00e9nitents bleus et diffusion de la grande vadrouille au Cin\u00e9ma Eden-Th\u00e9\u00e2tre La Ciotat"},"content":{"rendered":"<p>TV SUD \/ EXPOSITION | Louis de Fun\u00e8s, par <span class=\"xv78j7m\" spellcheck=\"false\">St\u00e9phan Gu\u00e9rard<\/span> en pr\u00e9sence de <span class=\"xv78j7m\" spellcheck=\"false\">Dani\u00e8le Thompson<\/span> \u00e0 La chapelle de p\u00e9nitents bleus et diffusion de la grande vadrouille au <span class=\"xv78j7m\" spellcheck=\"false\">Cin\u00e9ma Eden-Th\u00e9\u00e2tre La Ciotat<\/span> \u00e0 <span class=\"xv78j7m\" spellcheck=\"false\">#laciotat<\/span><span class=\"x1xsqp64 xiy17q3 x1o6pynw x19co3pv xdj266r xjn30re xat24cr x1hb08if x2b8uid\" data-testid=\"emoji\"><span class=\"xexx8yu xcaqkgz x18d9i69 xbwkkl7 x3jgonx x1bhl96m\">\ud83c\udfac<\/span><\/span><br \/>\n<iframe loading=\"lazy\" title=\"TV SUD \/ EXPOSITION | Louis de Fun\u00e8s, par Stephan Gu\u00e9rard en pr\u00e9sence de Dani\u00e8le Thompson \ud83c\udfac\" src=\"https:\/\/www.youtube.com\/embed\/e3DZMJHSqV0\" width=\"600\" height=\"300\" frameborder=\"0\" allowfullscreen=\"allowfullscreen\"><span style=\"display: inline-block; width: 0px; overflow: hidden; line-height: 0;\" data-mce-type=\"bookmark\" class=\"mce_SELRES_start\">\ufeff<\/span><\/iframe><\/p>\n","protected":false},"excerpt":{"rendered":"<p>TV SUD \/ EXPOSITION | Louis de Fun\u00e8s, par St\u00e9phan Gu\u00e9rard en pr\u00e9sence de Dani\u00e8le&#8230;<\/p>\n","protected":false},"author":1,"featured_media":1501,"comment_status":"open","ping_status":"closed","sticky":false,"template":"","format":"standard","meta":{"_bbp_topic_count":0,"_bbp_reply_count":0,"_bbp_total_topic_count":0,"_bbp_total_reply_count":0,"_bbp_voice_count":0,"_bbp_anonymous_reply_count":0,"_bbp_topic_count_hidden":0,"_bbp_reply_count_hidden":0,"_bbp_forum_subforum_count":0,"_crdt_document":"","_jetpack_memberships_contains_paid_content":false,"footnotes":"","jetpack_publicize_message":"","jetpack_publicize_feature_enabled":true,"jetpack_social_post_already_shared":true,"jetpack_social_options":{"image_generator_settings":{"template":"highway","default_image_id":0,"font":"","enabled":false},"version":2}},"categories":[741,643,716,5,483,16,163,776],"tags":[],"class_list":["post-1500","post","type-post","status-publish","format-standard","has-post-thumbnail","hentry","category-741","category-agenda","category-avant-premiere","category-cinema","category-documentaire","category-exposition","category-la-ciotat","category-vernissage"],"jetpack_publicize_connections":[],"jetpack_featured_media_url":"https:\/\/www.laurensoff.com\/wordpress\/wp-content\/uploads\/2026\/01\/funes.jpg","jetpack_sharing_enabled":true,"_links":{"self":[{"href":"https:\/\/www.laurensoff.com\/wordpress\/wp-json\/wp\/v2\/posts\/1500","targetHints":{"allow":["GET"]}}],"collection":[{"href":"https:\/\/www.laurensoff.com\/wordpress\/wp-json\/wp\/v2\/posts"}],"about":[{"href":"https:\/\/www.laurensoff.com\/wordpress\/wp-json\/wp\/v2\/types\/post"}],"author":[{"embeddable":true,"href":"https:\/\/www.laurensoff.com\/wordpress\/wp-json\/wp\/v2\/users\/1"}],"replies":[{"embeddable":true,"href":"https:\/\/www.laurensoff.com\/wordpress\/wp-json\/wp\/v2\/comments?post=1500"}],"version-history":[{"count":1,"href":"https:\/\/www.laurensoff.com\/wordpress\/wp-json\/wp\/v2\/posts\/1500\/revisions"}],"predecessor-version":[{"id":1502,"href":"https:\/\/www.laurensoff.com\/wordpress\/wp-json\/wp\/v2\/posts\/1500\/revisions\/1502"}],"wp:featuredmedia":[{"embeddable":true,"href":"https:\/\/www.laurensoff.com\/wordpress\/wp-json\/wp\/v2\/media\/1501"}],"wp:attachment":[{"href":"https:\/\/www.laurensoff.com\/wordpress\/wp-json\/wp\/v2\/media?parent=1500"}],"wp:term":[{"taxonomy":"category","embeddable":true,"href":"https:\/\/www.laurensoff.com\/wordpress\/wp-json\/wp\/v2\/categories?post=1500"},{"taxonomy":"post_tag","embeddable":true,"href":"https:\/\/www.laurensoff.com\/wordpress\/wp-json\/wp\/v2\/tags?post=1500"}],"curies":[{"name":"wp","href":"https:\/\/api.w.org\/{rel}","templated":true}]}}