{"id":1496,"date":"2026-01-09T11:17:00","date_gmt":"2026-01-09T10:17:00","guid":{"rendered":"https:\/\/www.laurensoff.com\/wordpress\/?p=1496"},"modified":"2026-01-09T11:37:13","modified_gmt":"2026-01-09T10:37:13","slug":"la-92e-fete-du-citron-approche-a-grands-pas-du-14fevrier-au-1er-mars-2026-a-menton","status":"publish","type":"post","link":"https:\/\/www.laurensoff.com\/wordpress\/la-92e-fete-du-citron-approche-a-grands-pas-du-14fevrier-au-1er-mars-2026-a-menton\/","title":{"rendered":"La 92e F\u00eate du Citron approche \u00e0 grands pas du 14f\u00e9vrier au 1er Mars 2026 \u00e0 Menton"},"content":{"rendered":"<p>La 92e F\u00eate du Citron\u00ae approche \u00e0 grands pas !<br \/>\nDu 14 f\u00e9vrier au 1er mars, entrez dans un monde o\u00f9 la nature r\u00e8gne en ma\u00eetre.<br \/>\nCette ann\u00e9e, l\u2019exposition des motifs d\u2019agrumes et les corsos mettront \u00e0 l\u2019honneur les Merveilles du Vivant, une c\u00e9l\u00e9bration de la richesse et de la beaut\u00e9 de la biodiversit\u00e9.<br \/>\n<a class=\"x1fey0fg xmper1u x1edh9d7\" href=\"https:\/\/www.calameo.com\/menton\/read\/00190572439180aad3bfc?page=1\">https:\/\/www.calameo.com\/menton\/read\/00190572439180aad3bfc?page=1<\/a><\/p>\n<p><iframe loading=\"lazy\" title=\"F\u00eate du Citron \u00e0 Menton du 11 au 26 f\u00e9vrier 2023 sous le signe de l'audace sexy et surprenante !\" src=\"https:\/\/www.youtube.com\/embed\/KSXUDHiHdns\" width=\"500\" height=\"300\" frameborder=\"0\" allowfullscreen=\"allowfullscreen\"><\/iframe><\/p>\n","protected":false},"excerpt":{"rendered":"<p>La 92e F\u00eate du Citron\u00ae approche \u00e0 grands pas ! Du 14 f\u00e9vrier au 1er&#8230;<\/p>\n","protected":false},"author":1,"featured_media":1497,"comment_status":"open","ping_status":"closed","sticky":false,"template":"","format":"standard","meta":{"_bbp_topic_count":0,"_bbp_reply_count":0,"_bbp_total_topic_count":0,"_bbp_total_reply_count":0,"_bbp_voice_count":0,"_bbp_anonymous_reply_count":0,"_bbp_topic_count_hidden":0,"_bbp_reply_count_hidden":0,"_bbp_forum_subforum_count":0,"_crdt_document":"","_jetpack_memberships_contains_paid_content":false,"footnotes":"","jetpack_publicize_message":"","jetpack_publicize_feature_enabled":true,"jetpack_social_post_already_shared":true,"jetpack_social_options":{"image_generator_settings":{"template":"highway","default_image_id":0,"font":"","enabled":false},"version":2}},"categories":[741,643,771,15,392,770,235],"tags":[773,774,775,772],"class_list":["post-1496","post","type-post","status-publish","format-standard","has-post-thumbnail","hentry","category-741","category-agenda","category-alpes-maritimes","category-arts","category-international","category-menton","category-nature","tag-citron","tag-corso","tag-fleurs","tag-louis-sarkozy"],"jetpack_publicize_connections":[],"jetpack_featured_media_url":"https:\/\/www.laurensoff.com\/wordpress\/wp-content\/uploads\/2026\/01\/unnamed-1.jpg","jetpack_sharing_enabled":true,"_links":{"self":[{"href":"https:\/\/www.laurensoff.com\/wordpress\/wp-json\/wp\/v2\/posts\/1496","targetHints":{"allow":["GET"]}}],"collection":[{"href":"https:\/\/www.laurensoff.com\/wordpress\/wp-json\/wp\/v2\/posts"}],"about":[{"href":"https:\/\/www.laurensoff.com\/wordpress\/wp-json\/wp\/v2\/types\/post"}],"author":[{"embeddable":true,"href":"https:\/\/www.laurensoff.com\/wordpress\/wp-json\/wp\/v2\/users\/1"}],"replies":[{"embeddable":true,"href":"https:\/\/www.laurensoff.com\/wordpress\/wp-json\/wp\/v2\/comments?post=1496"}],"version-history":[{"count":1,"href":"https:\/\/www.laurensoff.com\/wordpress\/wp-json\/wp\/v2\/posts\/1496\/revisions"}],"predecessor-version":[{"id":1498,"href":"https:\/\/www.laurensoff.com\/wordpress\/wp-json\/wp\/v2\/posts\/1496\/revisions\/1498"}],"wp:featuredmedia":[{"embeddable":true,"href":"https:\/\/www.laurensoff.com\/wordpress\/wp-json\/wp\/v2\/media\/1497"}],"wp:attachment":[{"href":"https:\/\/www.laurensoff.com\/wordpress\/wp-json\/wp\/v2\/media?parent=1496"}],"wp:term":[{"taxonomy":"category","embeddable":true,"href":"https:\/\/www.laurensoff.com\/wordpress\/wp-json\/wp\/v2\/categories?post=1496"},{"taxonomy":"post_tag","embeddable":true,"href":"https:\/\/www.laurensoff.com\/wordpress\/wp-json\/wp\/v2\/tags?post=1496"}],"curies":[{"name":"wp","href":"https:\/\/api.w.org\/{rel}","templated":true}]}}