{"id":1483,"date":"2026-01-07T16:11:32","date_gmt":"2026-01-07T15:11:32","guid":{"rendered":"https:\/\/www.laurensoff.com\/wordpress\/?p=1483"},"modified":"2026-01-07T16:11:32","modified_gmt":"2026-01-07T15:11:32","slug":"le-geant-americain-du-spectacle-vivant-live-nation-sapprete-a-mettre-la-main-sur-paris-la-defense-arena","status":"publish","type":"post","link":"https:\/\/www.laurensoff.com\/wordpress\/le-geant-americain-du-spectacle-vivant-live-nation-sapprete-a-mettre-la-main-sur-paris-la-defense-arena\/","title":{"rendered":"Le g\u00e9ant am\u00e9ricain du spectacle vivant Live Nation s\u2019appr\u00eate \u00e0 mettre la main sur Paris La D\u00e9fense Arena"},"content":{"rendered":"<p><strong>YA PLUS DE SOUS \/ QUE PASA ?<\/strong><\/p>\n<p>Le g\u00e9ant am\u00e9ricain du spectacle vivant Live Nation s\u2019appr\u00eate \u00e0 mettre la main sur Paris La D\u00e9fense Arena, un \u00e9quipement strat\u00e9gique au c\u0153ur de l\u2019explosion mondiale des concerts live.<\/p>\n<p>Une op\u00e9ration embl\u00e9matique des nouveaux \u00e9quilibres du secteur.<\/p>\n<p>#LaDefenseArena #LiveNation<\/p>\n<p>&nbsp;<\/p>\n","protected":false},"excerpt":{"rendered":"<p>YA PLUS DE SOUS \/ QUE PASA ? Le g\u00e9ant am\u00e9ricain du spectacle vivant Live&#8230;<\/p>\n","protected":false},"author":1,"featured_media":1484,"comment_status":"open","ping_status":"closed","sticky":false,"template":"","format":"standard","meta":{"_bbp_topic_count":0,"_bbp_reply_count":0,"_bbp_total_topic_count":0,"_bbp_total_reply_count":0,"_bbp_voice_count":0,"_bbp_anonymous_reply_count":0,"_bbp_topic_count_hidden":0,"_bbp_reply_count_hidden":0,"_bbp_forum_subforum_count":0,"_crdt_document":"","_jetpack_memberships_contains_paid_content":false,"footnotes":"","jetpack_publicize_message":"","jetpack_publicize_feature_enabled":true,"jetpack_social_post_already_shared":true,"jetpack_social_options":{"image_generator_settings":{"template":"highway","default_image_id":0,"font":"","enabled":false},"version":2}},"categories":[741,764,762,763,358,733],"tags":[],"class_list":["post-1483","post","type-post","status-publish","format-standard","has-post-thumbnail","hentry","category-741","category-economic-ww3","category-rachat","category-usa","category-world","category-ww3"],"jetpack_publicize_connections":[],"jetpack_featured_media_url":"https:\/\/www.laurensoff.com\/wordpress\/wp-content\/uploads\/2026\/01\/live-nation-acquiert-paris-defense-arena-plus-grande-salle-concerts-europe-e1767798649940.webp","jetpack_sharing_enabled":true,"_links":{"self":[{"href":"https:\/\/www.laurensoff.com\/wordpress\/wp-json\/wp\/v2\/posts\/1483","targetHints":{"allow":["GET"]}}],"collection":[{"href":"https:\/\/www.laurensoff.com\/wordpress\/wp-json\/wp\/v2\/posts"}],"about":[{"href":"https:\/\/www.laurensoff.com\/wordpress\/wp-json\/wp\/v2\/types\/post"}],"author":[{"embeddable":true,"href":"https:\/\/www.laurensoff.com\/wordpress\/wp-json\/wp\/v2\/users\/1"}],"replies":[{"embeddable":true,"href":"https:\/\/www.laurensoff.com\/wordpress\/wp-json\/wp\/v2\/comments?post=1483"}],"version-history":[{"count":1,"href":"https:\/\/www.laurensoff.com\/wordpress\/wp-json\/wp\/v2\/posts\/1483\/revisions"}],"predecessor-version":[{"id":1485,"href":"https:\/\/www.laurensoff.com\/wordpress\/wp-json\/wp\/v2\/posts\/1483\/revisions\/1485"}],"wp:featuredmedia":[{"embeddable":true,"href":"https:\/\/www.laurensoff.com\/wordpress\/wp-json\/wp\/v2\/media\/1484"}],"wp:attachment":[{"href":"https:\/\/www.laurensoff.com\/wordpress\/wp-json\/wp\/v2\/media?parent=1483"}],"wp:term":[{"taxonomy":"category","embeddable":true,"href":"https:\/\/www.laurensoff.com\/wordpress\/wp-json\/wp\/v2\/categories?post=1483"},{"taxonomy":"post_tag","embeddable":true,"href":"https:\/\/www.laurensoff.com\/wordpress\/wp-json\/wp\/v2\/tags?post=1483"}],"curies":[{"name":"wp","href":"https:\/\/api.w.org\/{rel}","templated":true}]}}