{"id":1331,"date":"2025-12-06T15:13:40","date_gmt":"2025-12-06T14:13:40","guid":{"rendered":"https:\/\/www.laurensoff.com\/wordpress\/?p=1331"},"modified":"2025-12-06T15:13:40","modified_gmt":"2025-12-06T14:13:40","slug":"hommage-a-guy-bevert-chanteur-nous-a-quitte-a-lage-de-76-ans-dans-la-nuit-du-mercredi-3-au-jeudi-4-decembre","status":"publish","type":"post","link":"https:\/\/www.laurensoff.com\/wordpress\/hommage-a-guy-bevert-chanteur-nous-a-quitte-a-lage-de-76-ans-dans-la-nuit-du-mercredi-3-au-jeudi-4-decembre\/","title":{"rendered":"Hommage \u00e0 Guy Bevert Chanteur nous a quitt\u00e9 \u00e0 l\u2019\u00e2ge de 76 ans dans la nuit du mercredi 3 au jeudi 4 d\u00e9cembre"},"content":{"rendered":"<div class=\"html-div xdj266r x14z9mp xat24cr x1lziwak xexx8yu xyri2b x18d9i69 x1c1uobl\" dir=\"auto\">\n<div class=\"html-div xdj266r x14z9mp xat24cr x1lziwak xexx8yu xyri2b x18d9i69 x1c1uobl\" data-ad-rendering-role=\"story_message\">\n<div id=\"_R_5alqml9l5bb6ismj5ilipamH2_\" class=\"x1l90r2v x1iorvi4 x1g0dm76 xpdmqnj\" data-ad-comet-preview=\"message\" data-ad-preview=\"message\">\n<div class=\"x78zum5 xdt5ytf xz62fqu x16ldp7u\">\n<div class=\"xu06os2 x1ok221b\">\n<div class=\"html-div xdj266r x14z9mp xat24cr x1lziwak xexx8yu xyri2b x18d9i69 x1c1uobl\">\n<div class=\"xdj266r x14z9mp xat24cr x1lziwak x1vvkbs x126k92a\">\n<div dir=\"auto\"><span class=\"html-span xexx8yu xyri2b x18d9i69 x1c1uobl x1hl2dhg x16tdsg8 x1vvkbs x3nfvp2 x1j61x8r x1fcty0u xdj266r xat24cr xm2jcoa x1mpyi22 xxymvpz xlup9mm x1kky2od\"><img loading=\"lazy\" decoding=\"async\" class=\"xz74otr x15mokao x1ga7v0g x16uus16 xbiv7yw\" src=\"https:\/\/static.xx.fbcdn.net\/images\/emoji.php\/v9\/t40\/1\/16\/1f62d.png\" alt=\"\ud83d\ude2d\" width=\"16\" height=\"16\" \/><\/span><span class=\"html-span xexx8yu xyri2b x18d9i69 x1c1uobl x1hl2dhg x16tdsg8 x1vvkbs x3nfvp2 x1j61x8r x1fcty0u xdj266r xat24cr xm2jcoa x1mpyi22 xxymvpz xlup9mm x1kky2od\"><img loading=\"lazy\" decoding=\"async\" class=\"xz74otr x15mokao x1ga7v0g x16uus16 xbiv7yw\" src=\"https:\/\/static.xx.fbcdn.net\/images\/emoji.php\/v9\/te\/1\/16\/1f622.png\" alt=\"\ud83d\ude22\" width=\"16\" height=\"16\" \/><\/span>HOMMAGE \/ RIP Guy <span class=\"html-span xexx8yu xyri2b x18d9i69 x1c1uobl x1hl2dhg x16tdsg8 x1vvkbs x3nfvp2 x1j61x8r x1fcty0u xdj266r xat24cr xm2jcoa x1mpyi22 xxymvpz xlup9mm x1kky2od\"><img loading=\"lazy\" decoding=\"async\" class=\"xz74otr x15mokao x1ga7v0g x16uus16 xbiv7yw\" src=\"https:\/\/static.xx.fbcdn.net\/images\/emoji.php\/v9\/t40\/1\/16\/1f62d.png\" alt=\"\ud83d\ude2d\" width=\"16\" height=\"16\" \/><\/span><span class=\"html-span xexx8yu xyri2b x18d9i69 x1c1uobl x1hl2dhg x16tdsg8 x1vvkbs x3nfvp2 x1j61x8r x1fcty0u xdj266r xat24cr xm2jcoa x1mpyi22 xxymvpz xlup9mm x1kky2od\"><img loading=\"lazy\" decoding=\"async\" class=\"xz74otr x15mokao x1ga7v0g x16uus16 xbiv7yw\" src=\"https:\/\/static.xx.fbcdn.net\/images\/emoji.php\/v9\/te\/1\/16\/1f622.png\" alt=\"\ud83d\ude22\" width=\"16\" height=\"16\" \/><\/span>Ils \u00e9taient l\u00e0 en 2019 \u00e0 La Ciotat<\/div>\n<div dir=\"auto\">Notre reportage Hommage \u00e0 Guy Bevert et Jos\u00e9 S\u00e9b\u00e9lou\u00e9 au centre de l&rsquo;image Chanteur nous a quitt\u00e9 \u00e0 l\u2019\u00e2ge de 76 ans dans la nuit du mercredi 3 au jeudi 4 d\u00e9cembre pour rejoindre Jos\u00e9 S\u00e9b\u00e9lou\u00e9 parti avant lui en 2023 sur la gauche de l&rsquo;image. C\u2019est aujourd\u2019hui avec une infinie tristesse que La Compagnie Cr\u00e9ole Cl\u00e9mence et Julien vous annoncent le d\u00e9c\u00e8s de leur ami et compagnon de route de plus de 40 ans.<\/div>\n<div dir=\"auto\">Connu d\u2019abord pour sa dext\u00e9rit\u00e9 \u00e0 la batterie, Guy est rapidement pass\u00e9 sur le devant de la sc\u00e8ne aux c\u00f4t\u00e9s de Cl\u00e9mence, Jos\u00e9 et Julien pour faire r\u00e9sonner au micro les basses puissantes de sa voix de crooner.<\/div>\n<div dir=\"auto\">Pars en paix Guy, sois s\u00fbr que La Compagnie Cr\u00e9ole continuera \u00e0 c\u00e9l\u00e9brer ta m\u00e9moire.<\/div>\n<p><iframe loading=\"lazy\" title=\"Hommage \u00e0 Jos\u00e9 S\u00e9b\u00e9lou\u00e9 Auteur-compositeur-interpr\u00e8te de La Compagnie Cr\u00e9ole Domitys La Ciotat\" src=\"https:\/\/www.youtube.com\/embed\/EXLhw0NhHZI\" width=\"500\" height=\"300\" frameborder=\"0\" allowfullscreen=\"allowfullscreen\"><span style=\"display: inline-block; width: 0px; overflow: hidden; line-height: 0;\" data-mce-type=\"bookmark\" class=\"mce_SELRES_start\">\ufeff<\/span><\/iframe><\/p>\n<\/div>\n<\/div>\n<\/div>\n<\/div>\n<\/div>\n<\/div>\n<\/div>\n","protected":false},"excerpt":{"rendered":"<p>HOMMAGE \/ RIP Guy Ils \u00e9taient l\u00e0 en 2019 \u00e0 La Ciotat Notre reportage Hommage&#8230;<\/p>\n","protected":false},"author":1,"featured_media":1332,"comment_status":"open","ping_status":"closed","sticky":false,"template":"","format":"standard","meta":{"_bbp_topic_count":0,"_bbp_reply_count":0,"_bbp_total_topic_count":0,"_bbp_total_reply_count":0,"_bbp_voice_count":0,"_bbp_anonymous_reply_count":0,"_bbp_topic_count_hidden":0,"_bbp_reply_count_hidden":0,"_bbp_forum_subforum_count":0,"_crdt_document":"","_jetpack_memberships_contains_paid_content":false,"footnotes":"","jetpack_publicize_message":"","jetpack_publicize_feature_enabled":true,"jetpack_social_post_already_shared":true,"jetpack_social_options":{"image_generator_settings":{"template":"highway","default_image_id":0,"font":"","enabled":false},"version":2}},"categories":[208,344,377,40,11],"tags":[704,702,703,705,230],"class_list":["post-1331","post","type-post","status-publish","format-standard","has-post-thumbnail","hentry","category-80s","category-artiste","category-disparition","category-hommage","category-musique","tag-clemence","tag-compagnie-creole","tag-guy-bevert","tag-jose","tag-julien"],"jetpack_publicize_connections":[],"jetpack_featured_media_url":"https:\/\/www.laurensoff.com\/wordpress\/wp-content\/uploads\/2025\/12\/5721143-guy-bevert-lors-d-un-rendez-vous-du-grou-580x0-1.webp","jetpack_sharing_enabled":true,"_links":{"self":[{"href":"https:\/\/www.laurensoff.com\/wordpress\/wp-json\/wp\/v2\/posts\/1331","targetHints":{"allow":["GET"]}}],"collection":[{"href":"https:\/\/www.laurensoff.com\/wordpress\/wp-json\/wp\/v2\/posts"}],"about":[{"href":"https:\/\/www.laurensoff.com\/wordpress\/wp-json\/wp\/v2\/types\/post"}],"author":[{"embeddable":true,"href":"https:\/\/www.laurensoff.com\/wordpress\/wp-json\/wp\/v2\/users\/1"}],"replies":[{"embeddable":true,"href":"https:\/\/www.laurensoff.com\/wordpress\/wp-json\/wp\/v2\/comments?post=1331"}],"version-history":[{"count":1,"href":"https:\/\/www.laurensoff.com\/wordpress\/wp-json\/wp\/v2\/posts\/1331\/revisions"}],"predecessor-version":[{"id":1333,"href":"https:\/\/www.laurensoff.com\/wordpress\/wp-json\/wp\/v2\/posts\/1331\/revisions\/1333"}],"wp:featuredmedia":[{"embeddable":true,"href":"https:\/\/www.laurensoff.com\/wordpress\/wp-json\/wp\/v2\/media\/1332"}],"wp:attachment":[{"href":"https:\/\/www.laurensoff.com\/wordpress\/wp-json\/wp\/v2\/media?parent=1331"}],"wp:term":[{"taxonomy":"category","embeddable":true,"href":"https:\/\/www.laurensoff.com\/wordpress\/wp-json\/wp\/v2\/categories?post=1331"},{"taxonomy":"post_tag","embeddable":true,"href":"https:\/\/www.laurensoff.com\/wordpress\/wp-json\/wp\/v2\/tags?post=1331"}],"curies":[{"name":"wp","href":"https:\/\/api.w.org\/{rel}","templated":true}]}}