{"id":1268,"date":"2025-11-26T11:24:49","date_gmt":"2025-11-26T10:24:49","guid":{"rendered":"https:\/\/www.laurensoff.com\/wordpress\/?p=1268"},"modified":"2025-11-26T11:24:49","modified_gmt":"2025-11-26T10:24:49","slug":"le-chanteur-albert-kassabi-dit-bebert-leader-du-groupe-de-rock-les-forbans-est-decede-a-63-ans","status":"publish","type":"post","link":"https:\/\/www.laurensoff.com\/wordpress\/le-chanteur-albert-kassabi-dit-bebert-leader-du-groupe-de-rock-les-forbans-est-decede-a-63-ans\/","title":{"rendered":"Le chanteur Albert Kassabi, dit \u00ab B\u00e9bert \u00bb, leader du groupe de rock Les Forbans est d\u00e9c\u00e9d\u00e9 \u00e0 63 ans"},"content":{"rendered":"<p><span class=\"break-words tvm-parent-container\"><span dir=\"ltr\"><strong>RIP mon B\u00e9bert est d\u00e9c\u00e9d\u00e9<\/strong>.<\/span><\/span><\/p>\n<p><span class=\"break-words tvm-parent-container\"><span dir=\"ltr\">Le chanteur Albert Kassabi, dit \u00ab B\u00e9bert \u00bb, leader du groupe de rock Les Forbans qui a connu la gloire dans les ann\u00e9es 1980, est d\u00e9c\u00e9d\u00e9 mardi soir en r\u00e9gion parisienne \u00e0 l\u2019\u00e2ge de 63 ans, a annonc\u00e9 Michel Papain, cofondateur et batteur du groupe, au nom de la famille.<\/span><\/span><\/p>\n<p><iframe loading=\"lazy\" title=\"Les Forbans - Medley \/ Live dans les Ann\u00e9es Bonheur\" src=\"https:\/\/www.youtube.com\/embed\/uqSbVtT3D1Y\" width=\"500\" height=\"300\" frameborder=\"0\" allowfullscreen=\"allowfullscreen\"><\/iframe><\/p>\n","protected":false},"excerpt":{"rendered":"<p>RIP mon B\u00e9bert est d\u00e9c\u00e9d\u00e9. Le chanteur Albert Kassabi, dit \u00ab B\u00e9bert \u00bb, leader du&#8230;<\/p>\n","protected":false},"author":1,"featured_media":1269,"comment_status":"open","ping_status":"closed","sticky":false,"template":"","format":"standard","meta":{"_bbp_topic_count":0,"_bbp_reply_count":0,"_bbp_total_topic_count":0,"_bbp_total_reply_count":0,"_bbp_voice_count":0,"_bbp_anonymous_reply_count":0,"_bbp_topic_count_hidden":0,"_bbp_reply_count_hidden":0,"_bbp_forum_subforum_count":0,"_crdt_document":"","_jetpack_memberships_contains_paid_content":false,"footnotes":"","jetpack_publicize_message":"","jetpack_publicize_feature_enabled":true,"jetpack_social_post_already_shared":true,"jetpack_social_options":{"image_generator_settings":{"template":"highway","default_image_id":0,"font":"","enabled":false},"version":2}},"categories":[208,344,40,278,11,667],"tags":[],"class_list":["post-1268","post","type-post","status-publish","format-standard","has-post-thumbnail","hentry","category-80s","category-artiste","category-hommage","category-liberte","category-musique","category-rock"],"jetpack_publicize_connections":[],"jetpack_featured_media_url":"https:\/\/www.laurensoff.com\/wordpress\/wp-content\/uploads\/2025\/11\/589680619_836621666027321_3484777120562480399_n-e1764152579463.jpg","jetpack_sharing_enabled":true,"_links":{"self":[{"href":"https:\/\/www.laurensoff.com\/wordpress\/wp-json\/wp\/v2\/posts\/1268","targetHints":{"allow":["GET"]}}],"collection":[{"href":"https:\/\/www.laurensoff.com\/wordpress\/wp-json\/wp\/v2\/posts"}],"about":[{"href":"https:\/\/www.laurensoff.com\/wordpress\/wp-json\/wp\/v2\/types\/post"}],"author":[{"embeddable":true,"href":"https:\/\/www.laurensoff.com\/wordpress\/wp-json\/wp\/v2\/users\/1"}],"replies":[{"embeddable":true,"href":"https:\/\/www.laurensoff.com\/wordpress\/wp-json\/wp\/v2\/comments?post=1268"}],"version-history":[{"count":1,"href":"https:\/\/www.laurensoff.com\/wordpress\/wp-json\/wp\/v2\/posts\/1268\/revisions"}],"predecessor-version":[{"id":1270,"href":"https:\/\/www.laurensoff.com\/wordpress\/wp-json\/wp\/v2\/posts\/1268\/revisions\/1270"}],"wp:featuredmedia":[{"embeddable":true,"href":"https:\/\/www.laurensoff.com\/wordpress\/wp-json\/wp\/v2\/media\/1269"}],"wp:attachment":[{"href":"https:\/\/www.laurensoff.com\/wordpress\/wp-json\/wp\/v2\/media?parent=1268"}],"wp:term":[{"taxonomy":"category","embeddable":true,"href":"https:\/\/www.laurensoff.com\/wordpress\/wp-json\/wp\/v2\/categories?post=1268"},{"taxonomy":"post_tag","embeddable":true,"href":"https:\/\/www.laurensoff.com\/wordpress\/wp-json\/wp\/v2\/tags?post=1268"}],"curies":[{"name":"wp","href":"https:\/\/api.w.org\/{rel}","templated":true}]}}