{"id":1235,"date":"2025-11-25T07:10:37","date_gmt":"2025-11-25T06:10:37","guid":{"rendered":"https:\/\/www.laurensoff.com\/wordpress\/?p=1235"},"modified":"2025-11-25T07:12:12","modified_gmt":"2025-11-25T06:12:12","slug":"joyeux-anniversaire-aldo-la-classe-internationale-90-ans-le-27-novembre-2025-%f0%9f%98%81-cette-semaine-on-celebre-la-classe-%f0%9f%98%8e-aldo-la-classe-for-ever-%f0%9f%a4%9f","status":"publish","type":"post","link":"https:\/\/www.laurensoff.com\/wordpress\/joyeux-anniversaire-aldo-la-classe-internationale-90-ans-le-27-novembre-2025-%f0%9f%98%81-cette-semaine-on-celebre-la-classe-%f0%9f%98%8e-aldo-la-classe-for-ever-%f0%9f%a4%9f\/","title":{"rendered":"Joyeux Anniversaire ALDO La Classe Internationale ! 90 ans le 27 Novembre 2025 \ud83d\ude01 Cette semaine, on c\u00e9l\u00e8bre la classe \ud83d\ude0e ALDO LA CLASSE FOR EVER \ud83e\udd1f"},"content":{"rendered":"<p>Le petit Aldo est n\u00e9 le 27 novembre 1935 \u00e0 Turin en Italie. Le jeune aspirant com\u00e9dien commence \u00e0 faire du th\u00e9\u00e2tre en amateur dans son \u00e9cole avant de se frotter aux cabarets de la capitale pi\u00e9montaise, o\u00f9 il exerce modestement comme fantaisiste au cours des ann\u00e9es 1950.<\/p>\n<p>Rep\u00e9r\u00e9 par Claude Lelouch, qui avait d\u00e9j\u00e0 int\u00e9gr\u00e9 un num\u00e9ro des Brutos dans un de ses pr\u00e9cedents films, <em>l&rsquo;Amour avec des Si,<\/em> il joue en solo un petit r\u00f4le dans <em>Le Voyou<\/em>, avec Jean-Louis Trintignant en 1970.<\/p>\n<p>C&rsquo;est en 1972, toujours devant la cam\u00e9ra de Claude Lelouch, qu&rsquo;il explose r\u00e9ellement en tant qu&rsquo;acteur solo dans <em>L&rsquo;Aventure, c&rsquo;est l&rsquo;aventure<\/em>, aux c\u00f4t\u00e9s de Lino Ventura et Jacques Brel.<\/p>\n<p><img loading=\"lazy\" decoding=\"async\" class=\"alignnone size-full wp-image-1236\" src=\"https:\/\/www.laurensoff.com\/wordpress\/wp-content\/uploads\/2025\/11\/634a8147f0a6d-plus-beau.jpg\" alt=\"\" width=\"400\" height=\"384\" srcset=\"https:\/\/www.laurensoff.com\/wordpress\/wp-content\/uploads\/2025\/11\/634a8147f0a6d-plus-beau.jpg 400w, https:\/\/www.laurensoff.com\/wordpress\/wp-content\/uploads\/2025\/11\/634a8147f0a6d-plus-beau-300x288.jpg 300w\" sizes=\"auto, (max-width: 400px) 100vw, 400px\" \/><\/p>\n<p>C&rsquo;est la premi\u00e8re fois qu&rsquo;il exhibe \u00e0 l&rsquo;\u00e9cran sa c\u00e9l\u00e8bre d\u00e9marche chaloup\u00e9e de s\u00e9ducteur de pacotille, qui contribuera \u00e0 son succ\u00e8s. Philippe Clair pr\u00e9tendra plus tard avoir invent\u00e9 la d\u00e9marche dans le spectacle <em>Pur\u00e9e de nous z&rsquo;\u00f4tres<\/em> , Aldo la lui ayant odieusement piqu\u00e9e.<\/p>\n<p>D&rsquo;autres en attribuent plut\u00f4t la paternit\u00e9 \u00e0 Alberto Sordi. Nous laisserons \u00e0 de plus fins ex\u00e9g\u00e8tes le soin d&rsquo;\u00e9lucider le myst\u00e8re de la paternit\u00e9 de la d\u00e9marche \u00ab\u00a0la classe\u00a0\u00bb et noterons simplement, pour l&rsquo;anecdote, que le r\u00f4le d&rsquo;Aldo fut initialement propos\u00e9 \u00e0 un jeune homme aux pr\u00e9tentions d&rsquo;acteur : Bernard Tapie !<\/p>\n<p>&nbsp;<\/p>\n<p><img loading=\"lazy\" decoding=\"async\" class=\"alignnone wp-image-1237\" src=\"https:\/\/www.laurensoff.com\/wordpress\/wp-content\/uploads\/2025\/11\/635a2e6012f1a-c1wwf4-xgaa4wnc.jpg\" alt=\"\" width=\"384\" height=\"288\" srcset=\"https:\/\/www.laurensoff.com\/wordpress\/wp-content\/uploads\/2025\/11\/635a2e6012f1a-c1wwf4-xgaa4wnc.jpg 960w, https:\/\/www.laurensoff.com\/wordpress\/wp-content\/uploads\/2025\/11\/635a2e6012f1a-c1wwf4-xgaa4wnc-300x225.jpg 300w, https:\/\/www.laurensoff.com\/wordpress\/wp-content\/uploads\/2025\/11\/635a2e6012f1a-c1wwf4-xgaa4wnc-768x576.jpg 768w, https:\/\/www.laurensoff.com\/wordpress\/wp-content\/uploads\/2025\/11\/635a2e6012f1a-c1wwf4-xgaa4wnc-600x450.jpg 600w\" sizes=\"auto, (max-width: 384px) 100vw, 384px\" \/><\/p>\n<p><img loading=\"lazy\" decoding=\"async\" class=\"alignnone wp-image-1238\" src=\"https:\/\/www.laurensoff.com\/wordpress\/wp-content\/uploads\/2025\/11\/6358dfa6a4d6e-brus.jpg\" alt=\"\" width=\"388\" height=\"525\" srcset=\"https:\/\/www.laurensoff.com\/wordpress\/wp-content\/uploads\/2025\/11\/6358dfa6a4d6e-brus.jpg 800w, https:\/\/www.laurensoff.com\/wordpress\/wp-content\/uploads\/2025\/11\/6358dfa6a4d6e-brus-222x300.jpg 222w, https:\/\/www.laurensoff.com\/wordpress\/wp-content\/uploads\/2025\/11\/6358dfa6a4d6e-brus-757x1024.jpg 757w, https:\/\/www.laurensoff.com\/wordpress\/wp-content\/uploads\/2025\/11\/6358dfa6a4d6e-brus-768x1039.jpg 768w, https:\/\/www.laurensoff.com\/wordpress\/wp-content\/uploads\/2025\/11\/6358dfa6a4d6e-brus-600x812.jpg 600w\" sizes=\"auto, (max-width: 388px) 100vw, 388px\" \/><\/p>\n<p>&nbsp;<\/p>\n<p><img loading=\"lazy\" decoding=\"async\" class=\"alignnone wp-image-1240\" src=\"https:\/\/www.laurensoff.com\/wordpress\/wp-content\/uploads\/2025\/11\/6358fe67d7754-media-4.jpg\" alt=\"\" width=\"289\" height=\"382\" \/> <img loading=\"lazy\" decoding=\"async\" class=\"alignnone wp-image-1241\" src=\"https:\/\/www.laurensoff.com\/wordpress\/wp-content\/uploads\/2025\/11\/63565a9f3a0ea-bain.jpg\" alt=\"\" width=\"246\" height=\"331\" srcset=\"https:\/\/www.laurensoff.com\/wordpress\/wp-content\/uploads\/2025\/11\/63565a9f3a0ea-bain.jpg 475w, https:\/\/www.laurensoff.com\/wordpress\/wp-content\/uploads\/2025\/11\/63565a9f3a0ea-bain-223x300.jpg 223w\" sizes=\"auto, (max-width: 246px) 100vw, 246px\" \/><\/p>\n<p><img loading=\"lazy\" decoding=\"async\" class=\"alignnone wp-image-1242\" src=\"https:\/\/www.laurensoff.com\/wordpress\/wp-content\/uploads\/2025\/11\/480029365_10170935616260314_1375510268708758152_n-1.jpg\" alt=\"\" width=\"319\" height=\"239\" srcset=\"https:\/\/www.laurensoff.com\/wordpress\/wp-content\/uploads\/2025\/11\/480029365_10170935616260314_1375510268708758152_n-1.jpg 480w, https:\/\/www.laurensoff.com\/wordpress\/wp-content\/uploads\/2025\/11\/480029365_10170935616260314_1375510268708758152_n-1-300x225.jpg 300w\" sizes=\"auto, (max-width: 319px) 100vw, 319px\" \/> <img loading=\"lazy\" decoding=\"async\" class=\"alignnone wp-image-1243\" src=\"https:\/\/www.laurensoff.com\/wordpress\/wp-content\/uploads\/2025\/11\/480152716_10170935616140314_7769968972410923089_n-1.jpg\" alt=\"\" width=\"332\" height=\"236\" srcset=\"https:\/\/www.laurensoff.com\/wordpress\/wp-content\/uploads\/2025\/11\/480152716_10170935616140314_7769968972410923089_n-1.jpg 550w, https:\/\/www.laurensoff.com\/wordpress\/wp-content\/uploads\/2025\/11\/480152716_10170935616140314_7769968972410923089_n-1-300x213.jpg 300w\" sizes=\"auto, (max-width: 332px) 100vw, 332px\" \/><\/p>\n<p><img loading=\"lazy\" decoding=\"async\" class=\"alignnone wp-image-1246\" src=\"https:\/\/www.laurensoff.com\/wordpress\/wp-content\/uploads\/2025\/11\/635901437234e-359838-qui-aldo-maccione-va-t-il-designer-950x0-1.jpg\" alt=\"\" width=\"310\" height=\"190\" srcset=\"https:\/\/www.laurensoff.com\/wordpress\/wp-content\/uploads\/2025\/11\/635901437234e-359838-qui-aldo-maccione-va-t-il-designer-950x0-1.jpg 950w, https:\/\/www.laurensoff.com\/wordpress\/wp-content\/uploads\/2025\/11\/635901437234e-359838-qui-aldo-maccione-va-t-il-designer-950x0-1-300x184.jpg 300w, https:\/\/www.laurensoff.com\/wordpress\/wp-content\/uploads\/2025\/11\/635901437234e-359838-qui-aldo-maccione-va-t-il-designer-950x0-1-768x471.jpg 768w, https:\/\/www.laurensoff.com\/wordpress\/wp-content\/uploads\/2025\/11\/635901437234e-359838-qui-aldo-maccione-va-t-il-designer-950x0-1-600x368.jpg 600w\" sizes=\"auto, (max-width: 310px) 100vw, 310px\" \/><\/p>\n<p><img loading=\"lazy\" decoding=\"async\" class=\"alignnone wp-image-1245\" src=\"https:\/\/www.laurensoff.com\/wordpress\/wp-content\/uploads\/2025\/11\/587230620_10173117560095314_8910586046979947597_n-1.jpg\" alt=\"\" width=\"230\" height=\"243\" srcset=\"https:\/\/www.laurensoff.com\/wordpress\/wp-content\/uploads\/2025\/11\/587230620_10173117560095314_8910586046979947597_n-1.jpg 567w, https:\/\/www.laurensoff.com\/wordpress\/wp-content\/uploads\/2025\/11\/587230620_10173117560095314_8910586046979947597_n-1-284x300.jpg 284w\" sizes=\"auto, (max-width: 230px) 100vw, 230px\" \/> \u00a0<img loading=\"lazy\" decoding=\"async\" class=\"alignnone wp-image-1247\" src=\"https:\/\/www.laurensoff.com\/wordpress\/wp-content\/uploads\/2025\/11\/1516881931769.jpg\" alt=\"\" width=\"275\" height=\"343\" srcset=\"https:\/\/www.laurensoff.com\/wordpress\/wp-content\/uploads\/2025\/11\/1516881931769.jpg 656w, https:\/\/www.laurensoff.com\/wordpress\/wp-content\/uploads\/2025\/11\/1516881931769-241x300.jpg 241w, https:\/\/www.laurensoff.com\/wordpress\/wp-content\/uploads\/2025\/11\/1516881931769-600x748.jpg 600w\" sizes=\"auto, (max-width: 275px) 100vw, 275px\" \/><\/p>\n<p><img loading=\"lazy\" decoding=\"async\" class=\"alignnone wp-image-1248\" src=\"https:\/\/www.laurensoff.com\/wordpress\/wp-content\/uploads\/2025\/11\/1606291221072.jpg\" alt=\"\" width=\"449\" height=\"449\" srcset=\"https:\/\/www.laurensoff.com\/wordpress\/wp-content\/uploads\/2025\/11\/1606291221072.jpg 960w, https:\/\/www.laurensoff.com\/wordpress\/wp-content\/uploads\/2025\/11\/1606291221072-300x300.jpg 300w, https:\/\/www.laurensoff.com\/wordpress\/wp-content\/uploads\/2025\/11\/1606291221072-150x150.jpg 150w, https:\/\/www.laurensoff.com\/wordpress\/wp-content\/uploads\/2025\/11\/1606291221072-768x768.jpg 768w, https:\/\/www.laurensoff.com\/wordpress\/wp-content\/uploads\/2025\/11\/1606291221072-600x600.jpg 600w, https:\/\/www.laurensoff.com\/wordpress\/wp-content\/uploads\/2025\/11\/1606291221072-100x100.jpg 100w\" sizes=\"auto, (max-width: 449px) 100vw, 449px\" \/> <img loading=\"lazy\" decoding=\"async\" class=\"alignnone wp-image-1249\" src=\"https:\/\/www.laurensoff.com\/wordpress\/wp-content\/uploads\/2025\/11\/6359027188420-526214-aldo-maccione-au-10eme-festival-du-624x600-2.jpg\" alt=\"\" width=\"303\" height=\"291\" srcset=\"https:\/\/www.laurensoff.com\/wordpress\/wp-content\/uploads\/2025\/11\/6359027188420-526214-aldo-maccione-au-10eme-festival-du-624x600-2.jpg 624w, https:\/\/www.laurensoff.com\/wordpress\/wp-content\/uploads\/2025\/11\/6359027188420-526214-aldo-maccione-au-10eme-festival-du-624x600-2-300x288.jpg 300w, https:\/\/www.laurensoff.com\/wordpress\/wp-content\/uploads\/2025\/11\/6359027188420-526214-aldo-maccione-au-10eme-festival-du-624x600-2-600x577.jpg 600w\" sizes=\"auto, (max-width: 303px) 100vw, 303px\" \/><\/p>\n<p><img loading=\"lazy\" decoding=\"async\" class=\"alignnone size-full wp-image-1250\" src=\"https:\/\/www.laurensoff.com\/wordpress\/wp-content\/uploads\/2025\/11\/aldo07.jpg\" alt=\"\" width=\"335\" height=\"273\" srcset=\"https:\/\/www.laurensoff.com\/wordpress\/wp-content\/uploads\/2025\/11\/aldo07.jpg 335w, https:\/\/www.laurensoff.com\/wordpress\/wp-content\/uploads\/2025\/11\/aldo07-300x244.jpg 300w\" sizes=\"auto, (max-width: 335px) 100vw, 335px\" \/><\/p>\n<p><img loading=\"lazy\" decoding=\"async\" class=\"alignnone size-full wp-image-1251\" src=\"https:\/\/www.laurensoff.com\/wordpress\/wp-content\/uploads\/2025\/11\/aldo10.jpg\" alt=\"\" width=\"280\" height=\"215\" \/> <img loading=\"lazy\" decoding=\"async\" class=\"alignnone wp-image-1252\" src=\"https:\/\/www.laurensoff.com\/wordpress\/wp-content\/uploads\/2025\/11\/aldo-la-classe-affiche.jpg\" alt=\"\" width=\"188\" height=\"294\" srcset=\"https:\/\/www.laurensoff.com\/wordpress\/wp-content\/uploads\/2025\/11\/aldo-la-classe-affiche.jpg 400w, https:\/\/www.laurensoff.com\/wordpress\/wp-content\/uploads\/2025\/11\/aldo-la-classe-affiche-192x300.jpg 192w\" sizes=\"auto, (max-width: 188px) 100vw, 188px\" \/><\/p>\n<p><img loading=\"lazy\" decoding=\"async\" class=\"alignnone wp-image-1253\" src=\"https:\/\/www.laurensoff.com\/wordpress\/wp-content\/uploads\/2025\/11\/azeaeazeaeaea.jpg\" alt=\"\" width=\"378\" height=\"215\" srcset=\"https:\/\/www.laurensoff.com\/wordpress\/wp-content\/uploads\/2025\/11\/azeaeazeaeaea.jpg 1200w, https:\/\/www.laurensoff.com\/wordpress\/wp-content\/uploads\/2025\/11\/azeaeazeaeaea-300x171.jpg 300w, https:\/\/www.laurensoff.com\/wordpress\/wp-content\/uploads\/2025\/11\/azeaeazeaeaea-1024x582.jpg 1024w, https:\/\/www.laurensoff.com\/wordpress\/wp-content\/uploads\/2025\/11\/azeaeazeaeaea-768x436.jpg 768w, https:\/\/www.laurensoff.com\/wordpress\/wp-content\/uploads\/2025\/11\/azeaeazeaeaea-600x341.jpg 600w\" sizes=\"auto, (max-width: 378px) 100vw, 378px\" \/> <img loading=\"lazy\" decoding=\"async\" class=\"alignnone wp-image-1254\" src=\"https:\/\/www.laurensoff.com\/wordpress\/wp-content\/uploads\/2025\/11\/Capture-1.jpg\" alt=\"\" width=\"312\" height=\"173\" srcset=\"https:\/\/www.laurensoff.com\/wordpress\/wp-content\/uploads\/2025\/11\/Capture-1.jpg 1038w, https:\/\/www.laurensoff.com\/wordpress\/wp-content\/uploads\/2025\/11\/Capture-1-300x166.jpg 300w, https:\/\/www.laurensoff.com\/wordpress\/wp-content\/uploads\/2025\/11\/Capture-1-1024x568.jpg 1024w, https:\/\/www.laurensoff.com\/wordpress\/wp-content\/uploads\/2025\/11\/Capture-1-768x426.jpg 768w, https:\/\/www.laurensoff.com\/wordpress\/wp-content\/uploads\/2025\/11\/Capture-1-600x333.jpg 600w\" sizes=\"auto, (max-width: 312px) 100vw, 312px\" \/><\/p>\n<p><img loading=\"lazy\" decoding=\"async\" class=\"alignnone wp-image-1255\" src=\"https:\/\/www.laurensoff.com\/wordpress\/wp-content\/uploads\/2025\/11\/corbillarddejules.jpg\" alt=\"\" width=\"240\" height=\"335\" srcset=\"https:\/\/www.laurensoff.com\/wordpress\/wp-content\/uploads\/2025\/11\/corbillarddejules.jpg 344w, https:\/\/www.laurensoff.com\/wordpress\/wp-content\/uploads\/2025\/11\/corbillarddejules-215x300.jpg 215w\" sizes=\"auto, (max-width: 240px) 100vw, 240px\" \/> <img loading=\"lazy\" decoding=\"async\" class=\"alignnone wp-image-1256\" src=\"https:\/\/www.laurensoff.com\/wordpress\/wp-content\/uploads\/2025\/11\/dgdfgfd.jpg\" alt=\"\" width=\"322\" height=\"231\" srcset=\"https:\/\/www.laurensoff.com\/wordpress\/wp-content\/uploads\/2025\/11\/dgdfgfd.jpg 1600w, https:\/\/www.laurensoff.com\/wordpress\/wp-content\/uploads\/2025\/11\/dgdfgfd-300x215.jpg 300w, https:\/\/www.laurensoff.com\/wordpress\/wp-content\/uploads\/2025\/11\/dgdfgfd-1024x734.jpg 1024w, https:\/\/www.laurensoff.com\/wordpress\/wp-content\/uploads\/2025\/11\/dgdfgfd-768x551.jpg 768w, https:\/\/www.laurensoff.com\/wordpress\/wp-content\/uploads\/2025\/11\/dgdfgfd-1536x1101.jpg 1536w, https:\/\/www.laurensoff.com\/wordpress\/wp-content\/uploads\/2025\/11\/dgdfgfd-600x430.jpg 600w\" sizes=\"auto, (max-width: 322px) 100vw, 322px\" \/><\/p>\n<p><img loading=\"lazy\" decoding=\"async\" class=\"alignnone wp-image-1257\" src=\"https:\/\/www.laurensoff.com\/wordpress\/wp-content\/uploads\/2025\/11\/dyyky6-29068281.jpg\" alt=\"\" width=\"290\" height=\"227\" srcset=\"https:\/\/www.laurensoff.com\/wordpress\/wp-content\/uploads\/2025\/11\/dyyky6-29068281.jpg 1600w, https:\/\/www.laurensoff.com\/wordpress\/wp-content\/uploads\/2025\/11\/dyyky6-29068281-300x234.jpg 300w, https:\/\/www.laurensoff.com\/wordpress\/wp-content\/uploads\/2025\/11\/dyyky6-29068281-1024x800.jpg 1024w, https:\/\/www.laurensoff.com\/wordpress\/wp-content\/uploads\/2025\/11\/dyyky6-29068281-768x600.jpg 768w, https:\/\/www.laurensoff.com\/wordpress\/wp-content\/uploads\/2025\/11\/dyyky6-29068281-1536x1200.jpg 1536w, https:\/\/www.laurensoff.com\/wordpress\/wp-content\/uploads\/2025\/11\/dyyky6-29068281-600x469.jpg 600w\" sizes=\"auto, (max-width: 290px) 100vw, 290px\" \/><\/p>\n<p><img loading=\"lazy\" decoding=\"async\" class=\"alignnone wp-image-1259\" src=\"https:\/\/www.laurensoff.com\/wordpress\/wp-content\/uploads\/2025\/11\/5ecccb475828f-s-l1600-2.jpg.webp\" alt=\"\" width=\"280\" height=\"379\" srcset=\"https:\/\/www.laurensoff.com\/wordpress\/wp-content\/uploads\/2025\/11\/5ecccb475828f-s-l1600-2.jpg.webp 510w, https:\/\/www.laurensoff.com\/wordpress\/wp-content\/uploads\/2025\/11\/5ecccb475828f-s-l1600-2.jpg-222x300.webp 222w\" sizes=\"auto, (max-width: 280px) 100vw, 280px\" \/> <img loading=\"lazy\" decoding=\"async\" class=\"alignnone wp-image-1260\" src=\"https:\/\/www.laurensoff.com\/wordpress\/wp-content\/uploads\/2025\/11\/659ae1920611f-affich-6976-2.jpg.webp\" alt=\"\" width=\"236\" height=\"314\" srcset=\"https:\/\/www.laurensoff.com\/wordpress\/wp-content\/uploads\/2025\/11\/659ae1920611f-affich-6976-2.jpg.webp 700w, https:\/\/www.laurensoff.com\/wordpress\/wp-content\/uploads\/2025\/11\/659ae1920611f-affich-6976-2.jpg-226x300.webp 226w, https:\/\/www.laurensoff.com\/wordpress\/wp-content\/uploads\/2025\/11\/659ae1920611f-affich-6976-2.jpg-600x797.webp 600w\" sizes=\"auto, (max-width: 236px) 100vw, 236px\" \/><\/p>\n<p><img loading=\"lazy\" decoding=\"async\" class=\"alignnone size-full wp-image-1261\" src=\"https:\/\/www.laurensoff.com\/wordpress\/wp-content\/uploads\/2025\/11\/aldo09.gif\" alt=\"\" width=\"89\" height=\"144\" \/><\/p>\n","protected":false},"excerpt":{"rendered":"<p>Le petit Aldo est n\u00e9 le 27 novembre 1935 \u00e0 Turin en Italie. Le jeune&#8230;<\/p>\n","protected":false},"author":1,"featured_media":1240,"comment_status":"open","ping_status":"closed","sticky":false,"template":"","format":"standard","meta":{"_bbp_topic_count":0,"_bbp_reply_count":0,"_bbp_total_topic_count":0,"_bbp_total_reply_count":0,"_bbp_voice_count":0,"_bbp_anonymous_reply_count":0,"_bbp_topic_count_hidden":0,"_bbp_reply_count_hidden":0,"_bbp_forum_subforum_count":0,"_crdt_document":"","_jetpack_memberships_contains_paid_content":false,"footnotes":"","jetpack_publicize_message":"","jetpack_publicize_feature_enabled":true,"jetpack_social_post_already_shared":true,"jetpack_social_options":{"image_generator_settings":{"template":"highway","default_image_id":0,"font":"","enabled":false},"version":2}},"categories":[208,344,5,3,40,392,664],"tags":[665,666],"class_list":["post-1235","post","type-post","status-publish","format-standard","has-post-thumbnail","hentry","category-80s","category-artiste","category-cinema","category-film","category-hommage","category-international","category-la-classe","tag-aldo","tag-la-classe"],"jetpack_publicize_connections":[],"jetpack_featured_media_url":"https:\/\/www.laurensoff.com\/wordpress\/wp-content\/uploads\/2025\/11\/6358fe67d7754-media-4-e1764050691570.jpg","jetpack_sharing_enabled":true,"_links":{"self":[{"href":"https:\/\/www.laurensoff.com\/wordpress\/wp-json\/wp\/v2\/posts\/1235","targetHints":{"allow":["GET"]}}],"collection":[{"href":"https:\/\/www.laurensoff.com\/wordpress\/wp-json\/wp\/v2\/posts"}],"about":[{"href":"https:\/\/www.laurensoff.com\/wordpress\/wp-json\/wp\/v2\/types\/post"}],"author":[{"embeddable":true,"href":"https:\/\/www.laurensoff.com\/wordpress\/wp-json\/wp\/v2\/users\/1"}],"replies":[{"embeddable":true,"href":"https:\/\/www.laurensoff.com\/wordpress\/wp-json\/wp\/v2\/comments?post=1235"}],"version-history":[{"count":3,"href":"https:\/\/www.laurensoff.com\/wordpress\/wp-json\/wp\/v2\/posts\/1235\/revisions"}],"predecessor-version":[{"id":1264,"href":"https:\/\/www.laurensoff.com\/wordpress\/wp-json\/wp\/v2\/posts\/1235\/revisions\/1264"}],"wp:featuredmedia":[{"embeddable":true,"href":"https:\/\/www.laurensoff.com\/wordpress\/wp-json\/wp\/v2\/media\/1240"}],"wp:attachment":[{"href":"https:\/\/www.laurensoff.com\/wordpress\/wp-json\/wp\/v2\/media?parent=1235"}],"wp:term":[{"taxonomy":"category","embeddable":true,"href":"https:\/\/www.laurensoff.com\/wordpress\/wp-json\/wp\/v2\/categories?post=1235"},{"taxonomy":"post_tag","embeddable":true,"href":"https:\/\/www.laurensoff.com\/wordpress\/wp-json\/wp\/v2\/tags?post=1235"}],"curies":[{"name":"wp","href":"https:\/\/api.w.org\/{rel}","templated":true}]}}