{"id":1223,"date":"2025-11-24T12:45:38","date_gmt":"2025-11-24T11:45:38","guid":{"rendered":"https:\/\/www.laurensoff.com\/wordpress\/?p=1223"},"modified":"2025-11-24T12:45:38","modified_gmt":"2025-11-24T11:45:38","slug":"histoire-lincroyable-periple-de-magellan-integrale-arte-a-revoir-plus-de-3h00-de-reportage","status":"publish","type":"post","link":"https:\/\/www.laurensoff.com\/wordpress\/histoire-lincroyable-periple-de-magellan-integrale-arte-a-revoir-plus-de-3h00-de-reportage\/","title":{"rendered":"HISTOIRE \/ L&rsquo;Incroyable p\u00e9riple de Magellan | Int\u00e9grale | ARTE A revoir plus de 3h00 de reportage"},"content":{"rendered":"<p><iframe loading=\"lazy\" title=\"L'Incroyable p\u00e9riple de Magellan | Int\u00e9grale | ARTE\" src=\"https:\/\/www.youtube.com\/embed\/QDu0C8HFn9k\" width=\"500\" height=\"300\" frameborder=\"0\" allowfullscreen=\"allowfullscreen\"><\/iframe><\/p>\n<p><span class=\"yt-core-attributed-string yt-core-attributed-string--white-space-pre-wrap\" dir=\"auto\"><span class=\"yt-core-attributed-string--link-inherit-color\" dir=\"auto\">S\u00e9rie documentaire disponible en rediffusion jusqu&rsquo;au 20\/04\/2026 Entre 1519 et 1522, la flotte du navigateur portugais Fernand de Magellan r\u00e9alisa le premier tour du monde de l\u2019histoire. En quatre volets, le formidable r\u00e9cit d\u2019une exp\u00e9dition historique, marqu\u00e9e par les drames. La premi\u00e8re circumnavigation de l\u2019histoire racont\u00e9e par le menu ! Gr\u00e2ce notamment \u00e0 la chronique que fit de l\u2019exp\u00e9dition l\u2019Italien Antonio Pigafetta, qui fit partie des 18 survivants \u00e0 avoir boucl\u00e9, en 1522, le tour du monde \u2013 sur les 237 hommes partis de S\u00e9ville en 1519 \u2013, Fran\u00e7ois Riberolles (L&rsquo;ivresse des profondeurs) retrace le d\u00e9roulement d\u2019un exploit maritime digne des plus grands romans d\u2019aventures : trois ans de navigation sur les mers au cours desquels complots, d\u00e9boires, drames mais aussi rencontres avec des peuples d\u2019Am\u00e9rique, du Pacifique et de l\u2019oc\u00e9an Indien se sont succ\u00e9d\u00e9. En quatre volets, illustr\u00e9s d&rsquo;images a\u00e9riennes spectaculaires tourn\u00e9es autour du monde sur les pas de Magellan et de superbes animations graphiques, une s\u00e9rie documentaire passionnante, document\u00e9e par des historiens et des marins au long cours. <\/span><span class=\"yt-core-attributed-string--link-inherit-color\" dir=\"auto\"><a class=\"yt-core-attributed-string__link yt-core-attributed-string__link--call-to-action-color\" tabindex=\"0\" href=\"https:\/\/www.youtube.com\/watch?v=QDu0C8HFn9k\" target=\"\" aria-label=\"0\u00a0seconde\">00:00<\/a><\/span><span class=\"yt-core-attributed-string--link-inherit-color\" dir=\"auto\"> \u00c9pisode 1 &#8211; Le partage du monde Entr\u00e9 au service du roi d\u2019Espagne, le navigateur portugais Fernand de Magellan dirige la flotte qui bouclera, sans l\u2019avoir d\u00e9cid\u00e9 au d\u00e9part, le premier tour du monde maritime de l\u2019histoire.<\/span><\/span><\/p>\n<p><span class=\"yt-core-attributed-string yt-core-attributed-string--white-space-pre-wrap\" dir=\"auto\"> <span class=\"yt-core-attributed-string--link-inherit-color\" dir=\"auto\"><a class=\"yt-core-attributed-string__link yt-core-attributed-string__link--call-to-action-color\" tabindex=\"0\" href=\"https:\/\/www.youtube.com\/watch?v=QDu0C8HFn9k&amp;t=3156s\" target=\"\" aria-label=\"52 minutes et 36\u00a0secondes\">52:36<\/a><\/span><span class=\"yt-core-attributed-string--link-inherit-color\" dir=\"auto\"> \u00c9pisode 2 &#8211; Voyage au bord du monde Pour rejoindre l\u2019Orient par l\u2019Occident, Magellan promet qu\u2019il r\u00e9ussira \u00e0 rejoindre les Indes, l\u00e0 o\u00f9 Christophe Colomb avait \u00e9chou\u00e9.<\/span><\/span><\/p>\n<p><span class=\"yt-core-attributed-string yt-core-attributed-string--white-space-pre-wrap\" dir=\"auto\"> <span class=\"yt-core-attributed-string--link-inherit-color\" dir=\"auto\"><a class=\"yt-core-attributed-string__link yt-core-attributed-string__link--call-to-action-color\" tabindex=\"0\" href=\"https:\/\/www.youtube.com\/watch?v=QDu0C8HFn9k&amp;t=6439s\" target=\"\" aria-label=\"1\u00a0heure, 47 minutes et 19\u00a0secondes\">1:47:19<\/a><\/span><span class=\"yt-core-attributed-string--link-inherit-color\" dir=\"auto\"> \u00c9pisode 3 &#8211; Le royaume de Magellan Longeant la c\u00f4te au-del\u00e0 du Br\u00e9sil, Magellan d\u00e9couvre un passage qui lui permet de s&rsquo;enfoncer dans le continent am\u00e9ricain. <\/span><\/span><\/p>\n<p><span class=\"yt-core-attributed-string yt-core-attributed-string--white-space-pre-wrap\" dir=\"auto\"><span class=\"yt-core-attributed-string--link-inherit-color\" dir=\"auto\"><a class=\"yt-core-attributed-string__link yt-core-attributed-string__link--call-to-action-color\" tabindex=\"0\" href=\"https:\/\/www.youtube.com\/watch?v=QDu0C8HFn9k&amp;t=9528s\" target=\"\" aria-label=\"2\u00a0heures, 38 minutes et 48\u00a0secondes\">2:38:48<\/a><\/span><span class=\"yt-core-attributed-string--link-inherit-color\" dir=\"auto\"> \u00c9pisode 4 &#8211; Le premier tour du monde Priv\u00e9 de Magellan, qui a succomb\u00e9 aux Philippines le 27 avril 1521, les \u00e9quipages des deux navires restants poursuivent leur route. L&rsquo;Incroyable p\u00e9riple de Magellan S\u00e9rie documentaire de Fran\u00e7ois de Riberolles (France, 2022, 53mn)<\/span><\/span><\/p>\n<p><span class=\"yt-core-attributed-string yt-core-attributed-string--white-space-pre-wrap\" dir=\"auto\"> <span class=\"yt-core-attributed-string--link-inherit-color\" dir=\"auto\"><a class=\"yt-core-attributed-string__link yt-core-attributed-string__link--call-to-action-color\" tabindex=\"0\" href=\"https:\/\/www.youtube.com\/hashtag\/magellan\" target=\"\">#magellan<\/a><\/span> <span class=\"yt-core-attributed-string--link-inherit-color\" dir=\"auto\"><a class=\"yt-core-attributed-string__link yt-core-attributed-string__link--call-to-action-color\" tabindex=\"0\" href=\"https:\/\/www.youtube.com\/hashtag\/histoire\" target=\"\">#histoire<\/a><\/span> <span class=\"yt-core-attributed-string--link-inherit-color\" dir=\"auto\"><a class=\"yt-core-attributed-string__link yt-core-attributed-string__link--call-to-action-color\" tabindex=\"0\" href=\"https:\/\/www.youtube.com\/hashtag\/tourdumonde\" target=\"\">#tourdumonde<\/a><\/span> <\/span><\/p>\n<p><span class=\"yt-core-attributed-string yt-core-attributed-string--white-space-pre-wrap\" dir=\"auto\"><span class=\"yt-core-attributed-string--link-inherit-color\" dir=\"auto\">Abonnez-vous \u00e0 la cha\u00eene ARTE<span class=\"yt-core-attributed-string--highlight-text-decorator\" dir=\"auto\"><a class=\"yt-core-attributed-string__link yt-core-attributed-string__link--call-to-action-color\" tabindex=\"0\" href=\"https:\/\/www.youtube.com\/channel\/UCwI-JbGNsojunnHbFAc0M4Q\" target=\"\" aria-label=\"YouTube Channel Link: @arte\">\u00a0\u00a0<span class=\"yt-core-attributed-string--inline-block-mod\"><img decoding=\"async\" class=\"ytCoreImageHost yt-core-attributed-string__image-element yt-core-attributed-string__image-element--image-alignment-vertical-center ytCoreImageContentModeScaleToFill ytCoreImageLoaded\" src=\"https:\/\/www.gstatic.com\/youtube\/img\/watch\/yt_favicon_ringo2.png\" alt=\"\" \/><\/span>\u00a0\/\u00a0@arte\u00a0\u00a0<\/a><\/span><\/span> <\/span><\/p>\n<p><span class=\"yt-core-attributed-string yt-core-attributed-string--white-space-pre-wrap\" dir=\"auto\"><span class=\"yt-core-attributed-string--link-inherit-color\" dir=\"auto\">Suivez-nous sur les r\u00e9seaux ! <\/span><\/span><\/p>\n<p><span class=\"yt-core-attributed-string yt-core-attributed-string--white-space-pre-wrap\" dir=\"auto\"><span class=\"yt-core-attributed-string--link-inherit-color\" dir=\"auto\">Facebook : <\/span><span class=\"yt-core-attributed-string--link-inherit-color\" dir=\"auto\"><span class=\"yt-core-attributed-string--highlight-text-decorator\" dir=\"auto\"><a class=\"yt-core-attributed-string__link yt-core-attributed-string__link--call-to-action-color\" tabindex=\"0\" href=\"https:\/\/www.youtube.com\/redirect?event=video_description&amp;redir_token=QUFFLUhqbGJWY1FJeHRfcHE1QlZrblo3Y2d5aXZJMmlKQXxBQ3Jtc0tsWExHc29RVXJaYjlDdE5zdVZubmlLYWMtbGlENC1QRm5SdFkxeUdUZlZ3Yi1RczJLbXJERG5pdkhueU5EMXlyWkZYV2xkbGxLZTIxSnd2aTFDck1WSTE4LTNFeDJoOXl0aU5hTWd3ZDFza1d4UmxiMA&amp;q=http%3A%2F%2Fwww.facebook.com%2Fartetv&amp;v=QDu0C8HFn9k\" target=\"_blank\" rel=\"nofollow noopener\" aria-label=\"Facebook Channel Link: artetv\">\u00a0<span class=\"yt-core-attributed-string--inline-block-mod\"><img decoding=\"async\" class=\"ytCoreImageHost yt-core-attributed-string__image-element yt-core-attributed-string__image-element--image-alignment-vertical-center ytCoreImageContentModeScaleToFill ytCoreImageLoaded\" src=\"https:\/\/www.gstatic.com\/youtube\/img\/watch\/social_media\/facebook_1x.png\" alt=\"\" \/><\/span>\u00a0\/\u00a0artetv\u00a0\u00a0<\/a><\/span><\/span> <\/span><\/p>\n<p><span class=\"yt-core-attributed-string yt-core-attributed-string--white-space-pre-wrap\" dir=\"auto\"><span class=\"yt-core-attributed-string--link-inherit-color\" dir=\"auto\">Twitter : <\/span><span class=\"yt-core-attributed-string--link-inherit-color\" dir=\"auto\"><span class=\"yt-core-attributed-string--highlight-text-decorator\" dir=\"auto\"><a class=\"yt-core-attributed-string__link yt-core-attributed-string__link--call-to-action-color\" tabindex=\"0\" href=\"https:\/\/www.youtube.com\/redirect?event=video_description&amp;redir_token=QUFFLUhqbkRwVHNLdnhkX3hPamxBenp6TldTZlJET3o0Z3xBQ3Jtc0trbnZOVUQwUUdYVTlYUWZ3bWhJVDNQMnloZWVDdkg3cUxscTdXNjExNjJBNmdQUHJlZ2NKWUwwQUkta3UxREQtSmpiX296RHBPdTRTN3BSM0xEcXhWSERIMWcxZEp3eGRFV3pKeFJVR2o3SFppWUlpRQ&amp;q=http%3A%2F%2Fwww.twitter.com%2Fartefr&amp;v=QDu0C8HFn9k\" target=\"_blank\" rel=\"nofollow noopener\" aria-label=\"Twitter Channel Link: artefr\">\u00a0<span class=\"yt-core-attributed-string--inline-block-mod\"><img decoding=\"async\" class=\"ytCoreImageHost yt-core-attributed-string__image-element yt-core-attributed-string__image-element--image-alignment-vertical-center ytCoreImageContentModeScaleToFill ytCoreImageLoaded\" src=\"https:\/\/www.gstatic.com\/youtube\/img\/watch\/social_media\/twitter_1x_v2.png\" alt=\"\" \/><\/span>\u00a0\/\u00a0artefr\u00a0\u00a0<\/a><\/span><\/span><\/span><\/p>\n<p><span class=\"yt-core-attributed-string yt-core-attributed-string--white-space-pre-wrap\" dir=\"auto\"><span class=\"yt-core-attributed-string--link-inherit-color\" dir=\"auto\"> Instagram : <\/span><span class=\"yt-core-attributed-string--link-inherit-color\" dir=\"auto\"><span class=\"yt-core-attributed-string--highlight-text-decorator\" dir=\"auto\"><a class=\"yt-core-attributed-string__link yt-core-attributed-string__link--call-to-action-color\" tabindex=\"0\" href=\"https:\/\/www.youtube.com\/redirect?event=video_description&amp;redir_token=QUFFLUhqbUpaVURrTjVQR1V0VUdUdDA1cWl4Y2VBSW50QXxBQ3Jtc0tuY2FRSlJVaExPMjhnSUtYQ2h2d1VvdjNtM0pQZVBoMExhck1wWjk1aktqODFWSWpoN0RFSEU1Q25jR3F6WkdTR3lBV0FHZWp2a2YwemJEbVlpYll0eXJ6TEFKQnJQM2ZwY0dQdm53NnNHRTNzN2g1bw&amp;q=https%3A%2F%2Fwww.instagram.com%2Fartefr&amp;v=QDu0C8HFn9k\" target=\"_blank\" rel=\"nofollow noopener\" aria-label=\"Instagram Channel Link: artefr\">\u00a0<span class=\"yt-core-attributed-string--inline-block-mod\"><img decoding=\"async\" class=\"ytCoreImageHost yt-core-attributed-string__image-element yt-core-attributed-string__image-element--image-alignment-vertical-center ytCoreImageContentModeScaleToFill ytCoreImageLoaded\" src=\"https:\/\/www.gstatic.com\/youtube\/img\/watch\/social_media\/instagram_1x.png\" alt=\"\" \/><\/span>\u00a0\/\u00a0artefr\u00a0\u00a0<\/a><\/span><\/span><\/span><\/p>\n","protected":false},"excerpt":{"rendered":"<p>S\u00e9rie documentaire disponible en rediffusion jusqu&rsquo;au 20\/04\/2026 Entre 1519 et 1522, la flotte du navigateur&#8230;<\/p>\n","protected":false},"author":1,"featured_media":1224,"comment_status":"open","ping_status":"closed","sticky":false,"template":"","format":"standard","meta":{"_bbp_topic_count":0,"_bbp_reply_count":0,"_bbp_total_topic_count":0,"_bbp_total_reply_count":0,"_bbp_voice_count":0,"_bbp_anonymous_reply_count":0,"_bbp_topic_count_hidden":0,"_bbp_reply_count_hidden":0,"_bbp_forum_subforum_count":0,"_crdt_document":"","_jetpack_memberships_contains_paid_content":false,"footnotes":"","jetpack_publicize_message":"","jetpack_publicize_feature_enabled":true,"jetpack_social_post_already_shared":true,"jetpack_social_options":{"image_generator_settings":{"template":"highway","default_image_id":0,"font":"","enabled":false},"version":2}},"categories":[644,483,3,83,40,392,661,7],"tags":[],"class_list":["post-1223","post","type-post","status-publish","format-standard","has-post-thumbnail","hentry","category-culture","category-documentaire","category-film","category-histoire","category-hommage","category-international","category-reportage","category-television"],"jetpack_publicize_connections":[],"jetpack_featured_media_url":"https:\/\/www.laurensoff.com\/wordpress\/wp-content\/uploads\/2025\/11\/magellan.jpg","jetpack_sharing_enabled":true,"_links":{"self":[{"href":"https:\/\/www.laurensoff.com\/wordpress\/wp-json\/wp\/v2\/posts\/1223","targetHints":{"allow":["GET"]}}],"collection":[{"href":"https:\/\/www.laurensoff.com\/wordpress\/wp-json\/wp\/v2\/posts"}],"about":[{"href":"https:\/\/www.laurensoff.com\/wordpress\/wp-json\/wp\/v2\/types\/post"}],"author":[{"embeddable":true,"href":"https:\/\/www.laurensoff.com\/wordpress\/wp-json\/wp\/v2\/users\/1"}],"replies":[{"embeddable":true,"href":"https:\/\/www.laurensoff.com\/wordpress\/wp-json\/wp\/v2\/comments?post=1223"}],"version-history":[{"count":1,"href":"https:\/\/www.laurensoff.com\/wordpress\/wp-json\/wp\/v2\/posts\/1223\/revisions"}],"predecessor-version":[{"id":1225,"href":"https:\/\/www.laurensoff.com\/wordpress\/wp-json\/wp\/v2\/posts\/1223\/revisions\/1225"}],"wp:featuredmedia":[{"embeddable":true,"href":"https:\/\/www.laurensoff.com\/wordpress\/wp-json\/wp\/v2\/media\/1224"}],"wp:attachment":[{"href":"https:\/\/www.laurensoff.com\/wordpress\/wp-json\/wp\/v2\/media?parent=1223"}],"wp:term":[{"taxonomy":"category","embeddable":true,"href":"https:\/\/www.laurensoff.com\/wordpress\/wp-json\/wp\/v2\/categories?post=1223"},{"taxonomy":"post_tag","embeddable":true,"href":"https:\/\/www.laurensoff.com\/wordpress\/wp-json\/wp\/v2\/tags?post=1223"}],"curies":[{"name":"wp","href":"https:\/\/api.w.org\/{rel}","templated":true}]}}