{"id":1218,"date":"2025-11-24T11:00:14","date_gmt":"2025-11-24T10:00:14","guid":{"rendered":"https:\/\/www.laurensoff.com\/wordpress\/?p=1218"},"modified":"2025-11-24T11:00:56","modified_gmt":"2025-11-24T10:00:56","slug":"la-bd-en-2d-et-3d-exposition-du-27-novembre-au-19-decembre-2025-galerie-dart-le-moulin-la-valette-du-var-83","status":"publish","type":"post","link":"https:\/\/www.laurensoff.com\/wordpress\/la-bd-en-2d-et-3d-exposition-du-27-novembre-au-19-decembre-2025-galerie-dart-le-moulin-la-valette-du-var-83\/","title":{"rendered":"LA BD EN 2D\u2026 ET 3D EXPOSITION DU 27 NOVEMBRE AU 19 D\u00c9CEMBRE 2025 Galerie d\u2019art Le Moulin La Valette-du-Var 83"},"content":{"rendered":"<div class=\"wp-block-media-text is-stacked-on-mobile\">\n<div class=\"wp-block-media-text__content\">\n<h3 class=\"wp-block-heading has-text-align-center has-vivid-red-color has-text-color has-link-color wp-elements-ed17b0130f0bf9f4bb87702b5a5ecd0e\" style=\"text-align: left;\"><strong><mark class=\"has-inline-color has-vivid-red-color\">LA BD EN 2D\u2026 ET 3D<\/mark><\/strong><\/h3>\n<ul style=\"text-align: left;\">\n<li class=\"has-text-align-center\">Olivier LUBRANO DI CICCONE<\/li>\n<li class=\"has-text-align-center\">Vincent PROU<\/li>\n<li class=\"has-text-align-center\">MERODRY<\/li>\n<li class=\"has-text-align-center\">XZAV<\/li>\n<li class=\"has-text-align-center\">Jo\u00ebl ARFI<\/li>\n<\/ul>\n<p class=\"has-text-align-center has-vivid-red-color has-text-color has-link-color wp-elements-5ba4cac7cca9533ff4827f98135d3bf2\" style=\"text-align: left;\"><strong>VERNISSAGE MERCREDI 26 NOVEMBRE \u00c0 18H30<\/strong><\/p>\n<\/div>\n<\/div>\n<div class=\"wp-block-spacer\" aria-hidden=\"true\"><img loading=\"lazy\" decoding=\"async\" class=\"alignnone wp-image-1219\" src=\"https:\/\/www.laurensoff.com\/wordpress\/wp-content\/uploads\/2025\/11\/La-BD-en-2D.et-3D-760x500-1.jpg\" alt=\"\" width=\"470\" height=\"309\" \/><\/div>\n<p>Plongez dans l\u2019univers fascinant de la bande dessin\u00e9e sous toutes ses formes avec l\u2019exposition <strong>\u00ab La BD en 2D\u2026 et 3D \u00bb<\/strong>, qui r\u00e9unit cinq artistes aux univers aussi vari\u00e9s que compl\u00e9mentaires. Illustrations, sculptures, art num\u00e9rique\u2026 ici, la BD se vit autant en dessin qu\u2019en volume !<\/p>\n<h3 class=\"wp-block-heading\"><strong>Les artistes expos\u00e9s<\/strong><\/h3>\n<p><strong>\u2022 Vincent PROU \u2013 Auteur-illustrateur de BD<\/strong><br \/>\nPassionn\u00e9 de dessin depuis l\u2019enfance, form\u00e9 aux Beaux-Arts et \u00e0 la communication visuelle, il a explor\u00e9 aussi bien le graphisme que le tatouage avant de se consacrer pleinement \u00e0 l\u2019illustration. Son style narratif et son sens du trait donnent vie \u00e0 des histoires riches et rythm\u00e9es.<\/p>\n<p><strong>\u2022 Olivier LUBRANO DI CICCONE \u2013 Auteur-illustrateur de BD<\/strong><br \/>\nValettois d\u2019origine, sc\u00e9nariste et dessinateur, il puise son inspiration dans le comics, le manga et les grands classiques franco-belges. Son style pr\u00e9cis et d\u00e9taill\u00e9 marque chacune de ses planches.<\/p>\n<p><strong>\u2022 MERODRY (Louis BALDISSERA) \u2013 Sculpteur et illustrateur num\u00e9rique<\/strong><br \/>\nJeune artiste varois autodidacte, il marie art num\u00e9rique, d\u00e9coupe laser et influences asiatiques pour cr\u00e9er des \u0153uvres fantastiques, modernes et oniriques, oscillant entre tradition et innovation.<\/p>\n<p><strong>\u2022 XZAV \u2013 Sculpteur d\u2019objets m\u00e9talliques de r\u00e9cup\u00e9ration<\/strong><br \/>\nCet artiste d\u00e9tourne pi\u00e8ces m\u00e9caniques et objets du quotidien pour leur offrir une seconde vie. Ses sculptures, inspir\u00e9es du fantastique, de la nature ou de l\u2019imaginaire, prennent forme sur son \u00e9tabli avec une cr\u00e9ativit\u00e9 d\u00e9bordante.<\/p>\n<p><strong>\u2022 Jo\u00ebl ARFI \u2013 Sculpteur de personnages en bronze<\/strong><br \/>\nInspir\u00e9 de la BD \u00ab ligne claire \u00bb, il met en sc\u00e8ne des personnages du quotidien, r\u00e9alistes, expressifs et parfois r\u00eaveurs. Ses sculptures racontent la vie avec sensibilit\u00e9 et po\u00e9sie.<\/p>\n<hr class=\"wp-block-separator has-alpha-channel-opacity\" \/>\n<p>\ud83d\udcc5 <strong>D\u00e9dicaces BD<\/strong><br \/>\nRencontrez les auteurs et faites d\u00e9dicacer vos albums :<br \/>\n<strong>Les samedis 29 novembre et 13 d\u00e9cembre<\/strong>, de <strong>10h \u00e0 13h<\/strong>.<\/p>\n<hr class=\"wp-block-separator has-alpha-channel-opacity\" \/>\n<p>Une exposition originale o\u00f9 la BD se d\u00e9couvre en 2D\u2026 mais aussi en volume, entre cr\u00e9ativit\u00e9, humour, po\u00e9sie et imagination !<\/p>\n<figure class=\"wp-block-table aligncenter is-style-stripes\">\n<table>\n<thead>\n<tr>\n<th class=\"has-text-align-center\" data-align=\"center\"><strong><mark class=\"has-inline-color has-vivid-red-color\">EXPOSITION DU 27 NOVEMBRE AU 19 D\u00c9CEMBRE 2025<\/mark><\/strong><\/th>\n<\/tr>\n<\/thead>\n<tbody>\n<tr>\n<td class=\"has-text-align-center\" data-align=\"center\"><strong>Galerie d\u2019art Le Moulin<\/strong><br \/>\n8, avenue Aristide-Briand<br \/>\n83160 La Valette-du-Var<br \/>\n06 07 75 43 31<\/td>\n<\/tr>\n<tr>\n<td class=\"has-text-align-center\" data-align=\"center\">Ouvert le lundi de 9h \u00e0 12h (ferm\u00e9 l\u2019apr\u00e8s-midi)<br \/>\ndu mardi au vendredi<br \/>\nde 9h \u00e0 12h et de 15h \u00e0 18h<br \/>\n<img loading=\"lazy\" decoding=\"async\" class=\"alignnone wp-image-1220\" src=\"https:\/\/www.laurensoff.com\/wordpress\/wp-content\/uploads\/2025\/11\/Valette-du-Var-vectoriel-quadri.png\" alt=\"\" width=\"245\" height=\"180\" srcset=\"https:\/\/www.laurensoff.com\/wordpress\/wp-content\/uploads\/2025\/11\/Valette-du-Var-vectoriel-quadri.png 886w, https:\/\/www.laurensoff.com\/wordpress\/wp-content\/uploads\/2025\/11\/Valette-du-Var-vectoriel-quadri-300x220.png 300w, https:\/\/www.laurensoff.com\/wordpress\/wp-content\/uploads\/2025\/11\/Valette-du-Var-vectoriel-quadri-768x563.png 768w, https:\/\/www.laurensoff.com\/wordpress\/wp-content\/uploads\/2025\/11\/Valette-du-Var-vectoriel-quadri-600x440.png 600w\" sizes=\"auto, (max-width: 245px) 100vw, 245px\" \/><br \/>\nService Culturel :<br \/>\n04 94 23 36 49<\/td>\n<\/tr>\n<\/tbody>\n<\/table>\n<\/figure>\n","protected":false},"excerpt":{"rendered":"<p>LA BD EN 2D\u2026 ET 3D Olivier LUBRANO DI CICCONE Vincent PROU MERODRY XZAV Jo\u00ebl&#8230;<\/p>\n","protected":false},"author":1,"featured_media":1219,"comment_status":"open","ping_status":"closed","sticky":false,"template":"","format":"standard","meta":{"_bbp_topic_count":0,"_bbp_reply_count":0,"_bbp_total_topic_count":0,"_bbp_total_reply_count":0,"_bbp_voice_count":0,"_bbp_anonymous_reply_count":0,"_bbp_topic_count_hidden":0,"_bbp_reply_count_hidden":0,"_bbp_forum_subforum_count":0,"_crdt_document":"","_jetpack_memberships_contains_paid_content":false,"footnotes":"","jetpack_publicize_message":"","jetpack_publicize_feature_enabled":true,"jetpack_social_post_already_shared":true,"jetpack_social_options":{"image_generator_settings":{"template":"highway","default_image_id":0,"font":"","enabled":false},"version":2}},"categories":[643,344,17,16,170],"tags":[],"class_list":["post-1218","post","type-post","status-publish","format-standard","has-post-thumbnail","hentry","category-agenda","category-artiste","category-arts-plastiques","category-exposition","category-la-valette-du-var"],"jetpack_publicize_connections":[],"jetpack_featured_media_url":"https:\/\/www.laurensoff.com\/wordpress\/wp-content\/uploads\/2025\/11\/La-BD-en-2D.et-3D-760x500-1-e1763978395442.jpg","jetpack_sharing_enabled":true,"_links":{"self":[{"href":"https:\/\/www.laurensoff.com\/wordpress\/wp-json\/wp\/v2\/posts\/1218","targetHints":{"allow":["GET"]}}],"collection":[{"href":"https:\/\/www.laurensoff.com\/wordpress\/wp-json\/wp\/v2\/posts"}],"about":[{"href":"https:\/\/www.laurensoff.com\/wordpress\/wp-json\/wp\/v2\/types\/post"}],"author":[{"embeddable":true,"href":"https:\/\/www.laurensoff.com\/wordpress\/wp-json\/wp\/v2\/users\/1"}],"replies":[{"embeddable":true,"href":"https:\/\/www.laurensoff.com\/wordpress\/wp-json\/wp\/v2\/comments?post=1218"}],"version-history":[{"count":2,"href":"https:\/\/www.laurensoff.com\/wordpress\/wp-json\/wp\/v2\/posts\/1218\/revisions"}],"predecessor-version":[{"id":1222,"href":"https:\/\/www.laurensoff.com\/wordpress\/wp-json\/wp\/v2\/posts\/1218\/revisions\/1222"}],"wp:featuredmedia":[{"embeddable":true,"href":"https:\/\/www.laurensoff.com\/wordpress\/wp-json\/wp\/v2\/media\/1219"}],"wp:attachment":[{"href":"https:\/\/www.laurensoff.com\/wordpress\/wp-json\/wp\/v2\/media?parent=1218"}],"wp:term":[{"taxonomy":"category","embeddable":true,"href":"https:\/\/www.laurensoff.com\/wordpress\/wp-json\/wp\/v2\/categories?post=1218"},{"taxonomy":"post_tag","embeddable":true,"href":"https:\/\/www.laurensoff.com\/wordpress\/wp-json\/wp\/v2\/tags?post=1218"}],"curies":[{"name":"wp","href":"https:\/\/api.w.org\/{rel}","templated":true}]}}