{"id":1214,"date":"2025-11-23T19:42:28","date_gmt":"2025-11-23T18:42:28","guid":{"rendered":"https:\/\/www.laurensoff.com\/wordpress\/?p=1214"},"modified":"2025-11-24T12:46:28","modified_gmt":"2025-11-24T11:46:28","slug":"la-cathedrale-de-la-major-est-devenue-lecrin-de-lexposition-lumieres-celestes-de-lartiste-marcoville","status":"publish","type":"post","link":"https:\/\/www.laurensoff.com\/wordpress\/la-cathedrale-de-la-major-est-devenue-lecrin-de-lexposition-lumieres-celestes-de-lartiste-marcoville\/","title":{"rendered":"La cath\u00e9drale de la Major est devenue l&rsquo;\u00e9crin de l&rsquo;exposition \u00ab Lumi\u00e8res c\u00e9lestes \u00bb de l&rsquo;artiste #marcoville"},"content":{"rendered":"<p><span class=\"x193iq5w xeuugli x13faqbe x1vvkbs x1xmvt09 x1lliihq x1s928wv xhkezso x1gmr53x x1cpjm7i x1fgarty x1943h6x xudqn12 x3x7a5m x6prxxf xvq8zen xo1l8bm xzsf02u x1yc453h\" dir=\"auto\">EXPOSITION \/ Depuis le 15 octobre et jusqu&rsquo;au 8 mars 2026, la cath\u00e9drale de la Major est devenue l&rsquo;\u00e9crin de l&rsquo;exposition \u00ab Lumi\u00e8res c\u00e9lestes \u00bb de l&rsquo;artiste <span class=\"html-span xdj266r x14z9mp xat24cr x1lziwak xexx8yu xyri2b x18d9i69 x1c1uobl x1hl2dhg x16tdsg8 x1vvkbs\"><a class=\"x1i10hfl xjbqb8w x1ejq31n x18oe1m7 x1sy0etr xstzfhl x972fbf x10w94by x1qhh985 x14e42zd x9f619 x1ypdohk xt0psk2 x3ct3a4 xdj266r x14z9mp xat24cr x1lziwak xexx8yu xyri2b x18d9i69 x1c1uobl x16tdsg8 x1hl2dhg xggy1nq x1a2a7pz xkrqix3 x1sur9pj x1fey0fg x1s688f\" tabindex=\"0\" role=\"link\" href=\"https:\/\/www.facebook.com\/hashtag\/marcoville?__eep__=6&amp;__cft__[0]=AZWvq_WHJ3P9X_cKT5sgaDrw53aorb02oCuCTJYdI_GCer7HuwvWHrEbTDHFNNFP71OeEZHimWdc9sLC0uTdkUBy8vLtvjyOexkNz4UX0-IAAY15ePRU9foNS49lzjJ3iWK-5DMYFcZG7F-zUG4xPYAXu4ytRL5FaX09BAY7z-ErwwCBtcWRiHh42CAOwot5UFE&amp;__tn__=*NK-R\">#marcoville<\/a><\/span>. Une d\u00e9marche artistique hors-norme marqu\u00e9e \u00e0 la fois par le c\u00f4t\u00e9 monumental des sculptures en verre et le choix de travailler sur des mat\u00e9riaux de rebut.<\/span><\/p>\n<p><a href=\"https:\/\/diocese-marseille.fr\/lumieres-celestes-a-la-major\/\">https:\/\/diocese-marseille.fr\/lumieres-celestes-a-la-major\/<\/a><\/p>\n<p><img loading=\"lazy\" decoding=\"async\" class=\"alignnone wp-image-1216\" src=\"https:\/\/www.laurensoff.com\/wordpress\/wp-content\/uploads\/2025\/11\/expo-major-1024x460-panorama-b2f4e5fc7686b6dd34b9638a240d1499-5a204vs7ylun.jpg\" alt=\"\" width=\"506\" height=\"253\" srcset=\"https:\/\/www.laurensoff.com\/wordpress\/wp-content\/uploads\/2025\/11\/expo-major-1024x460-panorama-b2f4e5fc7686b6dd34b9638a240d1499-5a204vs7ylun.jpg 920w, https:\/\/www.laurensoff.com\/wordpress\/wp-content\/uploads\/2025\/11\/expo-major-1024x460-panorama-b2f4e5fc7686b6dd34b9638a240d1499-5a204vs7ylun-300x150.jpg 300w, https:\/\/www.laurensoff.com\/wordpress\/wp-content\/uploads\/2025\/11\/expo-major-1024x460-panorama-b2f4e5fc7686b6dd34b9638a240d1499-5a204vs7ylun-768x384.jpg 768w, https:\/\/www.laurensoff.com\/wordpress\/wp-content\/uploads\/2025\/11\/expo-major-1024x460-panorama-b2f4e5fc7686b6dd34b9638a240d1499-5a204vs7ylun-600x300.jpg 600w\" sizes=\"auto, (max-width: 506px) 100vw, 506px\" \/><\/p>\n<p>&nbsp;<\/p>\n","protected":false},"excerpt":{"rendered":"<p>EXPOSITION \/ Depuis le 15 octobre et jusqu&rsquo;au 8 mars 2026, la cath\u00e9drale de la&#8230;<\/p>\n","protected":false},"author":1,"featured_media":1215,"comment_status":"open","ping_status":"closed","sticky":false,"template":"","format":"standard","meta":{"_bbp_topic_count":0,"_bbp_reply_count":0,"_bbp_total_topic_count":0,"_bbp_total_reply_count":0,"_bbp_voice_count":0,"_bbp_anonymous_reply_count":0,"_bbp_topic_count_hidden":0,"_bbp_reply_count_hidden":0,"_bbp_forum_subforum_count":0,"_crdt_document":"","_jetpack_memberships_contains_paid_content":false,"footnotes":"","jetpack_publicize_message":"","jetpack_publicize_feature_enabled":true,"jetpack_social_post_already_shared":true,"jetpack_social_options":{"image_generator_settings":{"template":"highway","default_image_id":0,"font":"","enabled":false},"version":2}},"categories":[344,15,17,16,42],"tags":[],"class_list":["post-1214","post","type-post","status-publish","format-standard","has-post-thumbnail","hentry","category-artiste","category-arts","category-arts-plastiques","category-exposition","category-marseille"],"jetpack_publicize_connections":[],"jetpack_featured_media_url":"https:\/\/www.laurensoff.com\/wordpress\/wp-content\/uploads\/2025\/11\/yilyil-e1763923256767.jpeg","jetpack_sharing_enabled":true,"_links":{"self":[{"href":"https:\/\/www.laurensoff.com\/wordpress\/wp-json\/wp\/v2\/posts\/1214","targetHints":{"allow":["GET"]}}],"collection":[{"href":"https:\/\/www.laurensoff.com\/wordpress\/wp-json\/wp\/v2\/posts"}],"about":[{"href":"https:\/\/www.laurensoff.com\/wordpress\/wp-json\/wp\/v2\/types\/post"}],"author":[{"embeddable":true,"href":"https:\/\/www.laurensoff.com\/wordpress\/wp-json\/wp\/v2\/users\/1"}],"replies":[{"embeddable":true,"href":"https:\/\/www.laurensoff.com\/wordpress\/wp-json\/wp\/v2\/comments?post=1214"}],"version-history":[{"count":2,"href":"https:\/\/www.laurensoff.com\/wordpress\/wp-json\/wp\/v2\/posts\/1214\/revisions"}],"predecessor-version":[{"id":1226,"href":"https:\/\/www.laurensoff.com\/wordpress\/wp-json\/wp\/v2\/posts\/1214\/revisions\/1226"}],"wp:featuredmedia":[{"embeddable":true,"href":"https:\/\/www.laurensoff.com\/wordpress\/wp-json\/wp\/v2\/media\/1215"}],"wp:attachment":[{"href":"https:\/\/www.laurensoff.com\/wordpress\/wp-json\/wp\/v2\/media?parent=1214"}],"wp:term":[{"taxonomy":"category","embeddable":true,"href":"https:\/\/www.laurensoff.com\/wordpress\/wp-json\/wp\/v2\/categories?post=1214"},{"taxonomy":"post_tag","embeddable":true,"href":"https:\/\/www.laurensoff.com\/wordpress\/wp-json\/wp\/v2\/tags?post=1214"}],"curies":[{"name":"wp","href":"https:\/\/api.w.org\/{rel}","templated":true}]}}